{"id":1605,"date":"2013-11-26T08:08:41","date_gmt":"2013-11-26T07:08:41","guid":{"rendered":"http:\/\/fredrikstad.katolsk.no\/?p=1605"},"modified":"2013-11-26T08:10:51","modified_gmt":"2013-11-26T07:10:51","slug":"kjaere-alle-rause-givere","status":"publish","type":"post","link":"https:\/\/fredrikstad.katolsk.no\/?p=1605","title":{"rendered":"Kj\u00e6re alle rause givere!"},"content":{"rendered":"<p>P\u00e5 vegne av alle mine tyfonrammede landsmenn vil jeg gjerne takke dere for all hjelp og st\u00f8tte som dere viste og fortsatt viser oss etter at super tyfon Haiyan\/Yolanda rammet s\u00f8r Filippinene tidlig i november.<\/p>\n<div>Den filippinske befolkning i Norge er r\u00f8rt at hele Norge mobiliserte seg for \u00e5 gi oss b\u00e5de finansiell og annet slags materiell hjelp.<\/div>\n<div><\/div>\n<div>Vi takker alle v\u00e5re katolske trosfeller i dette landet spesielt Caritas for dens hjelp. For tiden er b\u00e5de generalsekrat\u00e6r Marta Skretteberg p\u00e5 Filippinene og t.o.m. fhv menighetsmedlem Alexander Golding der nede p\u00e5 befaring.<\/div>\n<div><\/div>\n<div>Kirkekollekten i OKB og prelaturet Trondheim helgen 16.\/17. november er n\u00e5 kommet opp til 700.000 norske kroner.<\/div>\n<div><\/div>\n<div><\/div>\n<div><\/div>\n<div>Vi takker ogs\u00e5 v\u00e5r Biskop Bernt som forretett en pontifikal requiemmesse for de d\u00f8de sammen med andre prester forrige fredag.<\/div>\n<div><\/div>\n<div><\/div>\n<div>V\u00e5r egen prestemoderator P Amando Alfaro var selvsagt tilstede.<\/div>\n<div>Noen av prestestudenter\/seminarister ministrerte ved den h\u00f8ytidelige seremonien.<\/div>\n<div><\/div>\n<div><\/div>\n<div>Requiemmessen ble feiret i en fullsatt Bredtvet kirke, det siste tilskuddet i v\u00e5re katolske kirker i OKB.<\/div>\n<div><\/div>\n<div><\/div>\n<div>M\u00e5 Gud velsigne alle dere som har bidratt med hjelp!<\/div>\n<div><\/div>\n<div><\/div>\n<div><\/div>\n<div>Alma Fabella-Karlsen<\/div>\n<div><\/div>\n<div>Pressetalsansvarlig for Santo Nino gruppen i Nedre Glomma regionen<\/div>\n","protected":false},"excerpt":{"rendered":"<p>P\u00e5 vegne av alle mine tyfonrammede landsmenn vil jeg gjerne takke dere for all hjelp og st\u00f8tte som dere viste og fortsatt viser oss etter at super tyfon Haiyan\/Yolanda rammet s\u00f8r Filippinene tidlig i november. Den filippinske befolkning i Norge &hellip; <a href=\"https:\/\/fredrikstad.katolsk.no\/?p=1605\">Les videre <span class=\"meta-nav\">&rarr;<\/span><\/a><\/p>\n","protected":false},"author":3,"featured_media":0,"comment_status":"closed","ping_status":"open","sticky":false,"template":"","format":"standard","meta":{"footnotes":""},"categories":[1],"tags":[],"class_list":["post-1605","post","type-post","status-publish","format-standard","hentry","category-uncategorized"],"_links":{"self":[{"href":"https:\/\/fredrikstad.katolsk.no\/index.php?rest_route=\/wp\/v2\/posts\/1605","targetHints":{"allow":["GET"]}}],"collection":[{"href":"https:\/\/fredrikstad.katolsk.no\/index.php?rest_route=\/wp\/v2\/posts"}],"about":[{"href":"https:\/\/fredrikstad.katolsk.no\/index.php?rest_route=\/wp\/v2\/types\/post"}],"author":[{"embeddable":true,"href":"https:\/\/fredrikstad.katolsk.no\/index.php?rest_route=\/wp\/v2\/users\/3"}],"replies":[{"embeddable":true,"href":"https:\/\/fredrikstad.katolsk.no\/index.php?rest_route=%2Fwp%2Fv2%2Fcomments&post=1605"}],"version-history":[{"count":4,"href":"https:\/\/fredrikstad.katolsk.no\/index.php?rest_route=\/wp\/v2\/posts\/1605\/revisions"}],"predecessor-version":[{"id":1609,"href":"https:\/\/fredrikstad.katolsk.no\/index.php?rest_route=\/wp\/v2\/posts\/1605\/revisions\/1609"}],"wp:attachment":[{"href":"https:\/\/fredrikstad.katolsk.no\/index.php?rest_route=%2Fwp%2Fv2%2Fmedia&parent=1605"}],"wp:term":[{"taxonomy":"category","embeddable":true,"href":"https:\/\/fredrikstad.katolsk.no\/index.php?rest_route=%2Fwp%2Fv2%2Fcategories&post=1605"},{"taxonomy":"post_tag","embeddable":true,"href":"https:\/\/fredrikstad.katolsk.no\/index.php?rest_route=%2Fwp%2Fv2%2Ftags&post=1605"}],"curies":[{"name":"wp","href":"https:\/\/api.w.org\/{rel}","templated":true}]}}