{"id":17292,"date":"2024-08-16T15:14:16","date_gmt":"2024-08-16T13:14:16","guid":{"rendered":"https:\/\/fredrikstad.katolsk.no\/?p=17292"},"modified":"2024-08-16T15:14:17","modified_gmt":"2024-08-16T13:14:17","slug":"sondagsbrev-18-august-2024-jomfru-marias-opptagelse-i-himmelen-wniebowziecie-najswietszej-maryi-panny","status":"publish","type":"post","link":"https:\/\/fredrikstad.katolsk.no\/?p=17292","title":{"rendered":"S\u00f8ndagsbrev 18. august 2024.  Jomfru Marias opptagelse i himmelen.  Wniebowzi\u0119cie Naj\u015bwi\u0119tszej Maryi Panny."},"content":{"rendered":"\n<div class=\"wp-block-file\"><a id=\"wp-block-file--media-a0e31d08-30de-4daf-a688-71303036cc6c\" href=\"https:\/\/fredrikstad.katolsk.no\/wp-content\/uploads\/2024\/08\/ASSUMPTIO-2024-B.docx\">ASSUMPTIO &#8211; 2024 -B<\/a><a href=\"https:\/\/fredrikstad.katolsk.no\/wp-content\/uploads\/2024\/08\/ASSUMPTIO-2024-B.docx\" class=\"wp-block-file__button wp-element-button\" download aria-describedby=\"wp-block-file--media-a0e31d08-30de-4daf-a688-71303036cc6c\">Last ned<\/a><\/div>\n\n\n\n<p><strong>Lesninger:<\/strong><\/p>\n\n\n\n<div class=\"wp-block-file\"><a id=\"wp-block-file--media-08550883-e252-4714-a372-d630b1e7a6c0\" href=\"https:\/\/fredrikstad.katolsk.no\/wp-content\/uploads\/2024\/08\/Lesninger-Den-salige-Jomfru-Marias-opptagelse-i-himmelen-15.-august.docx\">Lesninger Den salige Jomfru Marias opptagelse i himmelen (15. august)<\/a><a href=\"https:\/\/fredrikstad.katolsk.no\/wp-content\/uploads\/2024\/08\/Lesninger-Den-salige-Jomfru-Marias-opptagelse-i-himmelen-15.-august.docx\" class=\"wp-block-file__button wp-element-button\" download aria-describedby=\"wp-block-file--media-08550883-e252-4714-a372-d630b1e7a6c0\">Last ned<\/a><\/div>\n\n\n\n<div class=\"wp-block-file\"><a id=\"wp-block-file--media-e8966d03-d5ca-4db1-9afc-a939dc50fe0b\" href=\"https:\/\/fredrikstad.katolsk.no\/wp-content\/uploads\/2024\/08\/Polsk-sondagsblad-Jomfru-Marias-opptagelse-i-himmelen-Wniebowziecie-Najswietszej-Maryi-Panny.docx\">Polsk s\u00f8ndagsblad -Jomfru Marias opptagelse i himmelen-Wniebowzi\u0119cie Naj\u015bwi\u0119tszej Maryi Panny<\/a><a href=\"https:\/\/fredrikstad.katolsk.no\/wp-content\/uploads\/2024\/08\/Polsk-sondagsblad-Jomfru-Marias-opptagelse-i-himmelen-Wniebowziecie-Najswietszej-Maryi-Panny.docx\" class=\"wp-block-file__button wp-element-button\" download aria-describedby=\"wp-block-file--media-e8966d03-d5ca-4db1-9afc-a939dc50fe0b\">Last ned<\/a><\/div>\n\n\n\n<div class=\"wp-block-file\"><a id=\"wp-block-file--media-cf0c9d92-1ddc-40d5-b465-b2ae8b5f96df\" href=\"https:\/\/fredrikstad.katolsk.no\/wp-content\/uploads\/2024\/08\/Solemnity-of-the-Assumption-of-the-Blessed-Virgin-Mary.docx\">Solemnity of the Assumption of the Blessed Virgin Mary<\/a><a href=\"https:\/\/fredrikstad.katolsk.no\/wp-content\/uploads\/2024\/08\/Solemnity-of-the-Assumption-of-the-Blessed-Virgin-Mary.docx\" class=\"wp-block-file__button wp-element-button\" download aria-describedby=\"wp-block-file--media-cf0c9d92-1ddc-40d5-b465-b2ae8b5f96df\">Last ned<\/a><\/div>\n\n\n\n<div class=\"wp-block-file\"><a id=\"wp-block-file--media-58ddf48e-f70a-4bd4-9690-0a34496d8ecc\" href=\"https:\/\/fredrikstad.katolsk.no\/wp-content\/uploads\/2024\/08\/Sekmadieno-skaitiniai-SVC.-M.-MARIJOS-EMIMAS-I-DANGU-ASSUMPTIO-B.docx\">Sekmadieno skaitiniai-\u0160V\u010c. M. MARIJOS \u0116MIMAS \u012e DANG\u0172  -ASSUMPTIO-B<\/a><a href=\"https:\/\/fredrikstad.katolsk.no\/wp-content\/uploads\/2024\/08\/Sekmadieno-skaitiniai-SVC.-M.-MARIJOS-EMIMAS-I-DANGU-ASSUMPTIO-B.docx\" class=\"wp-block-file__button wp-element-button\" download aria-describedby=\"wp-block-file--media-58ddf48e-f70a-4bd4-9690-0a34496d8ecc\">Last ned<\/a><\/div>\n\n\n\n<figure class=\"wp-block-image size-full is-resized\"><img loading=\"lazy\" decoding=\"async\" width=\"289\" height=\"400\" src=\"http:\/\/fredrikstad.katolsk.no\/wp-content\/uploads\/2020\/08\/Jomfru-Marias-opptagelse-i-himmelen.jpeg\" alt=\"\" class=\"wp-image-7299\" style=\"width:287px;height:auto\" srcset=\"https:\/\/fredrikstad.katolsk.no\/wp-content\/uploads\/2020\/08\/Jomfru-Marias-opptagelse-i-himmelen.jpeg 289w, https:\/\/fredrikstad.katolsk.no\/wp-content\/uploads\/2020\/08\/Jomfru-Marias-opptagelse-i-himmelen-217x300.jpeg 217w\" sizes=\"auto, (max-width: 289px) 100vw, 289px\" \/><\/figure>\n","protected":false},"excerpt":{"rendered":"<p>Lesninger:<\/p>\n","protected":false},"author":4,"featured_media":0,"comment_status":"closed","ping_status":"open","sticky":false,"template":"","format":"standard","meta":{"footnotes":""},"categories":[6,14,15,30],"tags":[],"class_list":["post-17292","post","type-post","status-publish","format-standard","hentry","category-nyheter","category-pa-engelsk","category-pa-polsk","category-sondagsbrev"],"_links":{"self":[{"href":"https:\/\/fredrikstad.katolsk.no\/index.php?rest_route=\/wp\/v2\/posts\/17292","targetHints":{"allow":["GET"]}}],"collection":[{"href":"https:\/\/fredrikstad.katolsk.no\/index.php?rest_route=\/wp\/v2\/posts"}],"about":[{"href":"https:\/\/fredrikstad.katolsk.no\/index.php?rest_route=\/wp\/v2\/types\/post"}],"author":[{"embeddable":true,"href":"https:\/\/fredrikstad.katolsk.no\/index.php?rest_route=\/wp\/v2\/users\/4"}],"replies":[{"embeddable":true,"href":"https:\/\/fredrikstad.katolsk.no\/index.php?rest_route=%2Fwp%2Fv2%2Fcomments&post=17292"}],"version-history":[{"count":1,"href":"https:\/\/fredrikstad.katolsk.no\/index.php?rest_route=\/wp\/v2\/posts\/17292\/revisions"}],"predecessor-version":[{"id":17298,"href":"https:\/\/fredrikstad.katolsk.no\/index.php?rest_route=\/wp\/v2\/posts\/17292\/revisions\/17298"}],"wp:attachment":[{"href":"https:\/\/fredrikstad.katolsk.no\/index.php?rest_route=%2Fwp%2Fv2%2Fmedia&parent=17292"}],"wp:term":[{"taxonomy":"category","embeddable":true,"href":"https:\/\/fredrikstad.katolsk.no\/index.php?rest_route=%2Fwp%2Fv2%2Fcategories&post=17292"},{"taxonomy":"post_tag","embeddable":true,"href":"https:\/\/fredrikstad.katolsk.no\/index.php?rest_route=%2Fwp%2Fv2%2Ftags&post=17292"}],"curies":[{"name":"wp","href":"https:\/\/api.w.org\/{rel}","templated":true}]}}