{"id":17342,"date":"2024-09-13T13:57:50","date_gmt":"2024-09-13T11:57:50","guid":{"rendered":"http:\/\/fredrikstad.katolsk.no\/?p=17342"},"modified":"2024-09-13T13:57:50","modified_gmt":"2024-09-13T11:57:50","slug":"trosundervisning-lordag-den-21-september-kl-9-45-hosttakkefest","status":"publish","type":"post","link":"https:\/\/fredrikstad.katolsk.no\/?p=17342","title":{"rendered":"Trosundervisning l\u00f8rdag den 21. september, kl. 9.45.  H\u00f8sttakkefest."},"content":{"rendered":"\n<p><strong><u>Kj\u00e6re elever og foreldre.&nbsp; Velkommen til trosundervisning (katekese) i St. Birgitta menighet!<\/u><\/strong><\/p>\n\n\n\n<p>Vi \u00f8nsker igjen velkommen til trosundervisning <strong>l\u00f8rdag den 21. september <\/strong>i St. Birgitta menighet. <strong>Neste undervisningsdag er det h\u00f8sttakkefest og vi ber om at man tar med seg frukt eller gr\u00f8nnsaker til velsignelse. Vi oppfordrer at foreldre kommer tidligere og deltar i familiemessen kl. 11.00.<\/strong><\/p>\n\n\n\n<p><strong>Undervisningsl\u00f8rdager for skole\u00e5ret 2024\/2025:<\/strong><\/p>\n\n\n\n<p><strong>&nbsp;&nbsp;&nbsp;&nbsp;&nbsp;&nbsp;&nbsp;&nbsp; &nbsp;&nbsp;&nbsp;&nbsp;&nbsp;&nbsp;&nbsp;&nbsp;&nbsp;&nbsp;&nbsp;&nbsp;&nbsp;&nbsp;&nbsp;&nbsp;&nbsp;&nbsp;&nbsp;&nbsp;&nbsp;&nbsp;&nbsp;&nbsp;&nbsp;&nbsp;&nbsp;&nbsp;&nbsp;&nbsp;&nbsp;&nbsp;&nbsp;&nbsp;&nbsp;&nbsp;&nbsp; 4. januar<\/strong><\/p>\n\n\n\n<p><strong>21. september&nbsp;&nbsp;&nbsp;&nbsp;&nbsp;&nbsp;&nbsp;&nbsp;&nbsp;&nbsp;&nbsp;&nbsp;&nbsp;&nbsp;&nbsp;&nbsp;&nbsp;&nbsp;&nbsp;&nbsp;&nbsp;&nbsp;&nbsp;&nbsp; 8. februar<\/strong><\/p>\n\n\n\n<p><strong>12. oktober&nbsp;&nbsp;&nbsp;&nbsp;&nbsp;&nbsp;&nbsp;&nbsp;&nbsp;&nbsp;&nbsp;&nbsp;&nbsp;&nbsp;&nbsp;&nbsp;&nbsp;&nbsp;&nbsp;&nbsp;&nbsp;&nbsp;&nbsp;&nbsp;&nbsp;&nbsp;&nbsp;&nbsp; 8<\/strong><strong>. mars<\/strong><\/p>\n\n\n\n<p><strong>2. november&nbsp;&nbsp;&nbsp;&nbsp;&nbsp;&nbsp;&nbsp;&nbsp;&nbsp;&nbsp;&nbsp;&nbsp;&nbsp;&nbsp;&nbsp;&nbsp;&nbsp;&nbsp;&nbsp;&nbsp;&nbsp;&nbsp;&nbsp;&nbsp;&nbsp;&nbsp; 5. april<\/strong><\/p>\n\n\n\n<p><strong>7. des<\/strong><strong>ember&nbsp;&nbsp;&nbsp;&nbsp;&nbsp;&nbsp;&nbsp;&nbsp;&nbsp;&nbsp;&nbsp;&nbsp;&nbsp;&nbsp;&nbsp;&nbsp;&nbsp;&nbsp; &nbsp;&nbsp;&nbsp;&nbsp;&nbsp;&nbsp;&nbsp; 26. april avslutning<\/strong><\/p>\n\n\n\n<p><strong>Undervisningsdagen forl\u00f8per slik:<\/strong><\/p>\n\n\n\n<p>Kl. 09.45 \u2013 10.45 Undervisning&nbsp;&nbsp;&nbsp;&nbsp;&nbsp;&nbsp;&nbsp;&nbsp;&nbsp;&nbsp;&nbsp;&nbsp;&nbsp;&nbsp;&nbsp;&nbsp;&nbsp;&nbsp;&nbsp;&nbsp;&nbsp;&nbsp; Kl. 11.45 \u2013 12.15 Lunsj (mat\/drikke serveres)<\/p>\n\n\n\n<p>Kl. 10.45 \u2013 11.00 Sang\u00f8velse&nbsp;&nbsp;&nbsp;&nbsp;&nbsp;&nbsp;&nbsp;&nbsp;&nbsp;&nbsp;&nbsp;&nbsp;&nbsp;&nbsp;&nbsp;&nbsp;&nbsp;&nbsp;&nbsp;&nbsp;&nbsp;&nbsp;&nbsp;&nbsp;&nbsp; Kl. 12.15 \u2013 13.15 Undervisning<\/p>\n\n\n\n<p>Kl. 11.00 \u2013 11.45 Messe<strong>&nbsp;&nbsp;&nbsp;&nbsp;&nbsp;&nbsp;&nbsp;&nbsp;&nbsp;&nbsp;&nbsp;&nbsp;&nbsp;&nbsp;&nbsp;&nbsp;&nbsp;&nbsp;&nbsp;&nbsp;&nbsp;&nbsp;&nbsp;&nbsp;&nbsp;&nbsp;&nbsp;&nbsp;&nbsp;&nbsp;&nbsp;&nbsp;&nbsp;&nbsp;<\/strong><\/p>\n\n\n\n<p><strong>Kateketer dette skole\u00e5ret:<\/strong><\/p>\n\n\n\n<p>1. klasse: Agnes Budnik og Michelle Cavalier&nbsp;&nbsp;&nbsp;&nbsp;&nbsp;&nbsp;&nbsp;&nbsp;&nbsp;&nbsp;&nbsp;&nbsp;&nbsp;&nbsp;&nbsp;&nbsp;&nbsp;&nbsp;&nbsp;&nbsp;&nbsp;&nbsp;<\/p>\n\n\n\n<p>2. klasse: Raja Toma Younan og Milena Kanabaj<\/p>\n\n\n\n<p>3. klasse: Ikke bestemt&nbsp;&nbsp;&nbsp;&nbsp;&nbsp;&nbsp;&nbsp;&nbsp;&nbsp;&nbsp;&nbsp;&nbsp;&nbsp;&nbsp;&nbsp; Assistent: Beatrice Bangela&nbsp;<\/p>\n\n\n\n<p>4. klasse: Emmie Braaten&nbsp;&nbsp;&nbsp;&nbsp;&nbsp;<\/p>\n\n\n\n<p>5. klasse: Nicholas Christiansen<\/p>\n\n\n\n<p>6. klasse: M\u00e5lfrid Norg\u00e5rd &nbsp;&nbsp;&nbsp;&nbsp;&nbsp;&nbsp;&nbsp;&nbsp;&nbsp;&nbsp;&nbsp;&nbsp;&nbsp;&nbsp;&nbsp;&nbsp;&nbsp;&nbsp;&nbsp;&nbsp;&nbsp;&nbsp;&nbsp;&nbsp;&nbsp;&nbsp;&nbsp;&nbsp;&nbsp;&nbsp;&nbsp;&nbsp;&nbsp;&nbsp;&nbsp;&nbsp;&nbsp;&nbsp;<\/p>\n\n\n\n<p>7. klasse: Elzbieta Hagen&nbsp; &nbsp;&nbsp;&nbsp;&nbsp;&nbsp;&nbsp;&nbsp;&nbsp;&nbsp;&nbsp;&nbsp;&nbsp;&nbsp;&nbsp;&nbsp;&nbsp;&nbsp;&nbsp;&nbsp;&nbsp;&nbsp;&nbsp;&nbsp;&nbsp;&nbsp;&nbsp;&nbsp;&nbsp;&nbsp;&nbsp;&nbsp;&nbsp;&nbsp;&nbsp;&nbsp;&nbsp;&nbsp;&nbsp;&nbsp;&nbsp;&nbsp;&nbsp;&nbsp;&nbsp;&nbsp;&nbsp;&nbsp;&nbsp;&nbsp;&nbsp;&nbsp;&nbsp;&nbsp;&nbsp;&nbsp;&nbsp;&nbsp;&nbsp;&nbsp;&nbsp;&nbsp;&nbsp;&nbsp;&nbsp;&nbsp;&nbsp;&nbsp;&nbsp;&nbsp;&nbsp;&nbsp;&nbsp;&nbsp;&nbsp;&nbsp;<\/p>\n\n\n\n<p>8. klasse: Ray Pereira<\/p>\n\n\n\n<p>Vikarer: Lars P. Kuran, &nbsp;Daniel Paszek, Christian Fladeby, Vigdis Maatje, og Peter Kuran<\/p>\n\n\n\n<p><strong><u>Katekesekontingent<\/u><\/strong><\/p>\n\n\n\n<p><strong>Alle barna i katekesen m\u00e5 betale en kontingent som g\u00e5r til \u00e5 dekke utgifter til mat og materiell.&nbsp; Det barna m\u00e5 ta med seg, er skrivesaker og evt. utdelte b\u00f8ker og permer.&nbsp; <\/strong><strong><\/strong><\/p>\n\n\n\n<p><strong>Kontingenten er kr. 150,- pr. barn pr. skole\u00e5r.&nbsp; For 1. kommunionsbarn&nbsp; kr. 400,-.&nbsp; For 8. klasse kr. 300,-.<\/strong><\/p>\n\n\n\n<p><strong>Kontingentbetaling til konto: 1503.19.45078. Merk betalingen med barnets (barnas) navn og klasse.<\/strong><strong><\/strong><\/p>\n\n\n\n<p>Katekesen er et lokallag av NUK (Norges Unge Katolikker). Det betyr at hvert barn m\u00e5 melde seg inn p\u00e5 nytt i katekesen hvert \u00e5r.&nbsp; Alle som deltar i katekesen blir ogs\u00e5 automatisk ogs\u00e5 medlem av NUK. Hvis du ikke \u00f8nsker \u00e5 v\u00e6re medlem av NUK, krysser du av p\u00e5 innmeldingsskjemaet.&nbsp; Som medlem f\u00e5r du blader og rabatter p\u00e5 leire.&nbsp; Prisen er den samme, enten du \u00f8nsker \u00e5 v\u00e6re medlem eller ikke. <strong>&nbsp;Biskopen og sognepresten <\/strong>anbefaler alle \u00e5 v\u00e6re medlem av Norges Unge Katolikker.<\/p>\n\n\n\n<p><strong>Med vennlig hilsen<\/strong><\/p>\n\n\n\n<p><strong>St. Birgitta menighet \/ St. Birgitta katekeselag<\/strong><\/p>\n\n\n\n<p><strong>Tlf: 69 30 15 20&nbsp;&nbsp;&nbsp;&nbsp; E-post:<\/strong><strong> <\/strong><a href=\"mailto:fredrikstad@katolsk.no\">fredrikstad@katolsk.no<\/a><\/p>\n\n\n\n<p><strong>St. Josephs gate 17, 1606 Fredrikstad<\/strong><\/p>\n\n\n\n<div class=\"wp-block-file\"><a id=\"wp-block-file--media-a3501539-564b-4397-8a76-89c1aca75dd7\" href=\"http:\/\/fredrikstad.katolsk.no\/wp-content\/uploads\/2024\/09\/Katekesebrev-210924.docx\">Katekesebrev 210924<\/a><a href=\"http:\/\/fredrikstad.katolsk.no\/wp-content\/uploads\/2024\/09\/Katekesebrev-210924.docx\" class=\"wp-block-file__button wp-element-button\" download aria-describedby=\"wp-block-file--media-a3501539-564b-4397-8a76-89c1aca75dd7\">Last ned<\/a><\/div>\n\n\n\n<div class=\"wp-block-file\"><a id=\"wp-block-file--media-0195f462-5e77-4990-a12c-58d81bbb7d61\" href=\"http:\/\/fredrikstad.katolsk.no\/wp-content\/uploads\/2024\/09\/Innmeldingkatekesen-2024-25.docx\">Innmeldingkatekesen 2024-25<\/a><a href=\"http:\/\/fredrikstad.katolsk.no\/wp-content\/uploads\/2024\/09\/Innmeldingkatekesen-2024-25.docx\" class=\"wp-block-file__button wp-element-button\" download aria-describedby=\"wp-block-file--media-0195f462-5e77-4990-a12c-58d81bbb7d61\">Last ned<\/a><\/div>\n","protected":false},"excerpt":{"rendered":"<p>Kj\u00e6re elever og foreldre.&nbsp; Velkommen til trosundervisning (katekese) i St. Birgitta menighet! Vi \u00f8nsker igjen velkommen til trosundervisning l\u00f8rdag den 21. september i St. Birgitta menighet. Neste undervisningsdag er det h\u00f8sttakkefest og vi ber om at man tar med seg &hellip; <a href=\"https:\/\/fredrikstad.katolsk.no\/?p=17342\">Les videre <span class=\"meta-nav\">&rarr;<\/span><\/a><\/p>\n","protected":false},"author":4,"featured_media":0,"comment_status":"closed","ping_status":"open","sticky":false,"template":"","format":"standard","meta":{"footnotes":""},"categories":[33,6],"tags":[],"class_list":["post-17342","post","type-post","status-publish","format-standard","hentry","category-katekese","category-nyheter"],"_links":{"self":[{"href":"https:\/\/fredrikstad.katolsk.no\/index.php?rest_route=\/wp\/v2\/posts\/17342","targetHints":{"allow":["GET"]}}],"collection":[{"href":"https:\/\/fredrikstad.katolsk.no\/index.php?rest_route=\/wp\/v2\/posts"}],"about":[{"href":"https:\/\/fredrikstad.katolsk.no\/index.php?rest_route=\/wp\/v2\/types\/post"}],"author":[{"embeddable":true,"href":"https:\/\/fredrikstad.katolsk.no\/index.php?rest_route=\/wp\/v2\/users\/4"}],"replies":[{"embeddable":true,"href":"https:\/\/fredrikstad.katolsk.no\/index.php?rest_route=%2Fwp%2Fv2%2Fcomments&post=17342"}],"version-history":[{"count":1,"href":"https:\/\/fredrikstad.katolsk.no\/index.php?rest_route=\/wp\/v2\/posts\/17342\/revisions"}],"predecessor-version":[{"id":17345,"href":"https:\/\/fredrikstad.katolsk.no\/index.php?rest_route=\/wp\/v2\/posts\/17342\/revisions\/17345"}],"wp:attachment":[{"href":"https:\/\/fredrikstad.katolsk.no\/index.php?rest_route=%2Fwp%2Fv2%2Fmedia&parent=17342"}],"wp:term":[{"taxonomy":"category","embeddable":true,"href":"https:\/\/fredrikstad.katolsk.no\/index.php?rest_route=%2Fwp%2Fv2%2Fcategories&post=17342"},{"taxonomy":"post_tag","embeddable":true,"href":"https:\/\/fredrikstad.katolsk.no\/index.php?rest_route=%2Fwp%2Fv2%2Ftags&post=17342"}],"curies":[{"name":"wp","href":"https:\/\/api.w.org\/{rel}","templated":true}]}}