{"id":17354,"date":"2024-09-27T15:23:53","date_gmt":"2024-09-27T13:23:53","guid":{"rendered":"https:\/\/fredrikstad.katolsk.no\/?p=17354"},"modified":"2024-09-27T15:24:56","modified_gmt":"2024-09-27T13:24:56","slug":"sondagsbrev-26-alm-sondag-28-september-2024-ar-b-dwudziesta-szosta-niedziela-zwykla-rok-b-caritas-sondag","status":"publish","type":"post","link":"https:\/\/fredrikstad.katolsk.no\/?p=17354","title":{"rendered":"S\u00f8ndagsbrev 26. alm. s\u00f8ndag, 29. september 2024, \u00c5r B.  Dwudziesta sz\u00f3sta Niedziela zwyk\u0142a Rok B.  Caritas-s\u00f8ndag."},"content":{"rendered":"\n<figure class=\"wp-block-image size-full\"><img loading=\"lazy\" decoding=\"async\" width=\"225\" height=\"225\" src=\"http:\/\/fredrikstad.katolsk.no\/wp-content\/uploads\/2019\/09\/Caritas.png\" alt=\"\" class=\"wp-image-6535\" srcset=\"https:\/\/fredrikstad.katolsk.no\/wp-content\/uploads\/2019\/09\/Caritas.png 225w, https:\/\/fredrikstad.katolsk.no\/wp-content\/uploads\/2019\/09\/Caritas-150x150.png 150w\" sizes=\"auto, (max-width: 225px) 100vw, 225px\" \/><\/figure>\n\n\n\n<div class=\"wp-block-file\"><a id=\"wp-block-file--media-86c6b225-720d-4963-b5bb-3c9759bde592\" href=\"https:\/\/fredrikstad.katolsk.no\/wp-content\/uploads\/2024\/09\/26.-alm.-sondag-2024-B.docx\">26. alm. s\u00f8ndag &#8211; 2024 -B<\/a><a href=\"https:\/\/fredrikstad.katolsk.no\/wp-content\/uploads\/2024\/09\/26.-alm.-sondag-2024-B.docx\" class=\"wp-block-file__button wp-element-button\" download aria-describedby=\"wp-block-file--media-86c6b225-720d-4963-b5bb-3c9759bde592\">Last ned<\/a><\/div>\n\n\n\n<p><strong>Lesninger:<\/strong><\/p>\n\n\n\n<div class=\"wp-block-file\"><a id=\"wp-block-file--media-7ac71bc3-76e7-46ea-ac1a-22a980e91e47\" href=\"https:\/\/fredrikstad.katolsk.no\/wp-content\/uploads\/2024\/09\/Lesninger-26.-sondag-i-det-alminnelige-kirkear-ar-B.docx\">Lesninger 26. s\u00f8ndag i det alminnelige kirke\u00e5r (\u00e5r B)<\/a><a href=\"https:\/\/fredrikstad.katolsk.no\/wp-content\/uploads\/2024\/09\/Lesninger-26.-sondag-i-det-alminnelige-kirkear-ar-B.docx\" class=\"wp-block-file__button wp-element-button\" download aria-describedby=\"wp-block-file--media-7ac71bc3-76e7-46ea-ac1a-22a980e91e47\">Last ned<\/a><\/div>\n\n\n\n<div class=\"wp-block-file\"><a id=\"wp-block-file--media-4a709eb5-63cb-42bf-9dc6-dc325c143d12\" href=\"https:\/\/fredrikstad.katolsk.no\/wp-content\/uploads\/2024\/09\/Polsk-sondagsblad-26.-alm.-sondag-Dwudziesta-szosta-Niedziela-zwykla-Rok-B.docx\">Polsk s\u00f8ndagsblad -26. alm. s\u00f8ndag-Dwudziesta sz\u00f3sta Niedziela zwyk\u0142a Rok B<\/a><a href=\"https:\/\/fredrikstad.katolsk.no\/wp-content\/uploads\/2024\/09\/Polsk-sondagsblad-26.-alm.-sondag-Dwudziesta-szosta-Niedziela-zwykla-Rok-B.docx\" class=\"wp-block-file__button wp-element-button\" download aria-describedby=\"wp-block-file--media-4a709eb5-63cb-42bf-9dc6-dc325c143d12\">Last ned<\/a><\/div>\n\n\n\n<div class=\"wp-block-file\"><a id=\"wp-block-file--media-b578117b-d27c-473b-992a-b8ea06720737\" href=\"https:\/\/fredrikstad.katolsk.no\/wp-content\/uploads\/2024\/09\/Twenty-sixth-Sunday-in-Ordinary-Time-B.docx\">Twenty-sixth Sunday in Ordinary Time &#8211; B<\/a><a href=\"https:\/\/fredrikstad.katolsk.no\/wp-content\/uploads\/2024\/09\/Twenty-sixth-Sunday-in-Ordinary-Time-B.docx\" class=\"wp-block-file__button wp-element-button\" download aria-describedby=\"wp-block-file--media-b578117b-d27c-473b-992a-b8ea06720737\">Last ned<\/a><\/div>\n\n\n\n<div class=\"wp-block-file\"><a id=\"wp-block-file--media-582e15ca-5810-43f7-8a31-7d8a602f9ad8\" href=\"https:\/\/fredrikstad.katolsk.no\/wp-content\/uploads\/2024\/09\/Sekmadieno-skaitiniai-XXVI-EILINIS-SEKMADIENIS-26.-ALM.-SONDAG-B.docx\">Sekmadieno skaitiniai-XXVI EILINIS SEKMADIENIS -26. ALM. S\u00d8NDAG-B<\/a><a href=\"https:\/\/fredrikstad.katolsk.no\/wp-content\/uploads\/2024\/09\/Sekmadieno-skaitiniai-XXVI-EILINIS-SEKMADIENIS-26.-ALM.-SONDAG-B.docx\" class=\"wp-block-file__button wp-element-button\" download aria-describedby=\"wp-block-file--media-582e15ca-5810-43f7-8a31-7d8a602f9ad8\">Last ned<\/a><\/div>\n\n\n\n<p><\/p>\n","protected":false},"excerpt":{"rendered":"<p>Lesninger:<\/p>\n","protected":false},"author":4,"featured_media":0,"comment_status":"closed","ping_status":"open","sticky":false,"template":"","format":"standard","meta":{"footnotes":""},"categories":[6,14,15,30],"tags":[],"class_list":["post-17354","post","type-post","status-publish","format-standard","hentry","category-nyheter","category-pa-engelsk","category-pa-polsk","category-sondagsbrev"],"_links":{"self":[{"href":"https:\/\/fredrikstad.katolsk.no\/index.php?rest_route=\/wp\/v2\/posts\/17354","targetHints":{"allow":["GET"]}}],"collection":[{"href":"https:\/\/fredrikstad.katolsk.no\/index.php?rest_route=\/wp\/v2\/posts"}],"about":[{"href":"https:\/\/fredrikstad.katolsk.no\/index.php?rest_route=\/wp\/v2\/types\/post"}],"author":[{"embeddable":true,"href":"https:\/\/fredrikstad.katolsk.no\/index.php?rest_route=\/wp\/v2\/users\/4"}],"replies":[{"embeddable":true,"href":"https:\/\/fredrikstad.katolsk.no\/index.php?rest_route=%2Fwp%2Fv2%2Fcomments&post=17354"}],"version-history":[{"count":2,"href":"https:\/\/fredrikstad.katolsk.no\/index.php?rest_route=\/wp\/v2\/posts\/17354\/revisions"}],"predecessor-version":[{"id":17361,"href":"https:\/\/fredrikstad.katolsk.no\/index.php?rest_route=\/wp\/v2\/posts\/17354\/revisions\/17361"}],"wp:attachment":[{"href":"https:\/\/fredrikstad.katolsk.no\/index.php?rest_route=%2Fwp%2Fv2%2Fmedia&parent=17354"}],"wp:term":[{"taxonomy":"category","embeddable":true,"href":"https:\/\/fredrikstad.katolsk.no\/index.php?rest_route=%2Fwp%2Fv2%2Fcategories&post=17354"},{"taxonomy":"post_tag","embeddable":true,"href":"https:\/\/fredrikstad.katolsk.no\/index.php?rest_route=%2Fwp%2Fv2%2Ftags&post=17354"}],"curies":[{"name":"wp","href":"https:\/\/api.w.org\/{rel}","templated":true}]}}