{"id":17401,"date":"2024-10-25T13:15:25","date_gmt":"2024-10-25T11:15:25","guid":{"rendered":"https:\/\/fredrikstad.katolsk.no\/?p=17401"},"modified":"2024-10-25T13:15:26","modified_gmt":"2024-10-25T11:15:26","slug":"trosundervisning-lordag-2-november-kl-9-45-korovelse-kl-13-15-13-45","status":"publish","type":"post","link":"https:\/\/fredrikstad.katolsk.no\/?p=17401","title":{"rendered":"Trosundervisning l\u00f8rdag 2. november kl. 9.45.  Kor\u00f8velse kl. 13.15-13.45."},"content":{"rendered":"\n<p><strong><u>Kj\u00e6re elever og foreldre.&nbsp; Velkommen til trosundervisning (katekese) i St. Birgitta menighet!<\/u><\/strong><\/p>\n\n\n\n<p>Vi \u00f8nsker igjen velkommen til trosundervisning <strong>l\u00f8rdag den 2. november <\/strong>i St. Birgitta menighet. Neste undervisningsdag er det <strong>ALLESJELERSDAG<\/strong> som st\u00e5r i sentrum<strong>.<\/strong><\/p>\n\n\n\n<p><strong>Undervisningsl\u00f8rdager for skole\u00e5ret 2024\/2025:<\/strong><\/p>\n\n\n\n<p><strong>2. november<\/strong><strong>&nbsp;&nbsp;&nbsp;&nbsp;&nbsp;&nbsp;&nbsp; &nbsp;&nbsp;&nbsp;&nbsp;&nbsp;&nbsp;&nbsp;&nbsp; 8. februar&nbsp;&nbsp;&nbsp;&nbsp;&nbsp;&nbsp;&nbsp;&nbsp;&nbsp;&nbsp;&nbsp;&nbsp;&nbsp;&nbsp;&nbsp;&nbsp;&nbsp;&nbsp;&nbsp;&nbsp;<\/strong><\/p>\n\n\n\n<p><strong>&nbsp;<\/strong><strong>7. des<\/strong><strong>ember&nbsp;&nbsp;&nbsp;&nbsp;&nbsp;&nbsp;&nbsp;&nbsp;&nbsp;&nbsp;&nbsp;&nbsp;&nbsp;&nbsp;&nbsp;&nbsp;&nbsp; 8<\/strong><strong>. mars<\/strong><strong>&nbsp;&nbsp;&nbsp;&nbsp;&nbsp;&nbsp; <\/strong><strong><\/strong><\/p>\n\n\n\n<p><strong>4. januar&nbsp;&nbsp;&nbsp;&nbsp;&nbsp;&nbsp;&nbsp;&nbsp;&nbsp;&nbsp;&nbsp;&nbsp;&nbsp;&nbsp;&nbsp;&nbsp;&nbsp;&nbsp;&nbsp;&nbsp;&nbsp;&nbsp; <\/strong><strong>5. april<\/strong><\/p>\n\n\n\n<p><strong>&nbsp;&nbsp;&nbsp;&nbsp;&nbsp;&nbsp;&nbsp;&nbsp;&nbsp;&nbsp;&nbsp;&nbsp;&nbsp;&nbsp;&nbsp;&nbsp;&nbsp;&nbsp;&nbsp;&nbsp;&nbsp;&nbsp;&nbsp;&nbsp;&nbsp;&nbsp;&nbsp; &nbsp;&nbsp;&nbsp;&nbsp;&nbsp;&nbsp;&nbsp;&nbsp; 26. april avslutning<\/strong><strong><\/strong><\/p>\n\n\n\n<p><strong><u>L\u00f8rdagene&nbsp; 2. november og 7. desember vil det <\/u><\/strong><strong><u>for alle barn bli <\/u><\/strong><strong><u>en halv time med \u00f8velse av sang til f\u00f8rjulskonserten den 14. desember.&nbsp; \u00d8velsene vil vare fra kl. 13.15 til kl. 13.45.&nbsp; Vedlagt f\u00f8lger lenke til sangene barna skal synge.&nbsp; Vennligst \u00f8v med dem hjemme.&nbsp; <\/u><\/strong><strong>Vi ber foreldre om \u00e5 hente barna presis.<\/strong><\/p>\n\n\n\n<p><strong>Undervisningsdagen forl\u00f8per slik:<\/strong><\/p>\n\n\n\n<p>Kl. 09.45 \u2013 10.45\u00a0\u00a0\u00a0\u00a0\u00a0\u00a0\u00a0 Undervisning\u00a0\u00a0\u00a0\u00a0\u00a0\u00a0\u00a0\u00a0\u00a0\u00a0\u00a0\u00a0 Kl. 11.45 \u2013 12.15\u00a0\u00a0\u00a0\u00a0\u00a0\u00a0 Lunsj (mat\/drikke serveres)<\/p>\n\n\n\n<p>Kl. 10.45 \u2013 11.00&nbsp;&nbsp;&nbsp;&nbsp;&nbsp;&nbsp;&nbsp; Sang\u00f8velse&nbsp;&nbsp;&nbsp;&nbsp;&nbsp;&nbsp;&nbsp;&nbsp;&nbsp;&nbsp;&nbsp;&nbsp;&nbsp;&nbsp;&nbsp; Kl. 12.15 \u2013 13.15 Undervisning<\/p>\n\n\n\n<p>Kl. 11.00 \u2013 11.45 &nbsp;&nbsp;&nbsp;&nbsp;&nbsp;&nbsp; &nbsp;Messe<strong> &nbsp;&nbsp;&nbsp;&nbsp;&nbsp;&nbsp;&nbsp;&nbsp;&nbsp;&nbsp;&nbsp; &nbsp;&nbsp;&nbsp;&nbsp;&nbsp;&nbsp;&nbsp;&nbsp;&nbsp;&nbsp;&nbsp; Kl. 13.15- 13.45 Kor\u00f8velse til julekonsert&nbsp; <\/strong><strong>&nbsp;&nbsp;&nbsp;&nbsp;&nbsp;&nbsp;&nbsp;&nbsp;&nbsp;&nbsp;&nbsp;&nbsp;&nbsp;&nbsp;&nbsp;<\/strong><\/p>\n\n\n\n<p><strong>Kateketer dette skole\u00e5ret:<\/strong><\/p>\n\n\n\n<p>1. klasse: Agnes Budnik og Michelle Cavalier&nbsp;&nbsp;&nbsp;&nbsp;&nbsp;&nbsp;&nbsp;&nbsp;&nbsp;&nbsp;&nbsp;&nbsp;&nbsp;&nbsp;&nbsp;&nbsp;&nbsp;&nbsp;&nbsp;&nbsp;&nbsp;&nbsp;<\/p>\n\n\n\n<p>2. klasse: Raja Toma Younan og Milena Kanabaj<\/p>\n\n\n\n<p>3. klasse: Ivana Nikolic&nbsp;&nbsp;&nbsp;&nbsp;&nbsp;&nbsp;&nbsp;&nbsp;&nbsp;&nbsp; Assistent: Beatrice Bangela&nbsp;<\/p>\n\n\n\n<p>4. klasse: Emmie Braaten&nbsp;&nbsp;&nbsp;&nbsp;&nbsp;<\/p>\n\n\n\n<p>5. klasse: Nicholas Christiansen<\/p>\n\n\n\n<p>6. klasse: M\u00e5lfrid Norg\u00e5rd &nbsp;&nbsp;&nbsp;&nbsp;&nbsp;&nbsp;&nbsp;&nbsp;&nbsp;&nbsp;&nbsp;&nbsp;&nbsp;&nbsp;&nbsp;&nbsp;&nbsp;&nbsp;&nbsp;&nbsp;&nbsp;&nbsp;&nbsp;&nbsp;&nbsp;&nbsp;&nbsp;&nbsp;&nbsp;&nbsp;&nbsp;&nbsp;&nbsp;&nbsp;&nbsp;&nbsp;&nbsp;&nbsp;<\/p>\n\n\n\n<p>7. klasse: Elzbieta Hagen&nbsp; &nbsp;&nbsp;&nbsp;&nbsp;&nbsp;&nbsp;&nbsp;&nbsp;&nbsp;&nbsp;&nbsp;&nbsp;&nbsp;&nbsp;&nbsp;&nbsp;&nbsp;&nbsp;&nbsp;&nbsp;&nbsp;&nbsp;&nbsp;&nbsp;&nbsp;&nbsp;&nbsp;&nbsp;&nbsp;&nbsp;&nbsp;&nbsp;&nbsp;&nbsp;&nbsp;&nbsp;&nbsp;&nbsp;&nbsp;&nbsp;&nbsp;&nbsp;&nbsp;&nbsp;&nbsp;&nbsp;&nbsp;&nbsp;&nbsp;&nbsp;&nbsp;&nbsp;&nbsp;&nbsp;&nbsp;&nbsp;&nbsp;&nbsp;&nbsp;&nbsp;&nbsp;&nbsp;&nbsp;&nbsp;&nbsp;&nbsp;&nbsp;&nbsp;&nbsp;&nbsp;&nbsp;&nbsp;&nbsp;&nbsp;&nbsp;<\/p>\n\n\n\n<p>8. klasse: Ray Pereira<\/p>\n\n\n\n<p>Vikarer: Lars P. Kuran, Daniel Paszek og Peter Kuran<\/p>\n\n\n\n<p><strong><u>Katekesekontingent<\/u><\/strong><\/p>\n\n\n\n<p><strong>Alle barna i katekesen m\u00e5 betale en kontingent som g\u00e5r til \u00e5 dekke utgifter til mat og materiell.&nbsp; Det barna m\u00e5 ta med seg, er skrivesaker og evt. utdelte b\u00f8ker og permer.&nbsp; <\/strong><strong><\/strong><\/p>\n\n\n\n<p><strong>Kontingenten er kr. 150,- pr. barn pr. skole\u00e5r.&nbsp; For 1. kommunionsbarn&nbsp; kr. 400,-.&nbsp; For 8. klasse kr. 300,-.<\/strong><\/p>\n\n\n\n<p><strong>Kontingentbetaling til konto: 1503.19.45078. Merk betalingen med barnets (barnas) navn og klasse.<\/strong><strong><\/strong><\/p>\n\n\n\n<p>Katekesen er et lokallag av NUK (Norges Unge Katolikker). Det betyr at hvert barn m\u00e5 melde seg inn p\u00e5 nytt i katekesen hvert \u00e5r.&nbsp; Alle som deltar i katekesen blir ogs\u00e5 automatisk ogs\u00e5 medlem av NUK. Hvis du ikke \u00f8nsker \u00e5 v\u00e6re medlem av NUK, krysser du av p\u00e5 innmeldingsskjemaet.&nbsp; Som medlem f\u00e5r du blader og rabatter p\u00e5 leire.&nbsp; Prisen er den samme, enten du \u00f8nsker \u00e5 v\u00e6re medlem eller ikke. <strong>&nbsp;Biskopen og sognepresten <\/strong>anbefaler alle \u00e5 v\u00e6re medlem av Norges Unge Katolikker.<\/p>\n\n\n\n<p><strong>Med vennlig hilsen<\/strong><\/p>\n\n\n\n<p><strong>St. Birgitta menighet \/ St. Birgitta katekeselag<\/strong><\/p>\n\n\n\n<p><strong>Tlf: 69 30 15 20&nbsp;&nbsp;&nbsp;&nbsp; E-post:<\/strong><strong> <\/strong><a href=\"mailto:fredrikstad@katolsk.no\">fredrikstad@katolsk.no<\/a><\/p>\n\n\n\n<p><strong>St. Josephs gate 17, 1606 Fredrikstad<\/strong><\/p>\n\n\n\n<p><strong>Lenker til sangene p\u00e5 Youtube:<\/strong><\/p>\n\n\n\n<p>1. N\u00e5 tennes tusen julelys&nbsp;<a href=\"https:\/\/eur01.safelinks.protection.outlook.com\/?url=https%3A%2F%2Fwww.youtube.com%2Fwatch%3Fv%3DYiD57MGk9LM&amp;data=05%7C02%7Cfredrikstad%40katolsk.no%7Cb7eba1c84cbc46c2161508dcf2a56e22%7Cad74fffa08bb480d939a496b7603f45d%7C0%7C0%7C638652039547722531%7CUnknown%7CTWFpbGZsb3d8eyJWIjoiMC4wLjAwMDAiLCJQIjoiV2luMzIiLCJBTiI6Ik1haWwiLCJXVCI6Mn0%3D%7C0%7C%7C%7C&amp;sdata=4D1z8rA2Wcmtqsc6ZoQ8Y5AlKyRO0cEO%2FUuoCdiBAhY%3D&amp;reserved=0\" target=\"_blank\" rel=\"noreferrer noopener\">N\u00e5 Tennes Tusen Julelys &#8211; Hanne Krogh (Med Tekst og Melodi)<\/a><\/p>\n\n\n\n<p>2. Tenn lys&nbsp;<a href=\"https:\/\/eur01.safelinks.protection.outlook.com\/?url=https%3A%2F%2Fwww.youtube.com%2Fwatch%3Fv%3DtNsQFohu034&amp;data=05%7C02%7Cfredrikstad%40katolsk.no%7Cb7eba1c84cbc46c2161508dcf2a56e22%7Cad74fffa08bb480d939a496b7603f45d%7C0%7C0%7C638652039547755517%7CUnknown%7CTWFpbGZsb3d8eyJWIjoiMC4wLjAwMDAiLCJQIjoiV2luMzIiLCJBTiI6Ik1haWwiLCJXVCI6Mn0%3D%7C0%7C%7C%7C&amp;sdata=QDi0c0dkBMARkyDx%2FU8CbaHKIXvenmdpRL5zSTgM7XE%3D&amp;reserved=0\" target=\"_blank\" rel=\"noreferrer noopener\">TENN LYS med tekst<\/a><\/p>\n\n\n\n<p>3. En stjerne skinner i natt ( Bare refreng).&nbsp;<a href=\"https:\/\/eur01.safelinks.protection.outlook.com\/?url=https%3A%2F%2Fwww.youtube.com%2Fwatch%3Fv%3D_ilTwan9A8M&amp;data=05%7C02%7Cfredrikstad%40katolsk.no%7Cb7eba1c84cbc46c2161508dcf2a56e22%7Cad74fffa08bb480d939a496b7603f45d%7C0%7C0%7C638652039547782179%7CUnknown%7CTWFpbGZsb3d8eyJWIjoiMC4wLjAwMDAiLCJQIjoiV2luMzIiLCJBTiI6Ik1haWwiLCJXVCI6Mn0%3D%7C0%7C%7C%7C&amp;sdata=a2PNr5AXUWKFh%2FMMxSDaX6japhNOILG0sYjwGHhJ4%2FM%3D&amp;reserved=0\" target=\"_blank\" rel=\"noreferrer noopener\">En Stjerne Skinner i Natt<\/a><\/p>\n","protected":false},"excerpt":{"rendered":"<p>Kj\u00e6re elever og foreldre.&nbsp; Velkommen til trosundervisning (katekese) i St. Birgitta menighet! Vi \u00f8nsker igjen velkommen til trosundervisning l\u00f8rdag den 2. november i St. Birgitta menighet. Neste undervisningsdag er det ALLESJELERSDAG som st\u00e5r i sentrum. Undervisningsl\u00f8rdager for skole\u00e5ret 2024\/2025: 2. &hellip; <a href=\"https:\/\/fredrikstad.katolsk.no\/?p=17401\">Les videre <span class=\"meta-nav\">&rarr;<\/span><\/a><\/p>\n","protected":false},"author":4,"featured_media":0,"comment_status":"closed","ping_status":"open","sticky":false,"template":"","format":"standard","meta":{"footnotes":""},"categories":[33],"tags":[],"class_list":["post-17401","post","type-post","status-publish","format-standard","hentry","category-katekese"],"_links":{"self":[{"href":"https:\/\/fredrikstad.katolsk.no\/index.php?rest_route=\/wp\/v2\/posts\/17401","targetHints":{"allow":["GET"]}}],"collection":[{"href":"https:\/\/fredrikstad.katolsk.no\/index.php?rest_route=\/wp\/v2\/posts"}],"about":[{"href":"https:\/\/fredrikstad.katolsk.no\/index.php?rest_route=\/wp\/v2\/types\/post"}],"author":[{"embeddable":true,"href":"https:\/\/fredrikstad.katolsk.no\/index.php?rest_route=\/wp\/v2\/users\/4"}],"replies":[{"embeddable":true,"href":"https:\/\/fredrikstad.katolsk.no\/index.php?rest_route=%2Fwp%2Fv2%2Fcomments&post=17401"}],"version-history":[{"count":1,"href":"https:\/\/fredrikstad.katolsk.no\/index.php?rest_route=\/wp\/v2\/posts\/17401\/revisions"}],"predecessor-version":[{"id":17402,"href":"https:\/\/fredrikstad.katolsk.no\/index.php?rest_route=\/wp\/v2\/posts\/17401\/revisions\/17402"}],"wp:attachment":[{"href":"https:\/\/fredrikstad.katolsk.no\/index.php?rest_route=%2Fwp%2Fv2%2Fmedia&parent=17401"}],"wp:term":[{"taxonomy":"category","embeddable":true,"href":"https:\/\/fredrikstad.katolsk.no\/index.php?rest_route=%2Fwp%2Fv2%2Fcategories&post=17401"},{"taxonomy":"post_tag","embeddable":true,"href":"https:\/\/fredrikstad.katolsk.no\/index.php?rest_route=%2Fwp%2Fv2%2Ftags&post=17401"}],"curies":[{"name":"wp","href":"https:\/\/api.w.org\/{rel}","templated":true}]}}