{"id":17457,"date":"2024-11-22T14:34:44","date_gmt":"2024-11-22T13:34:44","guid":{"rendered":"https:\/\/fredrikstad.katolsk.no\/?p=17457"},"modified":"2024-11-22T14:34:45","modified_gmt":"2024-11-22T13:34:45","slug":"rekolekcje-adwentowe","status":"publish","type":"post","link":"https:\/\/fredrikstad.katolsk.no\/?p=17457","title":{"rendered":"REKOLEKCJE ADWENTOWE"},"content":{"rendered":"\n<p>wyg\u0142osi Oblat Maryi Niepokalanej  o. Tomasz Ewertowski, OMI<\/p>\n\n\n\n<p><\/p>\n\n\n\n<p><strong><u>ST. PETER KIRKE I HALDEN<\/u><\/strong><strong>\/ Kosciol p.w. Sw. <\/strong><strong>Piotra Aposto\u0142a w Halden<\/strong><\/p>\n\n\n\n<p><strong>Pi\u0105tek, 29 listopada 2024 \u2013 godz. 18.00 adoracja i okazja do spowiedzi<\/strong><\/p>\n\n\n\n<p><strong>Godzina 19.00 &#8211; Msza \u015bwi\u0119ta z nauka rekolekcyjna<\/strong><\/p>\n\n\n\n<p><strong>Sobota, 30 listopada 2024 \u2013 godz. 17.00 adoracja, 18.00 Msza \u015bwi\u0119ta z nauk\u0105 rekolekcyjn\u0105, spotkanie<\/strong><\/p>\n\n\n\n<p><strong>1 Niedziela adwentu, 1 grudnia 2024 \u2013 godz. 12.30 Msza \u015bwi\u0119ta z nauk\u0105 rekolekcyjn\u0105<\/strong><\/p>\n\n\n\n<p><strong><u>ST. BIRGITTA KIRKE I FREDRIKSTAD<\/u><\/strong><strong>\/ Kosciol p.w. sw. <\/strong><strong>Brygidy we Fredrikstad<\/strong><\/p>\n\n\n\n<p><strong>1 Niedziela adwentu, 1 grudnia 2024<\/strong><\/p>\n\n\n\n<ul class=\"wp-block-list\">\n<li><strong>godz. 16.00 Msza \u015bwi\u0119ta z nauk\u0105 rekolekcyjn\u0105, okazja do spowiedzi<\/strong><strong>, spotkanie<\/strong><\/li>\n<\/ul>\n\n\n\n<p><strong>Poniedzia\u0142ek, 2 grudnia 2024 \u2013 godz. 18.00 Msza \u015bwi\u0119ta z nauk\u0105 rekolekcyjn\u0105<\/strong><\/p>\n\n\n\n<p><strong>Wtorek, 3 grudnia 2024 \u2013 godz. 18.00 Msza \u015bwi\u0119ta z nauk\u0105 rekolekcyjn\u0105. Zako\u0144czenie<\/strong><\/p>\n\n\n\n<p><strong><u>ST. MARIA KIRKE I ASKIM<\/u><\/strong><strong>\/&nbsp; Ko\u015bci\u00f3\u0142 p.w. Wniebowzi\u0119cia N.M.P. w Askim<\/strong><\/p>\n\n\n\n<p><strong>Pi\u0105tek, 6 grudnia 2024 \u2013 godz. 19.00 Msza \u015bwi\u0119ta z nauk\u0105 rekolekcyjn\u0105, okazja do spowiedzi<\/strong><\/p>\n\n\n\n<p><strong>Sobota, 7 grudnia 2024<\/strong><\/p>\n\n\n\n<ul class=\"wp-block-list\">\n<li><strong>godz. 17.00 adoracja, okazja do spowiedzi<\/strong><\/li>\n<\/ul>\n\n\n\n<ul class=\"wp-block-list\">\n<li><strong>godz. 18.00 Msza \u015bwi\u0119ta z nauk\u0105 rekolekcyjn\u0105.<\/strong><strong> Spotkanie<\/strong><\/li>\n<\/ul>\n\n\n\n<p><strong>2 Niedziela adwentu, 8 grudnia 2024<\/strong><\/p>\n\n\n\n<ul class=\"wp-block-list\">\n<li><strong><em>12.15 \u2013 adoracja NS i okazja do spowiedzi<\/em><\/strong><\/li>\n\n\n\n<li><strong>godz. 13.00 Msza \u015bwi\u0119ta z nauk\u0105 rekolekcyjn\u0105. Zako\u0144czenie<\/strong><\/li>\n<\/ul>\n\n\n\n<p><strong><u>ST. MIKAEL KIRKE I MOSS<\/u><\/strong><strong>\/ Kosciol p.w. sw. <\/strong><strong>Micha\u0142a Archanio\u0142a w Moss<\/strong><\/p>\n\n\n\n<p><strong>2 Niedziela adwentu, 8 grudnia 2024<\/strong><\/p>\n\n\n\n<ul class=\"wp-block-list\">\n<li><strong>godz. 15.00 adoracja, okazja do spowiedzi<\/strong><\/li>\n\n\n\n<li><strong>godz. 16.00 Msza \u015bwi\u0119ta z nauk\u0105 rekolekcyjn\u0105<\/strong><\/li>\n<\/ul>\n\n\n\n<p><strong>Poniedzia\u0142ek, 9 grudnia 2024 \u2013 godz. 17.30 adoracja, 18.30 &#8211; Msza \u015bwi\u0119ta z nauk\u0105 rekolekcyjn\u0105<\/strong><\/p>\n\n\n\n<p><strong>Wtorek, 10 grudnia 2024 \u2013 godz. 17.30 adoracja, 18.30 Msza \u015bwi\u0119ta z nauk\u0105 rekolekcyjn\u0105<\/strong> <strong><\/strong><\/p>\n\n\n\n<p>&#8211; <em>Okazja do spowiedzi \u015bwi\u0119tej codziennie przed Msz\u0105 \u015bwi\u0119t\u0105, adoracja Naj\u015bwi\u0119tszego Sakramentu.<\/em><\/p>\n\n\n\n<p><strong>Zako\u0144czenie rekolekcji.<\/strong><\/p>\n\n\n\n<p>Przy tej okazji ka\u017cdy, kto przyst\u0105pi\u0142 do Sakramentu pojednania i jest w lasce u\u015bwi\u0119caj\u0105cej otrzyma odpust zupe\u0142ny, odmawiaj\u0105c nakazane modlitwy: <em>Ojcze nasz\u2026, Zdrowa\u015b Maryjo\u2026, w intencjach Ojca Sw., Pod Twoja obron\u0119\u2026 i Chwa\u0142a Ojcu\u2026.<\/em><\/p>\n\n\n\n<p><strong>Serdecznie zapraszamy do wzi\u0119cia udzia\u0142u w rekolekcjach \u015bwi\u0119tych, aby w ten spos\u00f3b zg\u0142\u0119bia\u0107 nasz\u0105 wiar\u0119. Owocnych rekolekcji&#8230;<\/strong><\/p>\n","protected":false},"excerpt":{"rendered":"<p>wyg\u0142osi Oblat Maryi Niepokalanej o. Tomasz Ewertowski, OMI ST. PETER KIRKE I HALDEN\/ Kosciol p.w. Sw. Piotra Aposto\u0142a w Halden Pi\u0105tek, 29 listopada 2024 \u2013 godz. 18.00 adoracja i okazja do spowiedzi Godzina 19.00 &#8211; Msza \u015bwi\u0119ta z nauka rekolekcyjna &hellip; <a href=\"https:\/\/fredrikstad.katolsk.no\/?p=17457\">Les videre <span class=\"meta-nav\">&rarr;<\/span><\/a><\/p>\n","protected":false},"author":4,"featured_media":0,"comment_status":"closed","ping_status":"open","sticky":false,"template":"","format":"standard","meta":{"footnotes":""},"categories":[6,15],"tags":[],"class_list":["post-17457","post","type-post","status-publish","format-standard","hentry","category-nyheter","category-pa-polsk"],"_links":{"self":[{"href":"https:\/\/fredrikstad.katolsk.no\/index.php?rest_route=\/wp\/v2\/posts\/17457","targetHints":{"allow":["GET"]}}],"collection":[{"href":"https:\/\/fredrikstad.katolsk.no\/index.php?rest_route=\/wp\/v2\/posts"}],"about":[{"href":"https:\/\/fredrikstad.katolsk.no\/index.php?rest_route=\/wp\/v2\/types\/post"}],"author":[{"embeddable":true,"href":"https:\/\/fredrikstad.katolsk.no\/index.php?rest_route=\/wp\/v2\/users\/4"}],"replies":[{"embeddable":true,"href":"https:\/\/fredrikstad.katolsk.no\/index.php?rest_route=%2Fwp%2Fv2%2Fcomments&post=17457"}],"version-history":[{"count":1,"href":"https:\/\/fredrikstad.katolsk.no\/index.php?rest_route=\/wp\/v2\/posts\/17457\/revisions"}],"predecessor-version":[{"id":17458,"href":"https:\/\/fredrikstad.katolsk.no\/index.php?rest_route=\/wp\/v2\/posts\/17457\/revisions\/17458"}],"wp:attachment":[{"href":"https:\/\/fredrikstad.katolsk.no\/index.php?rest_route=%2Fwp%2Fv2%2Fmedia&parent=17457"}],"wp:term":[{"taxonomy":"category","embeddable":true,"href":"https:\/\/fredrikstad.katolsk.no\/index.php?rest_route=%2Fwp%2Fv2%2Fcategories&post=17457"},{"taxonomy":"post_tag","embeddable":true,"href":"https:\/\/fredrikstad.katolsk.no\/index.php?rest_route=%2Fwp%2Fv2%2Ftags&post=17457"}],"curies":[{"name":"wp","href":"https:\/\/api.w.org\/{rel}","templated":true}]}}