{"id":17473,"date":"2024-11-29T15:49:02","date_gmt":"2024-11-29T14:49:02","guid":{"rendered":"https:\/\/fredrikstad.katolsk.no\/?p=17473"},"modified":"2024-11-29T15:49:03","modified_gmt":"2024-11-29T14:49:03","slug":"trosundervisning-lordag-den-7-desember-kl-9-45","status":"publish","type":"post","link":"https:\/\/fredrikstad.katolsk.no\/?p=17473","title":{"rendered":"Trosundervisning l\u00f8rdag den 7. desember kl. 9.45."},"content":{"rendered":"\n<p><strong><u>Kj\u00e6re elever og foreldre.&nbsp; Velkommen til trosundervisning (katekese) i St. Birgitta menighet!<\/u><\/strong><\/p>\n\n\n\n<p>Vi \u00f8nsker igjen velkommen til trosundervisning <strong>l\u00f8rdag den 7. desember <\/strong>i St. Birgitta menighet. Neste undervisningsdag er det ADVENT OG JUL som st\u00e5r i sentrum<strong>.<\/strong><\/p>\n\n\n\n<p>Det blir skrifte for 4., 5., 6., og 7. klasse.&nbsp; Elever i disse klassene <strong>m\u00f8ter direkte i kirken kl. 9.45<\/strong>.&nbsp; Pater har en kort innledning f\u00f8r skrifte. <strong>Vi ber dere om \u00e5 forberede dere hjemme ved \u00e5 g\u00e5 igjennom vedlagte ark \u00abForberedelse til skrifte\u00bb.&nbsp; Vi oppfordrer alle foreldre til \u00e5 hjelpe barna med forberedelsene.<\/strong><\/p>\n\n\n\n<p><strong>1., 2., 3., og 8. klasse har vanlig undervisning.<\/strong><\/p>\n\n\n\n<p><strong>Undervisningsl\u00f8rdager for skole\u00e5ret 2024\/2025:<\/strong><\/p>\n\n\n\n<p><strong>4. januar &#8211; 8. februar &#8211; 8<\/strong><strong>. mars &#8211; 5. april &#8211; <\/strong><strong>26. april avslutning<\/strong><\/p>\n\n\n\n<p><strong><u>L\u00f8rdagen 7. desember vil det <\/u><\/strong><strong><u>for alle barn bli <\/u><\/strong><strong><u>en halv time med \u00f8velse av sang til f\u00f8rjulskonserten den 14. desember kl.13.00.\u00a0 \u00d8velsene vil vare fra kl. 13.15 til kl. 13.30.\u00a0 Vedlagt f\u00f8lger lenke til sangene barna skal synge.\u00a0 Vennligst \u00f8v med dem hjemme.\u00a0 <\/u><\/strong><strong>Vi ber foreldre om \u00e5 hente barna presis.<\/strong><\/p>\n\n\n\n<p><strong>Undervisningsdagen forl\u00f8per slik:<\/strong><\/p>\n\n\n\n<p>Kl. 09.45 \u2013 10.45\u00a0\u00a0\u00a0\u00a0\u00a0\u00a0\u00a0 Undervisning\u00a0\u00a0\u00a0\u00a0\u00a0\u00a0\u00a0\u00a0\u00a0\u00a0 Kl. 11.45 \u2013 12.15\u00a0\u00a0\u00a0\u00a0\u00a0\u00a0\u00a0 Lunsj (mat\/drikke serveres)<\/p>\n\n\n\n<p>Kl. 10.45 \u2013 11.00&nbsp;&nbsp;&nbsp;&nbsp;&nbsp;&nbsp;&nbsp; Sang\u00f8velse&nbsp;&nbsp;&nbsp;&nbsp;&nbsp;&nbsp;&nbsp;&nbsp;&nbsp;&nbsp;&nbsp;&nbsp;&nbsp;&nbsp;&nbsp; Kl. 12.15 \u2013 13.15 Undervisning<\/p>\n\n\n\n<p>Kl. 11.00 \u2013 11.45 \u00a0\u00a0\u00a0\u00a0\u00a0\u00a0 \u00a0Messe<strong> \u00a0\u00a0\u00a0\u00a0\u00a0\u00a0\u00a0\u00a0\u00a0 \u00a0\u00a0\u00a0\u00a0\u00a0\u00a0\u00a0NB!!\u00a0\u00a0\u00a0\u00a0 Kl. 13.15- 13.30 Kor\u00f8velse til julekonsert\u00a0  <\/strong><strong>\u00a0\u00a0\u00a0\u00a0\u00a0\u00a0\u00a0\u00a0\u00a0\u00a0\u00a0\u00a0\u00a0\u00a0\u00a0<\/strong><\/p>\n\n\n\n<p><strong>Kateketer dette skole\u00e5ret:<\/strong><\/p>\n\n\n\n<p>1. klasse: Agnes Budnik og Michelle Cavalier&nbsp;&nbsp;&nbsp;&nbsp;&nbsp;&nbsp;&nbsp;&nbsp;&nbsp;&nbsp;&nbsp;&nbsp;&nbsp;&nbsp;&nbsp;&nbsp;&nbsp;&nbsp;&nbsp;&nbsp;&nbsp;&nbsp;<\/p>\n\n\n\n<p>2. klasse: Raja Toma Younan og Milena Kanabaj<\/p>\n\n\n\n<p>3. klasse: Ivana Nikolic&nbsp;&nbsp;&nbsp;&nbsp;&nbsp;&nbsp;&nbsp;&nbsp;&nbsp;&nbsp; Assistent: Beatrice Bangela&nbsp;<\/p>\n\n\n\n<p>4. klasse: Emmie Braaten&nbsp;&nbsp;&nbsp;&nbsp;&nbsp;<\/p>\n\n\n\n<p>5. klasse: Nicholas Christiansen<\/p>\n\n\n\n<p>6. klasse: M\u00e5lfrid Norg\u00e5rd &nbsp;&nbsp;&nbsp;&nbsp;&nbsp;&nbsp;&nbsp;&nbsp;&nbsp;&nbsp;&nbsp;&nbsp;&nbsp;&nbsp;&nbsp;&nbsp;&nbsp;&nbsp;&nbsp;&nbsp;&nbsp;&nbsp;&nbsp;&nbsp;&nbsp;&nbsp;&nbsp;&nbsp;&nbsp;&nbsp;&nbsp;&nbsp;&nbsp;&nbsp;&nbsp;&nbsp;&nbsp;&nbsp;<\/p>\n\n\n\n<p>7. klasse: Elzbieta Hagen&nbsp; &nbsp;&nbsp;&nbsp;&nbsp;&nbsp;&nbsp;&nbsp;&nbsp;&nbsp;&nbsp;&nbsp;&nbsp;&nbsp;&nbsp;&nbsp;&nbsp;&nbsp;&nbsp;&nbsp;&nbsp;&nbsp;&nbsp;&nbsp;&nbsp;&nbsp;&nbsp;&nbsp;&nbsp;&nbsp;&nbsp;&nbsp;&nbsp;&nbsp;&nbsp;&nbsp;&nbsp;&nbsp;&nbsp;&nbsp;&nbsp;&nbsp;&nbsp;&nbsp;&nbsp;&nbsp;&nbsp;&nbsp;&nbsp;&nbsp;&nbsp;&nbsp;&nbsp;&nbsp;&nbsp;&nbsp;&nbsp;&nbsp;&nbsp;&nbsp;&nbsp;&nbsp;&nbsp;&nbsp;&nbsp;&nbsp;&nbsp;&nbsp;&nbsp;&nbsp;&nbsp;&nbsp;&nbsp;&nbsp;&nbsp;&nbsp;<\/p>\n\n\n\n<p>8. klasse: Ray Pereira<\/p>\n\n\n\n<p>Vikarer: Lars P. Kuran, Daniel Paszek og Peter Kuran<\/p>\n\n\n\n<p><strong><u>Katekesekontingent<\/u><\/strong><\/p>\n\n\n\n<p><strong>Alle barna i katekesen m\u00e5 betale en kontingent som g\u00e5r til \u00e5 dekke utgifter til mat og materiell.&nbsp; Det barna m\u00e5 ta med seg, er skrivesaker og evt. utdelte b\u00f8ker og permer.&nbsp; <\/strong><strong><\/strong><\/p>\n\n\n\n<p><strong>Kontingenten er kr. 150,- pr. barn pr. skole\u00e5r.&nbsp; For 1. kommunionsbarn&nbsp; kr. 400,-.&nbsp; For 8. klasse kr. 300,-.<\/strong><\/p>\n\n\n\n<p><strong>Kontingentbetaling til konto: 1503.19.45078. Merk betalingen med barnets (barnas) navn og klasse.<\/strong><strong><\/strong><\/p>\n\n\n\n<p>Katekesen er et lokallag av NUK (Norges Unge Katolikker). Det betyr at hvert barn m\u00e5 melde seg inn p\u00e5 nytt i katekesen hvert \u00e5r.&nbsp; Alle som deltar i katekesen blir ogs\u00e5 automatisk ogs\u00e5 medlem av NUK. Hvis du ikke \u00f8nsker \u00e5 v\u00e6re medlem av NUK, krysser du av p\u00e5 innmeldingsskjemaet.&nbsp; Som medlem f\u00e5r du blader og rabatter p\u00e5 leire.&nbsp; Prisen er den samme, enten du \u00f8nsker \u00e5 v\u00e6re medlem eller ikke. <strong>&nbsp;Biskopen og sognepresten <\/strong>anbefaler alle \u00e5 v\u00e6re medlem av Norges Unge Katolikker.<\/p>\n\n\n\n<p><strong>Med vennlig hilsen<\/strong><\/p>\n\n\n\n<p><strong>St. Birgitta menighet \/ St. Birgitta katekeselag<\/strong><\/p>\n\n\n\n<p><strong>Tlf: 69 30 15 20&nbsp;&nbsp;&nbsp;&nbsp; E-post:<\/strong><strong> <\/strong><a href=\"mailto:fredrikstad@katolsk.no\">fredrikstad@katolsk.no<\/a><\/p>\n\n\n\n<p><strong>St. Josephs gate 17, 1606 Fredrikstad<\/strong><\/p>\n\n\n\n<div class=\"wp-block-file\"><a id=\"wp-block-file--media-014e940d-10bb-43b3-ae50-dc1116252a87\" href=\"https:\/\/fredrikstad.katolsk.no\/wp-content\/uploads\/2024\/11\/Katekesebrev-071224.docx\">Katekesebrev 071224<\/a><a href=\"https:\/\/fredrikstad.katolsk.no\/wp-content\/uploads\/2024\/11\/Katekesebrev-071224.docx\" class=\"wp-block-file__button wp-element-button\" download aria-describedby=\"wp-block-file--media-014e940d-10bb-43b3-ae50-dc1116252a87\">Last ned<\/a><\/div>\n\n\n\n<div data-wp-interactive=\"core\/file\" class=\"wp-block-file\"><object data-wp-bind--hidden=\"!state.hasPdfPreview\" hidden class=\"wp-block-file__embed\" data=\"https:\/\/fredrikstad.katolsk.no\/wp-content\/uploads\/2024\/11\/SKRIFTEMAL.pdf\" type=\"application\/pdf\" style=\"width:100%;height:600px\" aria-label=\"Innbygging av SKRIFTEMAL\"><\/object><a id=\"wp-block-file--media-da4193f7-3424-4c4f-be8a-045eb40ef2cd\" href=\"https:\/\/fredrikstad.katolsk.no\/wp-content\/uploads\/2024\/11\/SKRIFTEMAL.pdf\">SKRIFTEMAL<\/a><a href=\"https:\/\/fredrikstad.katolsk.no\/wp-content\/uploads\/2024\/11\/SKRIFTEMAL.pdf\" class=\"wp-block-file__button wp-element-button\" download aria-describedby=\"wp-block-file--media-da4193f7-3424-4c4f-be8a-045eb40ef2cd\">Last ned<\/a><\/div>\n\n\n\n<div data-wp-interactive=\"core\/file\" class=\"wp-block-file\"><object data-wp-bind--hidden=\"!state.hasPdfPreview\" hidden class=\"wp-block-file__embed\" data=\"https:\/\/fredrikstad.katolsk.no\/wp-content\/uploads\/2024\/11\/SKRIFTEMAL-FOR-UNGDOM.pdf\" type=\"application\/pdf\" style=\"width:100%;height:600px\" aria-label=\"Innbygging av SKRIFTEMAL FOR UNGDOM\"><\/object><a id=\"wp-block-file--media-9722a933-910b-436d-9729-613ef025cd2f\" href=\"https:\/\/fredrikstad.katolsk.no\/wp-content\/uploads\/2024\/11\/SKRIFTEMAL-FOR-UNGDOM.pdf\">SKRIFTEMAL FOR UNGDOM<\/a><a href=\"https:\/\/fredrikstad.katolsk.no\/wp-content\/uploads\/2024\/11\/SKRIFTEMAL-FOR-UNGDOM.pdf\" class=\"wp-block-file__button wp-element-button\" download aria-describedby=\"wp-block-file--media-9722a933-910b-436d-9729-613ef025cd2f\">Last ned<\/a><\/div>\n\n\n\n<div data-wp-interactive=\"core\/file\" class=\"wp-block-file\"><object data-wp-bind--hidden=\"!state.hasPdfPreview\" hidden class=\"wp-block-file__embed\" data=\"https:\/\/fredrikstad.katolsk.no\/wp-content\/uploads\/2024\/11\/Skriftemal.indd_.pdf\" type=\"application\/pdf\" style=\"width:100%;height:600px\" aria-label=\"Innbygging av Skriftem\u00e5l.indd\"><\/object><a id=\"wp-block-file--media-f0f3a2e3-40bc-428c-801b-9340dba66afd\" href=\"https:\/\/fredrikstad.katolsk.no\/wp-content\/uploads\/2024\/11\/Skriftemal.indd_.pdf\">Skriftem\u00e5l.indd<\/a><a href=\"https:\/\/fredrikstad.katolsk.no\/wp-content\/uploads\/2024\/11\/Skriftemal.indd_.pdf\" class=\"wp-block-file__button wp-element-button\" download aria-describedby=\"wp-block-file--media-f0f3a2e3-40bc-428c-801b-9340dba66afd\">Last ned<\/a><\/div>\n","protected":false},"excerpt":{"rendered":"<p>Kj\u00e6re elever og foreldre.&nbsp; Velkommen til trosundervisning (katekese) i St. Birgitta menighet! Vi \u00f8nsker igjen velkommen til trosundervisning l\u00f8rdag den 7. desember i St. Birgitta menighet. Neste undervisningsdag er det ADVENT OG JUL som st\u00e5r i sentrum. Det blir skrifte &hellip; <a href=\"https:\/\/fredrikstad.katolsk.no\/?p=17473\">Les videre <span class=\"meta-nav\">&rarr;<\/span><\/a><\/p>\n","protected":false},"author":4,"featured_media":0,"comment_status":"closed","ping_status":"open","sticky":false,"template":"","format":"standard","meta":{"footnotes":""},"categories":[33,6],"tags":[],"class_list":["post-17473","post","type-post","status-publish","format-standard","hentry","category-katekese","category-nyheter"],"_links":{"self":[{"href":"https:\/\/fredrikstad.katolsk.no\/index.php?rest_route=\/wp\/v2\/posts\/17473","targetHints":{"allow":["GET"]}}],"collection":[{"href":"https:\/\/fredrikstad.katolsk.no\/index.php?rest_route=\/wp\/v2\/posts"}],"about":[{"href":"https:\/\/fredrikstad.katolsk.no\/index.php?rest_route=\/wp\/v2\/types\/post"}],"author":[{"embeddable":true,"href":"https:\/\/fredrikstad.katolsk.no\/index.php?rest_route=\/wp\/v2\/users\/4"}],"replies":[{"embeddable":true,"href":"https:\/\/fredrikstad.katolsk.no\/index.php?rest_route=%2Fwp%2Fv2%2Fcomments&post=17473"}],"version-history":[{"count":1,"href":"https:\/\/fredrikstad.katolsk.no\/index.php?rest_route=\/wp\/v2\/posts\/17473\/revisions"}],"predecessor-version":[{"id":17478,"href":"https:\/\/fredrikstad.katolsk.no\/index.php?rest_route=\/wp\/v2\/posts\/17473\/revisions\/17478"}],"wp:attachment":[{"href":"https:\/\/fredrikstad.katolsk.no\/index.php?rest_route=%2Fwp%2Fv2%2Fmedia&parent=17473"}],"wp:term":[{"taxonomy":"category","embeddable":true,"href":"https:\/\/fredrikstad.katolsk.no\/index.php?rest_route=%2Fwp%2Fv2%2Fcategories&post=17473"},{"taxonomy":"post_tag","embeddable":true,"href":"https:\/\/fredrikstad.katolsk.no\/index.php?rest_route=%2Fwp%2Fv2%2Ftags&post=17473"}],"curies":[{"name":"wp","href":"https:\/\/api.w.org\/{rel}","templated":true}]}}