{"id":17915,"date":"2025-06-13T11:36:07","date_gmt":"2025-06-13T09:36:07","guid":{"rendered":"https:\/\/fredrikstad.katolsk.no\/?p=17915"},"modified":"2025-06-13T11:36:07","modified_gmt":"2025-06-13T09:36:07","slug":"st-birgitta-menighetsfest-sondag-22-juni-kl-11-00","status":"publish","type":"post","link":"https:\/\/fredrikstad.katolsk.no\/?p=17915","title":{"rendered":"St. Birgitta menighetsfest.  S\u00f8ndag 22. juni kl. 11.00."},"content":{"rendered":"\n<figure class=\"wp-block-image size-full\"><img loading=\"lazy\" decoding=\"async\" width=\"155\" height=\"220\" src=\"http:\/\/fredrikstad.katolsk.no\/wp-content\/uploads\/2017\/04\/St.-Birgitta.jpg\" alt=\"\" class=\"wp-image-4490\"\/><\/figure>\n\n\n\n<p>S\u00f8ndag 22. juni kl. 11.00 starter vi med internasjonal messe.&nbsp; Salmer og forb\u00f8nner vil v\u00e6re p\u00e5 forskjellige spr\u00e5k.<\/p>\n\n\n\n<p>Utvidet kirkekaffe med agapem\u00e5ltid.<\/p>\n\n\n\n<p>Alle er hjertelig velkommen til denne festen!<\/p>\n\n\n\n<p>Sammen med St. Birgitta, la oss prise Gud.&nbsp;<\/p>\n\n\n\n<p>St. Birgitta menighets festkomit\u00e9<\/p>\n","protected":false},"excerpt":{"rendered":"<p>S\u00f8ndag 22. juni kl. 11.00 starter vi med internasjonal messe.&nbsp; Salmer og forb\u00f8nner vil v\u00e6re p\u00e5 forskjellige spr\u00e5k. Utvidet kirkekaffe med agapem\u00e5ltid. Alle er hjertelig velkommen til denne festen! Sammen med St. Birgitta, la oss prise Gud.&nbsp; St. Birgitta menighets &hellip; <a href=\"https:\/\/fredrikstad.katolsk.no\/?p=17915\">Les videre <span class=\"meta-nav\">&rarr;<\/span><\/a><\/p>\n","protected":false},"author":4,"featured_media":0,"comment_status":"closed","ping_status":"open","sticky":false,"template":"","format":"standard","meta":{"footnotes":""},"categories":[6],"tags":[],"class_list":["post-17915","post","type-post","status-publish","format-standard","hentry","category-nyheter"],"_links":{"self":[{"href":"https:\/\/fredrikstad.katolsk.no\/index.php?rest_route=\/wp\/v2\/posts\/17915","targetHints":{"allow":["GET"]}}],"collection":[{"href":"https:\/\/fredrikstad.katolsk.no\/index.php?rest_route=\/wp\/v2\/posts"}],"about":[{"href":"https:\/\/fredrikstad.katolsk.no\/index.php?rest_route=\/wp\/v2\/types\/post"}],"author":[{"embeddable":true,"href":"https:\/\/fredrikstad.katolsk.no\/index.php?rest_route=\/wp\/v2\/users\/4"}],"replies":[{"embeddable":true,"href":"https:\/\/fredrikstad.katolsk.no\/index.php?rest_route=%2Fwp%2Fv2%2Fcomments&post=17915"}],"version-history":[{"count":1,"href":"https:\/\/fredrikstad.katolsk.no\/index.php?rest_route=\/wp\/v2\/posts\/17915\/revisions"}],"predecessor-version":[{"id":17916,"href":"https:\/\/fredrikstad.katolsk.no\/index.php?rest_route=\/wp\/v2\/posts\/17915\/revisions\/17916"}],"wp:attachment":[{"href":"https:\/\/fredrikstad.katolsk.no\/index.php?rest_route=%2Fwp%2Fv2%2Fmedia&parent=17915"}],"wp:term":[{"taxonomy":"category","embeddable":true,"href":"https:\/\/fredrikstad.katolsk.no\/index.php?rest_route=%2Fwp%2Fv2%2Fcategories&post=17915"},{"taxonomy":"post_tag","embeddable":true,"href":"https:\/\/fredrikstad.katolsk.no\/index.php?rest_route=%2Fwp%2Fv2%2Ftags&post=17915"}],"curies":[{"name":"wp","href":"https:\/\/api.w.org\/{rel}","templated":true}]}}