{"id":17941,"date":"2025-06-27T13:39:12","date_gmt":"2025-06-27T11:39:12","guid":{"rendered":"https:\/\/fredrikstad.katolsk.no\/?p=17941"},"modified":"2025-06-27T13:39:13","modified_gmt":"2025-06-27T11:39:13","slug":"sondagsbrev-de-hellige-apostler-peter-og-paulus-29-juni-2025-swietych-apostolow-piotra-i-pawla","status":"publish","type":"post","link":"https:\/\/fredrikstad.katolsk.no\/?p=17941","title":{"rendered":"S\u00f8ndagsbrev- De hellige apostler Peter og Paulus.  29. juni 2025.  \u015awi\u0119tych Aposto\u0142\u00f3w Piotra i Paw\u0142a."},"content":{"rendered":"\n<figure class=\"wp-block-image size-full\"><img loading=\"lazy\" decoding=\"async\" width=\"268\" height=\"188\" src=\"https:\/\/fredrikstad.katolsk.no\/wp-content\/uploads\/2025\/06\/Peter-og-Paulus.jpg\" alt=\"\" class=\"wp-image-17942\"\/><\/figure>\n\n\n\n<div class=\"wp-block-file\"><a id=\"wp-block-file--media-7d8053c2-4392-445e-b5bc-c17ceb7cfdf2\" href=\"https:\/\/fredrikstad.katolsk.no\/wp-content\/uploads\/2025\/06\/Lesninger-De-hellige-apostler-Peter-og-Paulus-29.-juni.docx\">Lesninger &#8211; De hellige apostler Peter og Paulus (29. juni)<\/a><a href=\"https:\/\/fredrikstad.katolsk.no\/wp-content\/uploads\/2025\/06\/Lesninger-De-hellige-apostler-Peter-og-Paulus-29.-juni.docx\" class=\"wp-block-file__button wp-element-button\" download aria-describedby=\"wp-block-file--media-7d8053c2-4392-445e-b5bc-c17ceb7cfdf2\">Last ned<\/a><\/div>\n\n\n\n<div class=\"wp-block-file\"><a id=\"wp-block-file--media-0985cdff-1365-4e57-83ef-0630589cb302\" href=\"https:\/\/fredrikstad.katolsk.no\/wp-content\/uploads\/2025\/06\/Polsk-sondagsblad-Swietych-Apostolow-Piotra-i-Pawla-29.06.docx\">Polsk s\u00f8ndagsblad &#8211; \u015awi\u0119tych Aposto\u0142\u00f3w Piotra i Paw\u0142a- 29.06<\/a><a href=\"https:\/\/fredrikstad.katolsk.no\/wp-content\/uploads\/2025\/06\/Polsk-sondagsblad-Swietych-Apostolow-Piotra-i-Pawla-29.06.docx\" class=\"wp-block-file__button wp-element-button\" download aria-describedby=\"wp-block-file--media-0985cdff-1365-4e57-83ef-0630589cb302\">Last ned<\/a><\/div>\n\n\n\n<div class=\"wp-block-file\"><a id=\"wp-block-file--media-04f7160b-529d-42a9-aa0c-3da95abcd45c\" href=\"https:\/\/fredrikstad.katolsk.no\/wp-content\/uploads\/2025\/06\/De-hellige-apostler-Peter-og-Paulus-C-2025.docx\">De hellige apostler Peter og Paulus-C- 2025<\/a><a href=\"https:\/\/fredrikstad.katolsk.no\/wp-content\/uploads\/2025\/06\/De-hellige-apostler-Peter-og-Paulus-C-2025.docx\" class=\"wp-block-file__button wp-element-button\" download aria-describedby=\"wp-block-file--media-04f7160b-529d-42a9-aa0c-3da95abcd45c\">Last ned<\/a><\/div>\n\n\n\n<div class=\"wp-block-file\"><a id=\"wp-block-file--media-f8e1c391-79bf-4aa3-a92a-ddbcdc58a24e\" href=\"https:\/\/fredrikstad.katolsk.no\/wp-content\/uploads\/2025\/06\/Solemnity-of-Saints-Peter-and-Paul-Apostles.docx\">Solemnity of Saints Peter and Paul Apostles<\/a><a href=\"https:\/\/fredrikstad.katolsk.no\/wp-content\/uploads\/2025\/06\/Solemnity-of-Saints-Peter-and-Paul-Apostles.docx\" class=\"wp-block-file__button wp-element-button\" download aria-describedby=\"wp-block-file--media-f8e1c391-79bf-4aa3-a92a-ddbcdc58a24e\">Last ned<\/a><\/div>\n\n\n\n<div class=\"wp-block-file\"><a id=\"wp-block-file--media-140e33de-8303-4168-ae69-b969b8349ffe\" href=\"https:\/\/fredrikstad.katolsk.no\/wp-content\/uploads\/2025\/06\/Birzelio-29-d-SV.-PETRAS-IR-PAULIUS-C.docx\">Bir\u017eelio 29 d-\u0160V. PETRAS IR PAULIUS -C<\/a><a href=\"https:\/\/fredrikstad.katolsk.no\/wp-content\/uploads\/2025\/06\/Birzelio-29-d-SV.-PETRAS-IR-PAULIUS-C.docx\" class=\"wp-block-file__button wp-element-button\" download aria-describedby=\"wp-block-file--media-140e33de-8303-4168-ae69-b969b8349ffe\">Last ned<\/a><\/div>\n","protected":false},"excerpt":{"rendered":"","protected":false},"author":4,"featured_media":0,"comment_status":"closed","ping_status":"open","sticky":false,"template":"","format":"standard","meta":{"footnotes":""},"categories":[6,14,15,30],"tags":[],"class_list":["post-17941","post","type-post","status-publish","format-standard","hentry","category-nyheter","category-pa-engelsk","category-pa-polsk","category-sondagsbrev"],"_links":{"self":[{"href":"https:\/\/fredrikstad.katolsk.no\/index.php?rest_route=\/wp\/v2\/posts\/17941","targetHints":{"allow":["GET"]}}],"collection":[{"href":"https:\/\/fredrikstad.katolsk.no\/index.php?rest_route=\/wp\/v2\/posts"}],"about":[{"href":"https:\/\/fredrikstad.katolsk.no\/index.php?rest_route=\/wp\/v2\/types\/post"}],"author":[{"embeddable":true,"href":"https:\/\/fredrikstad.katolsk.no\/index.php?rest_route=\/wp\/v2\/users\/4"}],"replies":[{"embeddable":true,"href":"https:\/\/fredrikstad.katolsk.no\/index.php?rest_route=%2Fwp%2Fv2%2Fcomments&post=17941"}],"version-history":[{"count":2,"href":"https:\/\/fredrikstad.katolsk.no\/index.php?rest_route=\/wp\/v2\/posts\/17941\/revisions"}],"predecessor-version":[{"id":17954,"href":"https:\/\/fredrikstad.katolsk.no\/index.php?rest_route=\/wp\/v2\/posts\/17941\/revisions\/17954"}],"wp:attachment":[{"href":"https:\/\/fredrikstad.katolsk.no\/index.php?rest_route=%2Fwp%2Fv2%2Fmedia&parent=17941"}],"wp:term":[{"taxonomy":"category","embeddable":true,"href":"https:\/\/fredrikstad.katolsk.no\/index.php?rest_route=%2Fwp%2Fv2%2Fcategories&post=17941"},{"taxonomy":"post_tag","embeddable":true,"href":"https:\/\/fredrikstad.katolsk.no\/index.php?rest_route=%2Fwp%2Fv2%2Ftags&post=17941"}],"curies":[{"name":"wp","href":"https:\/\/api.w.org\/{rel}","templated":true}]}}