{"id":17992,"date":"2025-07-25T15:04:46","date_gmt":"2025-07-25T13:04:46","guid":{"rendered":"https:\/\/fredrikstad.katolsk.no\/?p=17992"},"modified":"2025-07-25T15:20:34","modified_gmt":"2025-07-25T13:20:34","slug":"lesninger-olsok-29-juli-2025-uroczystosc-sw-olafa-29-lipca","status":"publish","type":"post","link":"https:\/\/fredrikstad.katolsk.no\/?p=17992","title":{"rendered":"Lesninger olsok, 29. juli 2025.  Uroczystosc Sw. Olafa \u2013 29 lipca."},"content":{"rendered":"\n<figure class=\"wp-block-image size-full\"><img loading=\"lazy\" decoding=\"async\" width=\"250\" height=\"268\" src=\"http:\/\/fredrikstad.katolsk.no\/wp-content\/uploads\/2020\/07\/olav_den_hellige.jpg\" alt=\"\" class=\"wp-image-7260\"\/><\/figure>\n\n\n\n<div class=\"wp-block-file\"><a id=\"wp-block-file--media-aec9ed2d-1030-44c1-aa45-2b2c99b2547f\" href=\"https:\/\/fredrikstad.katolsk.no\/wp-content\/uploads\/2025\/07\/Lesninger-Den-hellige-Olav-29.-juli.docx\">Lesninger Den hellige Olav (29. juli)<\/a><a href=\"https:\/\/fredrikstad.katolsk.no\/wp-content\/uploads\/2025\/07\/Lesninger-Den-hellige-Olav-29.-juli.docx\" class=\"wp-block-file__button wp-element-button\" download aria-describedby=\"wp-block-file--media-aec9ed2d-1030-44c1-aa45-2b2c99b2547f\">Last ned<\/a><\/div>\n\n\n\n<div class=\"wp-block-file\"><a id=\"wp-block-file--media-44d8b34a-7209-4317-82ef-510ad12a7267\" href=\"https:\/\/fredrikstad.katolsk.no\/wp-content\/uploads\/2025\/07\/Polsk-sondagsblad-OLSOK-\u2013-29.-JULI-Uroczystosc-Sw.-Olafa-\u2013-29-lipca.docx\">Polsk s\u00f8ndagsblad -OLSOK \u2013 29. JULI &#8211; Uroczystosc Sw. Olafa \u2013 29 lipca<\/a><a href=\"https:\/\/fredrikstad.katolsk.no\/wp-content\/uploads\/2025\/07\/Polsk-sondagsblad-OLSOK-\u2013-29.-JULI-Uroczystosc-Sw.-Olafa-\u2013-29-lipca.docx\" class=\"wp-block-file__button wp-element-button\" download aria-describedby=\"wp-block-file--media-44d8b34a-7209-4317-82ef-510ad12a7267\">Last ned<\/a><\/div>\n\n\n\n<p>Olsok i \u00d8stfold.\u00a0 Hjertelig velkommen til alle \u00d8stfolds kirker for \u00e5 feire den Hellige Olav med h\u00f8ytidsmesse i RYGGE KIRKE 29. JULI kl. 19.00.\u00a0 Se oppslag.\u00a0 Det blir ikke messe i St. Birgitta Kirke.<\/p>\n","protected":false},"excerpt":{"rendered":"<p>Olsok i \u00d8stfold.\u00a0 Hjertelig velkommen til alle \u00d8stfolds kirker for \u00e5 feire den Hellige Olav med h\u00f8ytidsmesse i RYGGE KIRKE 29. JULI kl. 19.00.\u00a0 Se oppslag.\u00a0 Det blir ikke messe i St. Birgitta Kirke.<\/p>\n","protected":false},"author":4,"featured_media":0,"comment_status":"closed","ping_status":"open","sticky":false,"template":"","format":"standard","meta":{"footnotes":""},"categories":[6,15,30],"tags":[],"class_list":["post-17992","post","type-post","status-publish","format-standard","hentry","category-nyheter","category-pa-polsk","category-sondagsbrev"],"_links":{"self":[{"href":"https:\/\/fredrikstad.katolsk.no\/index.php?rest_route=\/wp\/v2\/posts\/17992","targetHints":{"allow":["GET"]}}],"collection":[{"href":"https:\/\/fredrikstad.katolsk.no\/index.php?rest_route=\/wp\/v2\/posts"}],"about":[{"href":"https:\/\/fredrikstad.katolsk.no\/index.php?rest_route=\/wp\/v2\/types\/post"}],"author":[{"embeddable":true,"href":"https:\/\/fredrikstad.katolsk.no\/index.php?rest_route=\/wp\/v2\/users\/4"}],"replies":[{"embeddable":true,"href":"https:\/\/fredrikstad.katolsk.no\/index.php?rest_route=%2Fwp%2Fv2%2Fcomments&post=17992"}],"version-history":[{"count":2,"href":"https:\/\/fredrikstad.katolsk.no\/index.php?rest_route=\/wp\/v2\/posts\/17992\/revisions"}],"predecessor-version":[{"id":18001,"href":"https:\/\/fredrikstad.katolsk.no\/index.php?rest_route=\/wp\/v2\/posts\/17992\/revisions\/18001"}],"wp:attachment":[{"href":"https:\/\/fredrikstad.katolsk.no\/index.php?rest_route=%2Fwp%2Fv2%2Fmedia&parent=17992"}],"wp:term":[{"taxonomy":"category","embeddable":true,"href":"https:\/\/fredrikstad.katolsk.no\/index.php?rest_route=%2Fwp%2Fv2%2Fcategories&post=17992"},{"taxonomy":"post_tag","embeddable":true,"href":"https:\/\/fredrikstad.katolsk.no\/index.php?rest_route=%2Fwp%2Fv2%2Ftags&post=17992"}],"curies":[{"name":"wp","href":"https:\/\/api.w.org\/{rel}","templated":true}]}}