{"id":18018,"date":"2025-08-15T13:42:08","date_gmt":"2025-08-15T11:42:08","guid":{"rendered":"https:\/\/fredrikstad.katolsk.no\/?p=18018"},"modified":"2025-08-15T13:42:08","modified_gmt":"2025-08-15T11:42:08","slug":"festbrev-jomfru-marias-opptagelse-i-himmelen-15-august-2025","status":"publish","type":"post","link":"https:\/\/fredrikstad.katolsk.no\/?p=18018","title":{"rendered":"Festbrev &#8211; Jomfru Marias opptagelse i himmelen. 15. august 2025."},"content":{"rendered":"\n<div class=\"wp-block-file\"><a id=\"wp-block-file--media-83aa1d88-71bf-41d8-96b4-1e03fcdfe318\" href=\"https:\/\/fredrikstad.katolsk.no\/wp-content\/uploads\/2025\/08\/ASSUMPTIO-2025-C.docx\">ASSUMPTIO &#8211; 2025 -C<\/a><a href=\"https:\/\/fredrikstad.katolsk.no\/wp-content\/uploads\/2025\/08\/ASSUMPTIO-2025-C.docx\" class=\"wp-block-file__button wp-element-button\" download aria-describedby=\"wp-block-file--media-83aa1d88-71bf-41d8-96b4-1e03fcdfe318\">Last ned<\/a><\/div>\n\n\n\n<p><strong>Lesninger:<\/strong><\/p>\n\n\n\n<div class=\"wp-block-file\"><a id=\"wp-block-file--media-87aea639-16d4-4d43-b332-20b1153dd88a\" href=\"https:\/\/fredrikstad.katolsk.no\/wp-content\/uploads\/2025\/08\/Lesninger-Den-salige-Jomfru-Marias-opptagelse-i-himmelen-15.-august.docx\">Lesninger Den salige Jomfru Marias opptagelse i himmelen (15. august)<\/a><a href=\"https:\/\/fredrikstad.katolsk.no\/wp-content\/uploads\/2025\/08\/Lesninger-Den-salige-Jomfru-Marias-opptagelse-i-himmelen-15.-august.docx\" class=\"wp-block-file__button wp-element-button\" download aria-describedby=\"wp-block-file--media-87aea639-16d4-4d43-b332-20b1153dd88a\">Last ned<\/a><\/div>\n\n\n\n<div class=\"wp-block-file\"><a id=\"wp-block-file--media-963b3278-4b0b-4df3-809e-15444d8b0278\" href=\"https:\/\/fredrikstad.katolsk.no\/wp-content\/uploads\/2025\/08\/Polsk-sondagsblad-Jomfru-Marias-opptagelse-i-himmelen-Wniebowziecie-Najswietszej-Maryi-Panny.docx\">Polsk s\u00f8ndagsblad -Jomfru Marias opptagelse i himmelen-Wniebowzi\u0119cie Naj\u015bwi\u0119tszej Maryi Panny<\/a><a href=\"https:\/\/fredrikstad.katolsk.no\/wp-content\/uploads\/2025\/08\/Polsk-sondagsblad-Jomfru-Marias-opptagelse-i-himmelen-Wniebowziecie-Najswietszej-Maryi-Panny.docx\" class=\"wp-block-file__button wp-element-button\" download aria-describedby=\"wp-block-file--media-963b3278-4b0b-4df3-809e-15444d8b0278\">Last ned<\/a><\/div>\n\n\n\n<div class=\"wp-block-file\"><a id=\"wp-block-file--media-26ae14b3-acec-4961-a019-9490e03379d2\" href=\"https:\/\/fredrikstad.katolsk.no\/wp-content\/uploads\/2025\/08\/Solemnity-of-the-Assumption-of-the-Blessed-Virgin-Mary.docx\">Solemnity of the Assumption of the Blessed Virgin Mary<\/a><a href=\"https:\/\/fredrikstad.katolsk.no\/wp-content\/uploads\/2025\/08\/Solemnity-of-the-Assumption-of-the-Blessed-Virgin-Mary.docx\" class=\"wp-block-file__button wp-element-button\" download aria-describedby=\"wp-block-file--media-26ae14b3-acec-4961-a019-9490e03379d2\">Last ned<\/a><\/div>\n\n\n\n<div class=\"wp-block-file\"><a id=\"wp-block-file--media-f390b1c6-57ca-4bb2-89dc-1a685edb4e41\" href=\"https:\/\/fredrikstad.katolsk.no\/wp-content\/uploads\/2025\/08\/Sekmadieno-skaitiniai-SVC.-M.-MARIJOS-EMIMAS-I-DANGU-ASSUMPTIO-B.docx\">Sekmadieno skaitiniai-\u0160V\u010c. M. MARIJOS \u0116MIMAS \u012e DANG\u0172  -ASSUMPTIO-B<\/a><a href=\"https:\/\/fredrikstad.katolsk.no\/wp-content\/uploads\/2025\/08\/Sekmadieno-skaitiniai-SVC.-M.-MARIJOS-EMIMAS-I-DANGU-ASSUMPTIO-B.docx\" class=\"wp-block-file__button wp-element-button\" download aria-describedby=\"wp-block-file--media-f390b1c6-57ca-4bb2-89dc-1a685edb4e41\">Last ned<\/a><\/div>\n","protected":false},"excerpt":{"rendered":"<p>Lesninger:<\/p>\n","protected":false},"author":4,"featured_media":0,"comment_status":"closed","ping_status":"open","sticky":false,"template":"","format":"standard","meta":{"footnotes":""},"categories":[6,14,15,30],"tags":[],"class_list":["post-18018","post","type-post","status-publish","format-standard","hentry","category-nyheter","category-pa-engelsk","category-pa-polsk","category-sondagsbrev"],"_links":{"self":[{"href":"https:\/\/fredrikstad.katolsk.no\/index.php?rest_route=\/wp\/v2\/posts\/18018","targetHints":{"allow":["GET"]}}],"collection":[{"href":"https:\/\/fredrikstad.katolsk.no\/index.php?rest_route=\/wp\/v2\/posts"}],"about":[{"href":"https:\/\/fredrikstad.katolsk.no\/index.php?rest_route=\/wp\/v2\/types\/post"}],"author":[{"embeddable":true,"href":"https:\/\/fredrikstad.katolsk.no\/index.php?rest_route=\/wp\/v2\/users\/4"}],"replies":[{"embeddable":true,"href":"https:\/\/fredrikstad.katolsk.no\/index.php?rest_route=%2Fwp%2Fv2%2Fcomments&post=18018"}],"version-history":[{"count":1,"href":"https:\/\/fredrikstad.katolsk.no\/index.php?rest_route=\/wp\/v2\/posts\/18018\/revisions"}],"predecessor-version":[{"id":18024,"href":"https:\/\/fredrikstad.katolsk.no\/index.php?rest_route=\/wp\/v2\/posts\/18018\/revisions\/18024"}],"wp:attachment":[{"href":"https:\/\/fredrikstad.katolsk.no\/index.php?rest_route=%2Fwp%2Fv2%2Fmedia&parent=18018"}],"wp:term":[{"taxonomy":"category","embeddable":true,"href":"https:\/\/fredrikstad.katolsk.no\/index.php?rest_route=%2Fwp%2Fv2%2Fcategories&post=18018"},{"taxonomy":"post_tag","embeddable":true,"href":"https:\/\/fredrikstad.katolsk.no\/index.php?rest_route=%2Fwp%2Fv2%2Ftags&post=18018"}],"curies":[{"name":"wp","href":"https:\/\/api.w.org\/{rel}","templated":true}]}}