{"id":18045,"date":"2025-08-22T15:27:39","date_gmt":"2025-08-22T13:27:39","guid":{"rendered":"https:\/\/fredrikstad.katolsk.no\/?p=18045"},"modified":"2025-08-22T15:28:23","modified_gmt":"2025-08-22T13:28:23","slug":"forste-undervisningsdag-i-det-nye-skolearet-blir-lordag-den-30-august-kl-9-45-nb-3-klasse-begynner-kl-9-00-den-30-august-nb","status":"publish","type":"post","link":"https:\/\/fredrikstad.katolsk.no\/?p=18045","title":{"rendered":"F\u00f8rste undervisningsdag i det nye skole\u00e5ret blir l\u00f8rdag den 30. august kl. 9.45.  NB!! 3. klasse begynner kl. 9.00 den 30. august.\u00a0 NB!!"},"content":{"rendered":"\n<p><strong><u>Kj\u00e6re elever og foreldre.&nbsp; Velkommen til trosundervisning (katekese) i St. Birgitta menighet!<\/u><\/strong><\/p>\n\n\n\n<p><strong>F\u00f8rste undervisningsdag i det nye skole\u00e5ret vil bli l\u00f8rdag den 30. august kl. 9.45.<\/strong><\/p>\n\n\n\n<p><strong>Vi ber om at foreldrene blir med barna inn i klasserommene ca. halv time for \u00e5 snakke med kateketen.<\/strong><\/p>\n\n\n\n<p><strong>Undervisningsl\u00f8rdager for skole\u00e5ret 2025\/2026:<\/strong><\/p>\n\n\n\n<p><strong>&nbsp;30. august&nbsp;&nbsp;&nbsp;&nbsp;&nbsp;&nbsp;&nbsp;&nbsp;&nbsp;&nbsp;&nbsp;&nbsp;&nbsp;&nbsp;&nbsp;&nbsp;&nbsp;&nbsp;&nbsp;&nbsp;&nbsp;&nbsp;&nbsp;&nbsp;&nbsp;&nbsp;&nbsp;&nbsp;&nbsp; 3. januar<\/strong><\/p>\n\n\n\n<p><strong>13. september&nbsp;&nbsp;&nbsp;&nbsp;&nbsp;&nbsp;&nbsp;&nbsp;&nbsp;&nbsp;&nbsp;&nbsp;&nbsp;&nbsp;&nbsp; &nbsp;&nbsp;&nbsp;&nbsp;&nbsp;&nbsp;&nbsp; 31. januar<\/strong><\/p>\n\n\n\n<p><strong>18. oktober&nbsp;&nbsp;&nbsp;&nbsp;&nbsp;&nbsp;&nbsp;&nbsp;&nbsp;&nbsp;&nbsp;&nbsp;&nbsp;&nbsp;&nbsp;&nbsp;&nbsp;&nbsp;&nbsp;&nbsp;&nbsp;&nbsp;&nbsp;&nbsp;&nbsp;&nbsp;&nbsp;&nbsp; 7<\/strong><strong>. mars<\/strong><\/p>\n\n\n\n<p><strong>1. november&nbsp;&nbsp;&nbsp;&nbsp;&nbsp;&nbsp;&nbsp;&nbsp;&nbsp;&nbsp;&nbsp;&nbsp;&nbsp;&nbsp;&nbsp;&nbsp;&nbsp; &nbsp;&nbsp;&nbsp;&nbsp;&nbsp;&nbsp;&nbsp; 18. april<\/strong><\/p>\n\n\n\n<p><strong>6. des<\/strong><strong>ember&nbsp;&nbsp;&nbsp;&nbsp;&nbsp;&nbsp;&nbsp;&nbsp;&nbsp;&nbsp;&nbsp;&nbsp;&nbsp;&nbsp;&nbsp;&nbsp;&nbsp;&nbsp; &nbsp;&nbsp;&nbsp;&nbsp;&nbsp;&nbsp;&nbsp; 9. mai avslutning<\/strong><\/p>\n\n\n\n<p><a><strong>Foreldrem\u00f8te for 1. kommunionsbarn blir fredag 19. september kl. <\/strong><\/a><strong>18.<\/strong><strong>00<\/strong><\/p>\n\n\n\n<p><strong>NB!!<\/strong> <strong>3. klasse begynner kl. 9.00 den 30. august.&nbsp; NB!!<\/strong><\/p>\n\n\n\n<p><strong>Undervisningsdagen forl\u00f8per slik:<\/strong><\/p>\n\n\n\n<p>Kl. 09.45 \u2013 10.45 Undervisning&nbsp;&nbsp;&nbsp;&nbsp;&nbsp;&nbsp;&nbsp;&nbsp;&nbsp;&nbsp;&nbsp;&nbsp;&nbsp;&nbsp;&nbsp;&nbsp;&nbsp;&nbsp;&nbsp;&nbsp;&nbsp;&nbsp; Kl. 11.45 \u2013 12.15 Lunsj (mat\/drikke serveres)<\/p>\n\n\n\n<p>Kl. 10.45 \u2013 11.00 Sang\u00f8velse&nbsp;&nbsp;&nbsp;&nbsp;&nbsp;&nbsp;&nbsp;&nbsp;&nbsp;&nbsp;&nbsp;&nbsp;&nbsp;&nbsp;&nbsp;&nbsp;&nbsp;&nbsp;&nbsp;&nbsp;&nbsp;&nbsp;&nbsp;&nbsp;&nbsp; Kl. 12.15 \u2013 13.15 Undervisning<\/p>\n\n\n\n<p>Kl. 11.00 \u2013 11.45 Messe<strong>&nbsp;&nbsp;&nbsp;&nbsp;&nbsp;&nbsp;&nbsp;&nbsp;&nbsp;&nbsp;&nbsp;&nbsp;&nbsp;&nbsp;&nbsp;&nbsp;&nbsp;&nbsp;&nbsp;&nbsp;&nbsp;&nbsp;&nbsp;&nbsp;&nbsp;&nbsp;&nbsp;&nbsp;&nbsp;&nbsp;&nbsp;&nbsp;&nbsp;&nbsp;<\/strong><\/p>\n\n\n\n<p><strong>Kateketer dette skole\u00e5ret:<\/strong><\/p>\n\n\n\n<p>1. klasse: Agnes Budnik&nbsp; &nbsp;&nbsp;&nbsp;&nbsp;&nbsp;&nbsp;&nbsp;&nbsp;&nbsp;&nbsp;&nbsp;&nbsp;&nbsp;&nbsp;&nbsp;&nbsp;&nbsp;&nbsp;&nbsp;&nbsp;&nbsp;&nbsp;&nbsp;&nbsp;&nbsp;Assistent:&nbsp;&nbsp;&nbsp;<\/p>\n\n\n\n<p>2. klasse: Raja Toma Younan og Milena Kanabaj<\/p>\n\n\n\n<p>3. klasse:Clarissa &nbsp;&nbsp;Levita&nbsp;&nbsp;&nbsp;&nbsp;&nbsp;&nbsp;&nbsp;&nbsp;&nbsp; Assistent: Beatrice Bangela&nbsp; og Iselin Mouland<\/p>\n\n\n\n<p>4. klasse: Emmie Braaten&nbsp;&nbsp;&nbsp;&nbsp;&nbsp;<\/p>\n\n\n\n<p>5. klasse: Nicholas Christiansen<\/p>\n\n\n\n<p>6.\/7. klasse: M\u00e5lfrid Norg\u00e5rd og Najila &nbsp;Pereira&nbsp;&nbsp;&nbsp;&nbsp;&nbsp;&nbsp;&nbsp;&nbsp;&nbsp;&nbsp;&nbsp;&nbsp;&nbsp;&nbsp;&nbsp;&nbsp;&nbsp;&nbsp;&nbsp;&nbsp;&nbsp;&nbsp;&nbsp;&nbsp;&nbsp;&nbsp;&nbsp;&nbsp;&nbsp;&nbsp;&nbsp;&nbsp;&nbsp;&nbsp;&nbsp;&nbsp;&nbsp;&nbsp;&nbsp;&nbsp;&nbsp;&nbsp;<\/p>\n\n\n\n<p>8. klasse: Ray Pereira<\/p>\n\n\n\n<p>Vikarer: Lars P. Kuran, &nbsp;Daniel Paszek, Christian Fladeby, Vigdis Maatje, og Nikola Probola<\/p>\n\n\n\n<p><strong><u>Katekesekontingent<\/u><\/strong><\/p>\n\n\n\n<p><strong>Alle barna i katekesen m\u00e5 betale en kontingent som g\u00e5r til \u00e5 dekke utgifter til mat og materiell.&nbsp; Det barna m\u00e5 ta med seg, er skrivesaker og evt. utdelte b\u00f8ker og permer.&nbsp; <\/strong><strong><\/strong><\/p>\n\n\n\n<p><strong>Kontingenten er kr. 150,- pr. barn pr. skole\u00e5r.&nbsp; For 1. kommunionsbarn&nbsp; kr. 400,-.&nbsp; For 8. klasse kr. 300,-.<\/strong><\/p>\n\n\n\n<p><strong>Kontingentbetaling til konto: 1503.19.45078. Merk betalingen med barnets (barnas) navn og klasse.<\/strong><strong><\/strong><\/p>\n\n\n\n<p>Katekesen er et lokallag av NUK (Norges Unge Katolikker). Det betyr at hvert barn m\u00e5 melde seg inn p\u00e5 nytt i katekesen hvert \u00e5r.&nbsp; Alle som deltar i katekesen blir ogs\u00e5 automatisk ogs\u00e5 medlem av NUK. Hvis du ikke \u00f8nsker \u00e5 v\u00e6re medlem av NUK, krysser du av p\u00e5 innmeldingsskjemaet.&nbsp; Som medlem f\u00e5r du blader og rabatter p\u00e5 leire.&nbsp; Prisen er den samme, enten du \u00f8nsker \u00e5 v\u00e6re medlem eller ikke. <strong>&nbsp;Biskopen og sognepresten <\/strong>anbefaler alle \u00e5 v\u00e6re medlem av Norges Unge Katolikker.<\/p>\n\n\n\n<p><strong>Med vennlig hilsen<\/strong><\/p>\n\n\n\n<p><strong>St. Birgitta menighet \/ St. Birgitta katekeselag<\/strong><\/p>\n\n\n\n<p><strong>Tlf: 69 30 15 20&nbsp;&nbsp;&nbsp;&nbsp; E-post:<\/strong><strong> <\/strong><a href=\"mailto:fredrikstad@katolsk.no\">fredrikstad@katolsk.no<\/a><\/p>\n\n\n\n<p><strong>St. Josephs gate 17, 1606 Fredrikstad<\/strong><\/p>\n\n\n\n<div class=\"wp-block-file\"><a id=\"wp-block-file--media-aa9b3be9-8572-4551-9e41-d94446d5e67f\" href=\"https:\/\/fredrikstad.katolsk.no\/wp-content\/uploads\/2025\/08\/Katekesebrev-250822.docx\">Katekesebrev 250822<\/a><a href=\"https:\/\/fredrikstad.katolsk.no\/wp-content\/uploads\/2025\/08\/Katekesebrev-250822.docx\" class=\"wp-block-file__button wp-element-button\" download aria-describedby=\"wp-block-file--media-aa9b3be9-8572-4551-9e41-d94446d5e67f\">Last ned<\/a><\/div>\n\n\n\n<div class=\"wp-block-file\"><a id=\"wp-block-file--media-484da642-460d-48e7-b4ad-b5eed67c3ac1\" href=\"https:\/\/fredrikstad.katolsk.no\/wp-content\/uploads\/2025\/08\/Innmeldingkatekesen-2025-26-enkel.docx\">Innmeldingkatekesen 2025-26-enkel<\/a><a href=\"https:\/\/fredrikstad.katolsk.no\/wp-content\/uploads\/2025\/08\/Innmeldingkatekesen-2025-26-enkel.docx\" class=\"wp-block-file__button wp-element-button\" download aria-describedby=\"wp-block-file--media-484da642-460d-48e7-b4ad-b5eed67c3ac1\">Last ned<\/a><\/div>\n","protected":false},"excerpt":{"rendered":"<p>Kj\u00e6re elever og foreldre.&nbsp; Velkommen til trosundervisning (katekese) i St. Birgitta menighet! F\u00f8rste undervisningsdag i det nye skole\u00e5ret vil bli l\u00f8rdag den 30. august kl. 9.45. Vi ber om at foreldrene blir med barna inn i klasserommene ca. halv time &hellip; <a href=\"https:\/\/fredrikstad.katolsk.no\/?p=18045\">Les videre <span class=\"meta-nav\">&rarr;<\/span><\/a><\/p>\n","protected":false},"author":4,"featured_media":0,"comment_status":"closed","ping_status":"open","sticky":false,"template":"","format":"standard","meta":{"footnotes":""},"categories":[33,6],"tags":[],"class_list":["post-18045","post","type-post","status-publish","format-standard","hentry","category-katekese","category-nyheter"],"_links":{"self":[{"href":"https:\/\/fredrikstad.katolsk.no\/index.php?rest_route=\/wp\/v2\/posts\/18045","targetHints":{"allow":["GET"]}}],"collection":[{"href":"https:\/\/fredrikstad.katolsk.no\/index.php?rest_route=\/wp\/v2\/posts"}],"about":[{"href":"https:\/\/fredrikstad.katolsk.no\/index.php?rest_route=\/wp\/v2\/types\/post"}],"author":[{"embeddable":true,"href":"https:\/\/fredrikstad.katolsk.no\/index.php?rest_route=\/wp\/v2\/users\/4"}],"replies":[{"embeddable":true,"href":"https:\/\/fredrikstad.katolsk.no\/index.php?rest_route=%2Fwp%2Fv2%2Fcomments&post=18045"}],"version-history":[{"count":1,"href":"https:\/\/fredrikstad.katolsk.no\/index.php?rest_route=\/wp\/v2\/posts\/18045\/revisions"}],"predecessor-version":[{"id":18048,"href":"https:\/\/fredrikstad.katolsk.no\/index.php?rest_route=\/wp\/v2\/posts\/18045\/revisions\/18048"}],"wp:attachment":[{"href":"https:\/\/fredrikstad.katolsk.no\/index.php?rest_route=%2Fwp%2Fv2%2Fmedia&parent=18045"}],"wp:term":[{"taxonomy":"category","embeddable":true,"href":"https:\/\/fredrikstad.katolsk.no\/index.php?rest_route=%2Fwp%2Fv2%2Fcategories&post=18045"},{"taxonomy":"post_tag","embeddable":true,"href":"https:\/\/fredrikstad.katolsk.no\/index.php?rest_route=%2Fwp%2Fv2%2Ftags&post=18045"}],"curies":[{"name":"wp","href":"https:\/\/api.w.org\/{rel}","templated":true}]}}