{"id":2039,"date":"2014-04-25T19:37:23","date_gmt":"2014-04-25T17:37:23","guid":{"rendered":"http:\/\/fredrikstad.katolsk.no\/?p=2039"},"modified":"2014-04-25T19:37:41","modified_gmt":"2014-04-25T17:37:41","slug":"1-kommunionsmesse-3-og-4-mai","status":"publish","type":"post","link":"https:\/\/fredrikstad.katolsk.no\/?p=2039","title":{"rendered":"1. kommunionsmesse  3. og 4. mai."},"content":{"rendered":"<h2 class=\"western\"><span style=\"font-family: 'Times New Roman', serif;\">Det skal v\u00e6re skriftem\u00e5l for barna <\/span><strong><span style=\"font-family: 'Times New Roman', serif;\">torsdag 1. mai kl. 11.00<\/span><span style=\"font-family: 'Times New Roman', serif;\">.<\/span><\/strong><\/h2>\n<p class=\"western\"><span style=\"font-family: 'Times New Roman', serif;\">Legger ved ark om skriftem\u00e5l. Vennligst\u00a0<\/span><span style=\"font-family: 'Times New Roman', serif;\">hjelp barna med \u00e5 forberede seg<\/span><span style=\"font-family: 'Times New Roman', serif;\">. <\/span><\/p>\n<p class=\"western\"><a href=\"http:\/\/fredrikstad.katolsk.no\/wp-content\/uploads\/2014\/03\/SKRIFTEM\u00c5L.pdf\">SKRIFTEM\u00c5L<\/a><\/p>\n<p class=\"western\"><span style=\"font-family: 'Times New Roman', serif;\">Eventuelt ordne hvite kapper.<\/span><\/p>\n<p class=\"western\"><span style=\"font-family: 'Times New Roman', serif;\">\u00d8velse i kirken <\/span><strong><span style=\"font-family: 'Times New Roman', serif;\">fredag 2.mai <\/span><\/strong><span style=\"font-family: 'Times New Roman', serif;\"><strong>kl. 17.00<\/strong> for l\u00f8rdagsgruppen og<strong> kl. 18.00<\/strong> for s\u00f8ndagsgruppen. Dere g\u00e5r igjennom 1. kommunionsmessen.<\/span><\/p>\n<p class=\"western\"><strong><span style=\"font-family: 'Times New Roman', serif;\">L\u00f8rdag 3. ma<\/span><\/strong><span style=\"font-family: 'Times New Roman', serif;\"><strong>i<\/strong> er det oppm\u00f8te<\/span><strong><span style=\"font-family: 'Times New Roman', serif;\"> kl. 11.30<\/span><\/strong><span style=\"font-family: 'Times New Roman', serif;\"> for de 1.kommunionsbarna som skal motta 1. kommunion den dagen og deres foreldrene<strong>. <\/strong><\/span><strong><span style=\"font-family: 'Times New Roman', serif;\">Messen starter kl. 12.00.<\/span><\/strong><\/p>\n<p class=\"western\"><strong><span style=\"font-family: 'Times New Roman', serif;\">S\u00f8ndag 4. mai<\/span><\/strong><span style=\"font-family: 'Times New Roman', serif;\"> er det oppm\u00f8te<\/span><span style=\"font-family: 'Times New Roman', serif;\"><strong> kl. 12.30<\/strong><b> <\/b><\/span><span style=\"font-family: 'Times New Roman', serif;\">for de 1.kommunionsbarna som skal motta 1. kommunion den dagen og deres foreldrene. <\/span><strong><span style=\"font-family: 'Times New Roman', serif;\"> Messen starter kl. 13.00.<\/span><\/strong><\/p>\n","protected":false},"excerpt":{"rendered":"<p>Det skal v\u00e6re skriftem\u00e5l for barna torsdag 1. mai kl. 11.00. Legger ved ark om skriftem\u00e5l. Vennligst\u00a0hjelp barna med \u00e5 forberede seg. SKRIFTEM\u00c5L Eventuelt ordne hvite kapper. \u00d8velse i kirken fredag 2.mai kl. 17.00 for l\u00f8rdagsgruppen og kl. 18.00 for &hellip; <a href=\"https:\/\/fredrikstad.katolsk.no\/?p=2039\">Les videre <span class=\"meta-nav\">&rarr;<\/span><\/a><\/p>\n","protected":false},"author":4,"featured_media":0,"comment_status":"closed","ping_status":"open","sticky":false,"template":"","format":"standard","meta":{"footnotes":""},"categories":[33,6],"tags":[],"class_list":["post-2039","post","type-post","status-publish","format-standard","hentry","category-katekese","category-nyheter"],"_links":{"self":[{"href":"https:\/\/fredrikstad.katolsk.no\/index.php?rest_route=\/wp\/v2\/posts\/2039","targetHints":{"allow":["GET"]}}],"collection":[{"href":"https:\/\/fredrikstad.katolsk.no\/index.php?rest_route=\/wp\/v2\/posts"}],"about":[{"href":"https:\/\/fredrikstad.katolsk.no\/index.php?rest_route=\/wp\/v2\/types\/post"}],"author":[{"embeddable":true,"href":"https:\/\/fredrikstad.katolsk.no\/index.php?rest_route=\/wp\/v2\/users\/4"}],"replies":[{"embeddable":true,"href":"https:\/\/fredrikstad.katolsk.no\/index.php?rest_route=%2Fwp%2Fv2%2Fcomments&post=2039"}],"version-history":[{"count":2,"href":"https:\/\/fredrikstad.katolsk.no\/index.php?rest_route=\/wp\/v2\/posts\/2039\/revisions"}],"predecessor-version":[{"id":2041,"href":"https:\/\/fredrikstad.katolsk.no\/index.php?rest_route=\/wp\/v2\/posts\/2039\/revisions\/2041"}],"wp:attachment":[{"href":"https:\/\/fredrikstad.katolsk.no\/index.php?rest_route=%2Fwp%2Fv2%2Fmedia&parent=2039"}],"wp:term":[{"taxonomy":"category","embeddable":true,"href":"https:\/\/fredrikstad.katolsk.no\/index.php?rest_route=%2Fwp%2Fv2%2Fcategories&post=2039"},{"taxonomy":"post_tag","embeddable":true,"href":"https:\/\/fredrikstad.katolsk.no\/index.php?rest_route=%2Fwp%2Fv2%2Ftags&post=2039"}],"curies":[{"name":"wp","href":"https:\/\/api.w.org\/{rel}","templated":true}]}}