{"id":2242,"date":"2014-06-25T17:54:45","date_gmt":"2014-06-25T15:54:45","guid":{"rendered":"http:\/\/fredrikstad.katolsk.no\/?p=2242"},"modified":"2014-06-25T17:54:45","modified_gmt":"2014-06-25T15:54:45","slug":"menighetsfest-sondag-29-juni-kl-11-00","status":"publish","type":"post","link":"https:\/\/fredrikstad.katolsk.no\/?p=2242","title":{"rendered":"Menighetsfest s\u00f8ndag 29. juni kl. 11.00."},"content":{"rendered":"<p class=\"western\" style=\"text-align: left;\" align=\"right\">St. Birgitta menighetsfest.<\/p>\n<p class=\"western\" style=\"text-align: left;\" align=\"center\">S\u00f8ndag 29. juni kl. 11.00 starter vi med internasjonal messe.<\/p>\n<p class=\"western\" style=\"text-align: left;\" align=\"center\">Salmer og forb\u00f8nner vil v\u00e6re p\u00e5 forskjellige spr\u00e5k.<\/p>\n<p class=\"western\">Utvidet kirkekaffe med agapem\u00e5ltid.<\/p>\n<p class=\"western\">Alle er hjertelig velkomne til denne festen!<\/p>\n<p class=\"western\">Sammen med St. Birgitta, la oss prise Gud.<\/p>\n<p class=\"western\">St. Birgitta menighets festkomit\u00e9<\/p>\n<p>&nbsp;<\/p>\n<p>Se plakaten:\u00a0<a href=\"http:\/\/fredrikstad.katolsk.no\/wp-content\/uploads\/2014\/06\/Menighetsfest-2014PLAKAT.doc\">Menighetsfest 2014PLAKAT<\/a><\/p>\n<p>&nbsp;<\/p>\n","protected":false},"excerpt":{"rendered":"<p>St. Birgitta menighetsfest. S\u00f8ndag 29. juni kl. 11.00 starter vi med internasjonal messe. Salmer og forb\u00f8nner vil v\u00e6re p\u00e5 forskjellige spr\u00e5k. Utvidet kirkekaffe med agapem\u00e5ltid. Alle er hjertelig velkomne til denne festen! Sammen med St. Birgitta, la oss prise Gud. &hellip; <a href=\"https:\/\/fredrikstad.katolsk.no\/?p=2242\">Les videre <span class=\"meta-nav\">&rarr;<\/span><\/a><\/p>\n","protected":false},"author":4,"featured_media":0,"comment_status":"closed","ping_status":"open","sticky":false,"template":"","format":"standard","meta":{"footnotes":""},"categories":[6],"tags":[],"class_list":["post-2242","post","type-post","status-publish","format-standard","hentry","category-nyheter"],"_links":{"self":[{"href":"https:\/\/fredrikstad.katolsk.no\/index.php?rest_route=\/wp\/v2\/posts\/2242","targetHints":{"allow":["GET"]}}],"collection":[{"href":"https:\/\/fredrikstad.katolsk.no\/index.php?rest_route=\/wp\/v2\/posts"}],"about":[{"href":"https:\/\/fredrikstad.katolsk.no\/index.php?rest_route=\/wp\/v2\/types\/post"}],"author":[{"embeddable":true,"href":"https:\/\/fredrikstad.katolsk.no\/index.php?rest_route=\/wp\/v2\/users\/4"}],"replies":[{"embeddable":true,"href":"https:\/\/fredrikstad.katolsk.no\/index.php?rest_route=%2Fwp%2Fv2%2Fcomments&post=2242"}],"version-history":[{"count":1,"href":"https:\/\/fredrikstad.katolsk.no\/index.php?rest_route=\/wp\/v2\/posts\/2242\/revisions"}],"predecessor-version":[{"id":2244,"href":"https:\/\/fredrikstad.katolsk.no\/index.php?rest_route=\/wp\/v2\/posts\/2242\/revisions\/2244"}],"wp:attachment":[{"href":"https:\/\/fredrikstad.katolsk.no\/index.php?rest_route=%2Fwp%2Fv2%2Fmedia&parent=2242"}],"wp:term":[{"taxonomy":"category","embeddable":true,"href":"https:\/\/fredrikstad.katolsk.no\/index.php?rest_route=%2Fwp%2Fv2%2Fcategories&post=2242"},{"taxonomy":"post_tag","embeddable":true,"href":"https:\/\/fredrikstad.katolsk.no\/index.php?rest_route=%2Fwp%2Fv2%2Ftags&post=2242"}],"curies":[{"name":"wp","href":"https:\/\/api.w.org\/{rel}","templated":true}]}}