{"id":2544,"date":"2014-10-10T15:34:53","date_gmt":"2014-10-10T13:34:53","guid":{"rendered":"http:\/\/fredrikstad.katolsk.no\/?p=2544"},"modified":"2014-10-10T15:40:21","modified_gmt":"2014-10-10T13:40:21","slug":"rosenkransandakter-i-oktober-2","status":"publish","type":"post","link":"https:\/\/fredrikstad.katolsk.no\/?p=2544","title":{"rendered":"Rosenkransandakter i oktober."},"content":{"rendered":"<p><a href=\"http:\/\/fredrikstad.katolsk.no\/wp-content\/uploads\/2014\/10\/Maria-med-rosenkrans.jpg\"><img loading=\"lazy\" decoding=\"async\" class=\"alignnone size-full wp-image-2547\" src=\"http:\/\/fredrikstad.katolsk.no\/wp-content\/uploads\/2014\/10\/Maria-med-rosenkrans.jpg\" alt=\"Maria med rosenkrans\" width=\"205\" height=\"245\" \/><\/a><\/p>\n<p>&nbsp;<\/p>\n<p>Oktober er rosenkransm\u00e5ned som er spesielt dedikert til Maria, Guds Mor. Vi har rosenkransandakt fra mandag til og med l\u00f8rdag p\u00e5 forskjellige spr\u00e5k.\u00a0Se messetidene og oppslag.<\/p>\n<ul>\n<li>\n<p style=\"color: #373737;\"><em><strong>Rosenkransandakter i St. Birgitta Kirke.\u00a0<\/strong><\/em><\/p>\n<p style=\"color: #373737;\">Mandager kl. 18.00 \u2013 Afrikansk gruppe<\/p>\n<p style=\"color: #373737;\">Tirsdager kl. 18.00 \u2013 Filippinsk gruppe<\/p>\n<p class=\"western\" style=\"color: #373737;\" align=\"left\">Onsdager kl. 17.15 \u2013 Vietnamesisk gruppe<\/p>\n<p class=\"western\" style=\"color: #373737;\" align=\"left\">Torsdager kl. 17.15 \u2013 Polsk gruppe<\/p>\n<p class=\"western\" style=\"color: #373737;\" align=\"left\">Fredager kl. 18.00 \u2013 Irakisk gruppe<\/p>\n<p class=\"western\" style=\"color: #373737;\" align=\"left\">L\u00f8rdager kl. 17.15 \u2013 Norsk<\/p>\n<p class=\"western\" style=\"color: #373737;\">Maria innviterer alle !<\/p>\n<\/li>\n<\/ul>\n","protected":false},"excerpt":{"rendered":"<p>&nbsp; Oktober er rosenkransm\u00e5ned som er spesielt dedikert til Maria, Guds Mor. Vi har rosenkransandakt fra mandag til og med l\u00f8rdag p\u00e5 forskjellige spr\u00e5k.\u00a0Se messetidene og oppslag. Rosenkransandakter i St. Birgitta Kirke.\u00a0 Mandager kl. 18.00 \u2013 Afrikansk gruppe Tirsdager kl. &hellip; <a href=\"https:\/\/fredrikstad.katolsk.no\/?p=2544\">Les videre <span class=\"meta-nav\">&rarr;<\/span><\/a><\/p>\n","protected":false},"author":4,"featured_media":0,"comment_status":"closed","ping_status":"open","sticky":false,"template":"","format":"standard","meta":{"footnotes":""},"categories":[6],"tags":[],"class_list":["post-2544","post","type-post","status-publish","format-standard","hentry","category-nyheter"],"_links":{"self":[{"href":"https:\/\/fredrikstad.katolsk.no\/index.php?rest_route=\/wp\/v2\/posts\/2544","targetHints":{"allow":["GET"]}}],"collection":[{"href":"https:\/\/fredrikstad.katolsk.no\/index.php?rest_route=\/wp\/v2\/posts"}],"about":[{"href":"https:\/\/fredrikstad.katolsk.no\/index.php?rest_route=\/wp\/v2\/types\/post"}],"author":[{"embeddable":true,"href":"https:\/\/fredrikstad.katolsk.no\/index.php?rest_route=\/wp\/v2\/users\/4"}],"replies":[{"embeddable":true,"href":"https:\/\/fredrikstad.katolsk.no\/index.php?rest_route=%2Fwp%2Fv2%2Fcomments&post=2544"}],"version-history":[{"count":4,"href":"https:\/\/fredrikstad.katolsk.no\/index.php?rest_route=\/wp\/v2\/posts\/2544\/revisions"}],"predecessor-version":[{"id":2549,"href":"https:\/\/fredrikstad.katolsk.no\/index.php?rest_route=\/wp\/v2\/posts\/2544\/revisions\/2549"}],"wp:attachment":[{"href":"https:\/\/fredrikstad.katolsk.no\/index.php?rest_route=%2Fwp%2Fv2%2Fmedia&parent=2544"}],"wp:term":[{"taxonomy":"category","embeddable":true,"href":"https:\/\/fredrikstad.katolsk.no\/index.php?rest_route=%2Fwp%2Fv2%2Fcategories&post=2544"},{"taxonomy":"post_tag","embeddable":true,"href":"https:\/\/fredrikstad.katolsk.no\/index.php?rest_route=%2Fwp%2Fv2%2Ftags&post=2544"}],"curies":[{"name":"wp","href":"https:\/\/api.w.org\/{rel}","templated":true}]}}