{"id":2764,"date":"2015-01-23T15:23:19","date_gmt":"2015-01-23T14:23:19","guid":{"rendered":"http:\/\/fredrikstad.katolsk.no\/?p=2764"},"modified":"2015-01-23T15:23:19","modified_gmt":"2015-01-23T14:23:19","slug":"fransk-messe","status":"publish","type":"post","link":"https:\/\/fredrikstad.katolsk.no\/?p=2764","title":{"rendered":"Fransk messe."},"content":{"rendered":"<p>Det blir ikke franske messer den f\u00f8rste l\u00f8rdagen i m\u00e5neden i februar og mars.<\/p>\n<p>Neste franske messer blir l\u00f8rdag 28. februar og l\u00f8rdag 28. mars<\/p>\n","protected":false},"excerpt":{"rendered":"<p>Det blir ikke franske messer den f\u00f8rste l\u00f8rdagen i m\u00e5neden i februar og mars. Neste franske messer blir l\u00f8rdag 28. februar og l\u00f8rdag 28. mars<\/p>\n","protected":false},"author":4,"featured_media":0,"comment_status":"closed","ping_status":"open","sticky":false,"template":"","format":"standard","meta":{"footnotes":""},"categories":[6],"tags":[],"class_list":["post-2764","post","type-post","status-publish","format-standard","hentry","category-nyheter"],"_links":{"self":[{"href":"https:\/\/fredrikstad.katolsk.no\/index.php?rest_route=\/wp\/v2\/posts\/2764","targetHints":{"allow":["GET"]}}],"collection":[{"href":"https:\/\/fredrikstad.katolsk.no\/index.php?rest_route=\/wp\/v2\/posts"}],"about":[{"href":"https:\/\/fredrikstad.katolsk.no\/index.php?rest_route=\/wp\/v2\/types\/post"}],"author":[{"embeddable":true,"href":"https:\/\/fredrikstad.katolsk.no\/index.php?rest_route=\/wp\/v2\/users\/4"}],"replies":[{"embeddable":true,"href":"https:\/\/fredrikstad.katolsk.no\/index.php?rest_route=%2Fwp%2Fv2%2Fcomments&post=2764"}],"version-history":[{"count":1,"href":"https:\/\/fredrikstad.katolsk.no\/index.php?rest_route=\/wp\/v2\/posts\/2764\/revisions"}],"predecessor-version":[{"id":2765,"href":"https:\/\/fredrikstad.katolsk.no\/index.php?rest_route=\/wp\/v2\/posts\/2764\/revisions\/2765"}],"wp:attachment":[{"href":"https:\/\/fredrikstad.katolsk.no\/index.php?rest_route=%2Fwp%2Fv2%2Fmedia&parent=2764"}],"wp:term":[{"taxonomy":"category","embeddable":true,"href":"https:\/\/fredrikstad.katolsk.no\/index.php?rest_route=%2Fwp%2Fv2%2Fcategories&post=2764"},{"taxonomy":"post_tag","embeddable":true,"href":"https:\/\/fredrikstad.katolsk.no\/index.php?rest_route=%2Fwp%2Fv2%2Ftags&post=2764"}],"curies":[{"name":"wp","href":"https:\/\/api.w.org\/{rel}","templated":true}]}}