{"id":3317,"date":"2015-11-06T15:20:05","date_gmt":"2015-11-06T14:20:05","guid":{"rendered":"http:\/\/fredrikstad.katolsk.no\/?p=3317"},"modified":"2015-11-06T15:20:44","modified_gmt":"2015-11-06T14:20:44","slug":"trosundervisning-lordag-7-november-kl-9-45","status":"publish","type":"post","link":"https:\/\/fredrikstad.katolsk.no\/?p=3317","title":{"rendered":"Trosundervisning l\u00f8rdag 7. november kl.9.45."},"content":{"rendered":"<p class=\"western\"><u><b>Kj\u00e6re elever og foreldre. <\/b><\/u><\/p>\n<p class=\"western\">Vi \u00f8nsker igjen velkommen til trosundervisning l\u00f8rdag den 7. november i St. Birgitta menighet. Neste undervisningsdag er det <b>ALLESJELERS DAG<\/b> som st\u00e5r i sentrum. Vi skal be for v\u00e5re avd\u00f8de i messen.<\/p>\n<p class=\"western\"><u><b>L\u00f8rdagene 7. november og 5. desember vil det <\/b><\/u><span style=\"color: #ff0000;\"><u><b>for alle barn<\/b><\/u><\/span><span style=\"color: #000000;\"><u><b> bli <\/b><\/u><\/span><u><b>en halv time med \u00f8velse av sang til f\u00f8rjulskonserten den 12. desember. \u00d8velsen vil vare fra kl. 13.00 til kl. 13.30<\/b><\/u><\/p>\n<p class=\"western\"><b>Felles lunsj \u2013 alle foreldre kommer til \u00e5 delta med oppgaver: kj\u00f8kken og barnepass.<\/b><\/p>\n<p class=\"western\"><a name=\"_GoBack\"><\/a>Ordning begynte undervisningen 12.september. <span style=\"color: #ff0000;\">Det er foreldre til barn i 6.klasse, som er bedt om \u00e5 hjelpe p\u00e5 l\u00f8rdag 07.11.15. Det gir ogs\u00e5 foreldre anledning til \u00e5 delta i familiemesser med barna. <\/span><span style=\"color: #ff0000;\"><b>Det er behov for ca. 6 personer hver gang \u2013 for \u00e5 hjelpe med lunsj, servering \/rydding og passe barna i friminutt.<\/b><\/span><\/p>\n<p class=\"western\"><b>Foreldre skal komme kl. 10.00 og forberede lunsjen p\u00e5 kj\u00f8kkenet.<\/b><\/p>\n<p class=\"western\"><span style=\"color: #000000;\"><b>Foreldre til 6. klasse<\/b><\/span> <span style=\"color: #000000;\"><u>skal komme <\/u><\/span><span style=\"color: #000000;\"><u><b>kl 10.00<\/b><\/u><\/span><span style=\"color: #000000;\"><u>, jobbe 1 time, delta i messen \/ servere og passe <\/u><\/span><span style=\"color: #000000;\">barn. De som ikke kan komme tidligere \/delta i messen, m\u00e5 komme<\/span><span style=\"color: #000000;\"><b> senest 11.30<\/b><\/span><span style=\"color: #000000;\"> for \u00e5 servere \/passe barn. Vennligst <\/span><span style=\"color: #000000;\"><u>gi tilbakemelding til katekeseleder Elzbieta Hagen p\u00e5 mail: <\/u><\/span><span style=\"color: #0000ff;\"><u><a href=\"mailto:Elzbieta.hagen@gmail.com\"><span style=\"color: #0000cc;\">elzbieta.hagen@gmail.com<\/span><\/a><\/u><\/span><span style=\"color: #000000;\"><u> eller tlf: <\/u><\/span><span style=\"color: #0000cc;\"><u>907 19 460<\/u><\/span><u> <\/u><span style=\"color: #000000;\"><u><b> innen torsdag 5. november<\/b><\/u><\/span><span style=\"color: #000000;\"><u>, om hvem som kommer og n\u00e5r 7. november.<\/u><\/span><span style=\"color: #000000;\"> Vennligst gi ogs\u00e5 beskjed om man ikke kan!<\/span><\/p>\n<p class=\"western\"><b>Undervisningsl\u00f8rdager for skole\u00e5ret 2014\/2015:<\/b><\/p>\n<p class=\"western\"><b>7<\/b><b>. november<\/b> &#8211; 5. desember &#8211; 9. januar &#8211; 6. februar &#8211; 5. mars &#8211; 16. april &#8211; 21. mai<\/p>\n<p class=\"western\"><b> Undervisningsdagen forl\u00f8per slik:<\/b><\/p>\n<p class=\"western\"><span style=\"font-size: xx-small;\">Kl. 09.45 \u2013 10.45 Undervisning Kl. 11.45 \u2013 12.15 Lunsj (mat\/drikke serveres)<\/span><\/p>\n<p class=\"western\"><span style=\"font-size: xx-small;\">Kl. 10.45 \u2013 11.00 Sang\u00f8velse Kl. 12.15 \u2013 13.00 Undersvisning<\/span><\/p>\n<p class=\"western\"><span style=\"font-size: xx-small;\">Kl. 11.00 \u2013 11.45 Messe<\/span><span style=\"font-size: xx-small;\"><b> Kl.13.00 \u2013 13.30 \u00d8velse til f\u00f8rjulskonsert<\/b><\/span><\/p>\n<p class=\"western\"><b>Kateketer dette skole\u00e5ret:<\/b><\/p>\n<p class=\"western\"><span style=\"font-size: xx-small;\">1. klasse: Grelpa Camacho-Adalim og Sozan Al-Tammu <\/span><\/p>\n<p class=\"western\"><span style=\"font-size: xx-small;\">2. klasse: Raya Toma Younan og Jawan Saib Altiari<\/span><\/p>\n<p class=\"western\"><span style=\"font-size: xx-small;\">3. klasse: Emmie Braaten, og Marzena Thoresen Assistent: Anna Jagodzinsk og Beatrice Masika Bangela <\/span><\/p>\n<p class=\"western\"><span style=\"font-size: xx-small;\">4. klasse: Vigdis Maatje Assistent: Joanna Bylica <\/span><\/p>\n<p class=\"western\"><span style=\"font-size: xx-small;\">5. klasse: Ewa Hem <\/span><\/p>\n<p class=\"western\"><span style=\"font-size: xx-small;\">6. klasse: Danuta Ptasinska <\/span><\/p>\n<p class=\"western\"><span style=\"font-size: xx-small;\">7. klasse: Elzbieta Hagen <\/span><\/p>\n<p class=\"western\"><span style=\"font-size: xx-small;\">8. klasse: Ray Pereira<\/span><\/p>\n<p class=\"western\"><span style=\"font-size: xx-small;\">Koordinator for lunsj: Alma Fabella-Karlsen<\/span><\/p>\n<p class=\"western\"><span style=\"font-size: xx-small;\">Ansvar for barnekor: Bente Heiseldal<\/span><\/p>\n<p class=\"western\"><span style=\"font-size: xx-small;\">Kateketvikar: Julianna Moberg<\/span><\/p>\n<p class=\"western\" align=\"center\"><span style=\"color: #2323dc;\"><u><b>Katekesekontingent<\/b><\/u><\/span><\/p>\n<p class=\"western\"><b>Alle barna i katekesen m\u00e5 betale en kontingent som g\u00e5r til \u00e5 dekke utgifter til mat og materiell. Det eneste barna m\u00e5 ta med seg, er skrivesaker og evt. utdelte b\u00f8ker og permer. <\/b><\/p>\n<p class=\"western\"><span style=\"color: #0000ff;\"><b>Kontingenten er kr. 100,- pr. barn (1,2,4,5,6. og 7.klasse). For 1. kommunionsbarn kr. 350,-.<\/b><\/span><\/p>\n<p class=\"western\"><span style=\"color: #0000ff;\"><b>For 8. klasse kr. 200,-. <\/b><\/span><\/p>\n<p class=\"western\"><span style=\"color: #0000ff;\"><b>Giroinnbetaling til konto: 1503.19.45078. Merk betalingen med barnets (barnas) navn og klasse.<\/b><\/span><b> <\/b><\/p>\n<p class=\"western\" align=\"center\"><b>Med vennlig hilsen<\/b><\/p>\n<p class=\"western\" align=\"center\"><b>St. Birgitta menighet \/ St. Birgitta katekeselag<\/b><\/p>\n<p class=\"western\" align=\"center\"><span lang=\"en-US\"><b>Tlf: 69 30 15 20 E-post: <\/b><\/span><span style=\"color: #0000ff;\"><u><a href=\"mailto:fredrikstad@katolsk.no\">fredrikstad@katolsk.no<\/a><\/u><\/span><\/p>\n<p class=\"western\" align=\"center\"><b>St. Josephs gate 17, 1606 Fredrikstad<\/b><\/p>\n<p class=\"western\" align=\"center\">\n<p class=\"western\" align=\"center\">Se brevet her:\u00a0<a href=\"http:\/\/fredrikstad.katolsk.no\/wp-content\/uploads\/2015\/11\/Katekese-151107.pdf\">Katekese 151107<\/a><\/p>\n","protected":false},"excerpt":{"rendered":"<p>Kj\u00e6re elever og foreldre. Vi \u00f8nsker igjen velkommen til trosundervisning l\u00f8rdag den 7. november i St. Birgitta menighet. Neste undervisningsdag er det ALLESJELERS DAG som st\u00e5r i sentrum. Vi skal be for v\u00e5re avd\u00f8de i messen. L\u00f8rdagene 7. november og &hellip; <a href=\"https:\/\/fredrikstad.katolsk.no\/?p=3317\">Les videre <span class=\"meta-nav\">&rarr;<\/span><\/a><\/p>\n","protected":false},"author":4,"featured_media":0,"comment_status":"closed","ping_status":"open","sticky":false,"template":"","format":"standard","meta":{"footnotes":""},"categories":[33,6],"tags":[],"class_list":["post-3317","post","type-post","status-publish","format-standard","hentry","category-katekese","category-nyheter"],"_links":{"self":[{"href":"https:\/\/fredrikstad.katolsk.no\/index.php?rest_route=\/wp\/v2\/posts\/3317","targetHints":{"allow":["GET"]}}],"collection":[{"href":"https:\/\/fredrikstad.katolsk.no\/index.php?rest_route=\/wp\/v2\/posts"}],"about":[{"href":"https:\/\/fredrikstad.katolsk.no\/index.php?rest_route=\/wp\/v2\/types\/post"}],"author":[{"embeddable":true,"href":"https:\/\/fredrikstad.katolsk.no\/index.php?rest_route=\/wp\/v2\/users\/4"}],"replies":[{"embeddable":true,"href":"https:\/\/fredrikstad.katolsk.no\/index.php?rest_route=%2Fwp%2Fv2%2Fcomments&post=3317"}],"version-history":[{"count":2,"href":"https:\/\/fredrikstad.katolsk.no\/index.php?rest_route=\/wp\/v2\/posts\/3317\/revisions"}],"predecessor-version":[{"id":3320,"href":"https:\/\/fredrikstad.katolsk.no\/index.php?rest_route=\/wp\/v2\/posts\/3317\/revisions\/3320"}],"wp:attachment":[{"href":"https:\/\/fredrikstad.katolsk.no\/index.php?rest_route=%2Fwp%2Fv2%2Fmedia&parent=3317"}],"wp:term":[{"taxonomy":"category","embeddable":true,"href":"https:\/\/fredrikstad.katolsk.no\/index.php?rest_route=%2Fwp%2Fv2%2Fcategories&post=3317"},{"taxonomy":"post_tag","embeddable":true,"href":"https:\/\/fredrikstad.katolsk.no\/index.php?rest_route=%2Fwp%2Fv2%2Ftags&post=3317"}],"curies":[{"name":"wp","href":"https:\/\/api.w.org\/{rel}","templated":true}]}}