{"id":3562,"date":"2016-02-19T16:38:03","date_gmt":"2016-02-19T15:38:03","guid":{"rendered":"http:\/\/fredrikstad.katolsk.no\/?p=3562"},"modified":"2016-02-19T16:42:12","modified_gmt":"2016-02-19T15:42:12","slug":"jubileumsfeiring-mandag-29-februar-kl-11-00","status":"publish","type":"post","link":"https:\/\/fredrikstad.katolsk.no\/?p=3562","title":{"rendered":"Jubileumsfeiring mandag 29. februar kl.11.00."},"content":{"rendered":"<p><a href=\"http:\/\/fredrikstad.katolsk.no\/wp-content\/uploads\/2016\/02\/OMI-200.png\"><img loading=\"lazy\" decoding=\"async\" class=\"  wp-image-3563 aligncenter\" src=\"http:\/\/fredrikstad.katolsk.no\/wp-content\/uploads\/2016\/02\/OMI-200-300x136.png\" alt=\"OMI-200\" width=\"401\" height=\"189\" \/><\/a><\/p>\n<p class=\"western\"><span style=\"color: #0000ff;\"><span style=\"font-size: large;\"><span lang=\"no-NO\">I anledning av 200-\u00e5rsjubileet for oblatfedrene &#8211; Missionary Oblates of Mary Immaculate- \u00f8nsker Oblatfedrene i Fredrikstad hjertelig velkommen til markering av begivenheten.<\/span><\/span><\/span><span style=\"color: #0000ff;\"><span lang=\"no-NO\"><br \/>\n<\/span><\/span><\/p>\n<p class=\"western\"><span style=\"color: #0000ff;\"><span style=\"font-size: large;\"><span lang=\"no-NO\"><u><b>29. februar 2016 kl 11:00<\/b><\/u><\/span><\/span><\/span><span style=\"color: #0000ff;\"><span style=\"font-size: large;\"><span lang=\"no-NO\"><u><b> \u2013<\/b><\/u><\/span><\/span><\/span><span style=\"color: #0000ff;\"><span style=\"font-size: large;\"><span lang=\"no-NO\"> Festmesse i St. Birgitta kirke i Fredrikstad, hoved<\/span><\/span><\/span><span style=\"color: #0000ff;\"><span style=\"font-size: large;\"><span lang=\"no-NO\">celebrant <\/span><\/span><\/span><span style=\"color: #0000ff;\"><span style=\"font-size: large;\"><span lang=\"no-NO\"><b>biskop av Oslo Mgr. Bernt Eidsvig,\u00a0<\/b><\/span><\/span><\/span><span style=\"color: #0000ff;\"><span style=\"font-size: large;\"><span lang=\"no-NO\"><b>Can Reg<\/b><\/span><\/span><\/span><span style=\"color: #0000ff;\"><span lang=\"no-NO\">.\u00a0<\/span><\/span><\/p>\n<p class=\"western\"><span style=\"color: #0000ff;\"><span style=\"font-size: large;\"><span lang=\"no-NO\">Vi inviterer alle mennesker av god vilje til\u00a0<\/span><\/span><\/span><span style=\"color: #0000ff;\"><span style=\"font-size: large;\"><span lang=\"no-NO\">\u00e5 bli<\/span><\/span><\/span> <span style=\"color: #0000ff;\"><span style=\"font-size: large;\"><span lang=\"no-NO\">med oss p\u00e5 denne viktige merkedagen for v\u00e5r\u00a0<\/span><\/span><\/span><span style=\"color: #0000ff;\"><span style=\"font-size: large;\"><span lang=\"no-NO\">kongregasjon.<\/span><\/span><\/span><span style=\"color: #0000ff;\"><span lang=\"no-NO\"><br \/>\n<\/span><\/span><\/p>\n<p class=\"western\"><span style=\"color: #0000ff;\"><span style=\"font-size: large;\"><span lang=\"no-NO\"><u><b>29 . februar 2016 klokken 12.30<\/b><\/u><\/span><\/span><\/span><span style=\"color: #0000ff;\"><span style=\"font-size: large;\"><span lang=\"no-NO\"> \u2013 Mottakelse og lunsj i St. Birgitta menighetssal.<\/span><\/span><\/span><\/p>\n<p class=\"western\"><span style=\"color: #0000ff;\"><span style=\"font-size: large;\"><span lang=\"no-NO\">V<\/span><\/span><\/span><span style=\"color: #0000ff;\"><span style=\"font-size: large;\"><span lang=\"no-NO\"><b>elkommen til \u00e5<\/b><\/span><\/span><\/span> <span style=\"color: #0000ff;\"><span style=\"font-size: large;\"><span lang=\"no-NO\"><b> feire sammen med oss v\u00e5re 200 \u00e5r i Kirkens tjeneste! <\/b><\/span><\/span><\/span><\/p>\n<p class=\"western\"><span style=\"color: #0000ff;\"><span style=\"font-size: large;\"><span lang=\"no-NO\"><b>OMI \u2013 JUBILEUM \u2013 <\/b><\/span><\/span><\/span><span style=\"color: #0000ff;\"><span style=\"font-size: large;\"><span lang=\"no-NO\"><b>VITNESBYRD.<\/b><\/span><\/span><\/span><span style=\"color: #0000ff;\"><span lang=\"no-NO\"><br \/>\n<\/span><\/span><span style=\"color: #0000ff;\"><span lang=\"no-NO\">I anledning av 200-\u00e5rsjubileum for Oblatfedrene, inviterer vi alle mennesker av god vilje til \u00e5 skrive et kort vitnesbyrd p\u00e5 f\u00f8lgende emne (maks 300 ord.): <\/span><\/span><span style=\"color: #0000ff;\"><span lang=\"no-NO\"><b>\u00abHvordan p\u00e5virket Oblatfedrenes tjeneste og eksempel mitt liv. \u00bb<\/b><\/span><\/span><span style=\"color: #0000ff;\"><span lang=\"no-NO\"><br \/>\n<\/span><\/span><\/p>\n<p class=\"western\">Dere kan sende deres vitnesbyrd via e-post til: jagath.p.gunapala@katolsk.no<span style=\"color: #0000ff;\"><span lang=\"no-NO\"><br \/>\nMed deres tillatelse vil vi inkludere deres vitnesbyrd i v\u00e5r jubileumsbok.<\/span><\/span><\/p>\n<p class=\"western\"><a href=\"http:\/\/fredrikstad.katolsk.no\/wp-content\/uploads\/2015\/12\/OMI-oblat.jpg\"><img loading=\"lazy\" decoding=\"async\" class=\" size-full wp-image-3371 alignright\" src=\"http:\/\/fredrikstad.katolsk.no\/wp-content\/uploads\/2015\/12\/OMI-oblat.jpg\" alt=\"OMI-oblat\" width=\"171\" height=\"176\" \/><\/a><\/p>\n<p class=\"western\">\n<p class=\"western\">\n<p class=\"western\">\n<p class=\"western\"><span style=\"color: #0000ff;\"><span style=\"font-size: large;\"><b>Oblatfedrene <\/b><\/span><\/span><\/p>\n<p class=\"western\"><span style=\"color: #0000ff;\"><span style=\"font-size: large;\">Fredrikstad kommunitet.<\/span><\/span><\/p>\n<p class=\"western\"><span style=\"color: #0000ff;\"><span style=\"font-size: large;\"><b>\u00ab<\/b><\/span><\/span><span style=\"color: #0000ff;\"><span style=\"font-family: sans-serif, Arial;\"><span style=\"font-size: large;\"><b>Evangelizare pauperibus misit me. Pauperes evangelizantur.\u00bb<\/b><\/span><\/span><\/span><\/p>\n","protected":false},"excerpt":{"rendered":"<p>I anledning av 200-\u00e5rsjubileet for oblatfedrene &#8211; Missionary Oblates of Mary Immaculate- \u00f8nsker Oblatfedrene i Fredrikstad hjertelig velkommen til markering av begivenheten. 29. februar 2016 kl 11:00 \u2013 Festmesse i St. Birgitta kirke i Fredrikstad, hovedcelebrant biskop av Oslo Mgr. &hellip; <a href=\"https:\/\/fredrikstad.katolsk.no\/?p=3562\">Les videre <span class=\"meta-nav\">&rarr;<\/span><\/a><\/p>\n","protected":false},"author":4,"featured_media":0,"comment_status":"closed","ping_status":"open","sticky":false,"template":"","format":"standard","meta":{"footnotes":""},"categories":[6],"tags":[],"class_list":["post-3562","post","type-post","status-publish","format-standard","hentry","category-nyheter"],"_links":{"self":[{"href":"https:\/\/fredrikstad.katolsk.no\/index.php?rest_route=\/wp\/v2\/posts\/3562","targetHints":{"allow":["GET"]}}],"collection":[{"href":"https:\/\/fredrikstad.katolsk.no\/index.php?rest_route=\/wp\/v2\/posts"}],"about":[{"href":"https:\/\/fredrikstad.katolsk.no\/index.php?rest_route=\/wp\/v2\/types\/post"}],"author":[{"embeddable":true,"href":"https:\/\/fredrikstad.katolsk.no\/index.php?rest_route=\/wp\/v2\/users\/4"}],"replies":[{"embeddable":true,"href":"https:\/\/fredrikstad.katolsk.no\/index.php?rest_route=%2Fwp%2Fv2%2Fcomments&post=3562"}],"version-history":[{"count":6,"href":"https:\/\/fredrikstad.katolsk.no\/index.php?rest_route=\/wp\/v2\/posts\/3562\/revisions"}],"predecessor-version":[{"id":3569,"href":"https:\/\/fredrikstad.katolsk.no\/index.php?rest_route=\/wp\/v2\/posts\/3562\/revisions\/3569"}],"wp:attachment":[{"href":"https:\/\/fredrikstad.katolsk.no\/index.php?rest_route=%2Fwp%2Fv2%2Fmedia&parent=3562"}],"wp:term":[{"taxonomy":"category","embeddable":true,"href":"https:\/\/fredrikstad.katolsk.no\/index.php?rest_route=%2Fwp%2Fv2%2Fcategories&post=3562"},{"taxonomy":"post_tag","embeddable":true,"href":"https:\/\/fredrikstad.katolsk.no\/index.php?rest_route=%2Fwp%2Fv2%2Ftags&post=3562"}],"curies":[{"name":"wp","href":"https:\/\/api.w.org\/{rel}","templated":true}]}}