{"id":3583,"date":"2016-02-26T15:21:40","date_gmt":"2016-02-26T14:21:40","guid":{"rendered":"http:\/\/fredrikstad.katolsk.no\/?p=3583"},"modified":"2016-03-11T14:12:34","modified_gmt":"2016-03-11T13:12:34","slug":"trosundervisning-lordag-den-5-mars-kl-9-45","status":"publish","type":"post","link":"https:\/\/fredrikstad.katolsk.no\/?p=3583","title":{"rendered":"Trosundervisning l\u00f8rdag 5. mars kl. 9.45."},"content":{"rendered":"<p class=\"western\"><u><b>Kj\u00e6re elever og foreldre. <\/b><\/u><b> <\/b><\/p>\n<p class=\"western\"><b>Vi \u00f8nsker igjen velkommen til trosundervisning l\u00f8rdag den 5. mars i St. Birgitta menighet. <\/b><\/p>\n<p class=\"western\"><b>Det n\u00e6rmer seg p\u00e5ske og i den anledning blir det <\/b><span style=\"color: #ff3333;\"><b>skrifte for 4. \u2013 8. klasse som m\u00f8ter i kirken<\/b><\/span><b>, de andre m\u00f8ter i klasserommene. Vi ber dere om \u00e5 <\/b><span style=\"color: #ff3333;\"><b>forberede dere hjemme<\/b><\/span><b> ved \u00e5 g\u00e5 igjennom vedlagte ark.<\/b><\/p>\n<p class=\"western\"><b>Kj\u00e6re foreldre til 1.kommunionsbarn. <\/b><\/p>\n<p class=\"western\"><u>Messedeltagelse<\/u> er en del av forberedelsen til 1.kommunion. Det oppfordres derfor til at barna deltar ogs\u00e5 i menighetens s\u00f8ndagsmesser. Alle 1.kommunionsbarn m\u00e5 fylle ut s\u00f8ndagsmesseskjema og levere det til presten. <b>Husk! F\u00f8rstekommunionsmeldingen m\u00e5 v\u00e6re ferdig utfylt f\u00f8r<\/b><span style=\"color: #ff3333;\"><b> 5. mars.<\/b><\/span><\/p>\n<p class=\"western\">Det er<b> viktig<\/b> at barna <u>m\u00f8ter til undervisningen<\/u>, og <u>kommer i tide<\/u>. Det forstyrrer mye n\u00e5r noen kommer for sent. Hvis barn som skal hentes f\u00f8r undervisningen er slutt, <span style=\"color: #ff3333;\"><b>M\u00c5<\/b><\/span> det gi beskjed til kateket p\u00e5 forh\u00e5nd.<\/p>\n<p class=\"western\"><b>Foreldre til 1. kommunionsbarn m\u00e5 hjelpe til ved konfirmasjonen. Brev med arbeidsfordeling kommer. <\/b>(Konfirmantforeldre hjelper til ved 1. kommunionsfeiringen).<\/p>\n<p class=\"western\" align=\"center\"><a name=\"_GoBack\"><\/a> <span style=\"color: #2323dc;\"><span style=\"font-size: large;\"><u><b>Viktige datoer:<\/b><\/u><\/span><\/span><\/p>\n<p class=\"western\"><u><b>Konfirmasjon<\/b><\/u><b> blir l\u00f8rdag 9. april 2016 kl. 13.00 ved biskop Gerhard \u00a0Schwenzer. <\/b><\/p>\n<p class=\"western\"><u><b>1.kommunion<\/b><\/u><b> blir l\u00f8rdag 7. mai 2016 kl. 11.00 og kl. 14.00.<\/b><\/p>\n<p class=\"western\"><b>Undervisningsdagen forl\u00f8per slik:<\/b><\/p>\n<p class=\"western\"><span style=\"font-size: xx-small;\">Kl. 09.45 \u2013 10.45 Undervisning \u00a0 \u00a0 \u00a0 \u00a0 \u00a0 \u00a0 \u00a0 \u00a0 \u00a0 \u00a0 \u00a0 \u00a0 \u00a0 \u00a0 \u00a0 \u00a0 Kl. 11.45 \u2013 12.15 Lunsj (mat\/drikke serveres)<\/span><\/p>\n<p class=\"western\"><span style=\"font-size: xx-small;\">Kl. 10.45 \u2013 11.00 Sang\u00f8velse \u00a0 \u00a0 \u00a0 \u00a0 \u00a0 \u00a0 \u00a0 \u00a0 \u00a0 \u00a0 \u00a0 \u00a0 \u00a0 \u00a0 \u00a0 \u00a0 Kl. 12.15 \u2013 13.00 Undervisning<\/span><\/p>\n<p class=\"western\"><span style=\"font-size: xx-small;\">Kl. 11.00 \u2013 11.45 Korsveiandakt<\/span><b> <\/b><\/p>\n<p class=\"western\" align=\"center\"><span style=\"color: #2323dc;\"><span style=\"font-size: large;\"><u><b>Katekesekontingent<\/b><\/u><\/span><\/span><\/p>\n<p class=\"western\"><b>Alle barna i katekesen m\u00e5 betale en<\/b><span style=\"font-size: large;\"><b> kontingent<\/b><\/span><b> som g\u00e5r til \u00e5<\/b><span style=\"font-size: large;\"><b> dekke utgifter til mat og materiell<\/b><\/span><b>. Det eneste barna m\u00e5 ta med seg, er skrivesaker og evt. utdelte b\u00f8ker og permer. <\/b><\/p>\n<p class=\"western\"><span style=\"color: #0000ff;\"><b>Kontingenten er kr. 100,- pr. barn. pr. skole\u00e5r <\/b><\/span><\/p>\n<p class=\"western\"><span style=\"color: #0000ff;\"><b>For 1. kommunionsbarn kr. 350,- for skole\u00e5ret.<\/b><\/span><\/p>\n<p class=\"western\"><span style=\"color: #0000ff;\"><b>For 8. klasse kr. 250,- .<\/b><\/span><\/p>\n<p class=\"western\"><span style=\"color: #0000ff;\"><span style=\"font-size: large;\"><b>Giroinnbetaling til konto:<\/b><\/span><\/span><b> <\/b><span style=\"color: #0000ff;\"><span style=\"font-size: large;\"><b>1503.19.45078.<\/b><\/span><\/span><span style=\"color: #0000ff;\"><b> Merk betalingen med barnets navn.<\/b><\/span><\/p>\n<p class=\"western\" align=\"center\"><b>Med vennlig hilsen<\/b><\/p>\n<p class=\"western\" align=\"center\"><b>St. Birgitta menighet \/ St. Birgitta katekeselag<\/b><\/p>\n<p class=\"western\" align=\"center\"><span lang=\"en-US\"><b>Tlf: 69 30 15 20 E-post: <\/b><\/span><span style=\"color: #0000ff;\"><u><a href=\"mailto:fredrikstad@katolsk.no\"><span lang=\"en-US\">fredrikstad@katolsk.no<\/span><\/a><\/u><\/span><\/p>\n<p class=\"western\" align=\"center\"><b>St. Josephs gate 17, 1606 Fredrikstad<\/b><\/p>\n<p class=\"western\" style=\"text-align: left;\" align=\"center\">Vedlegg: \u00a0<a href=\"http:\/\/fredrikstad.katolsk.no\/wp-content\/uploads\/2016\/02\/SKRIFTEMAL.pdf\">SKRIFTEMAL<\/a><\/p>\n","protected":false},"excerpt":{"rendered":"<p>Kj\u00e6re elever og foreldre. Vi \u00f8nsker igjen velkommen til trosundervisning l\u00f8rdag den 5. mars i St. Birgitta menighet. Det n\u00e6rmer seg p\u00e5ske og i den anledning blir det skrifte for 4. \u2013 8. klasse som m\u00f8ter i kirken, de andre &hellip; <a href=\"https:\/\/fredrikstad.katolsk.no\/?p=3583\">Les videre <span class=\"meta-nav\">&rarr;<\/span><\/a><\/p>\n","protected":false},"author":4,"featured_media":0,"comment_status":"closed","ping_status":"open","sticky":false,"template":"","format":"standard","meta":{"footnotes":""},"categories":[33,6],"tags":[],"class_list":["post-3583","post","type-post","status-publish","format-standard","hentry","category-katekese","category-nyheter"],"_links":{"self":[{"href":"https:\/\/fredrikstad.katolsk.no\/index.php?rest_route=\/wp\/v2\/posts\/3583","targetHints":{"allow":["GET"]}}],"collection":[{"href":"https:\/\/fredrikstad.katolsk.no\/index.php?rest_route=\/wp\/v2\/posts"}],"about":[{"href":"https:\/\/fredrikstad.katolsk.no\/index.php?rest_route=\/wp\/v2\/types\/post"}],"author":[{"embeddable":true,"href":"https:\/\/fredrikstad.katolsk.no\/index.php?rest_route=\/wp\/v2\/users\/4"}],"replies":[{"embeddable":true,"href":"https:\/\/fredrikstad.katolsk.no\/index.php?rest_route=%2Fwp%2Fv2%2Fcomments&post=3583"}],"version-history":[{"count":4,"href":"https:\/\/fredrikstad.katolsk.no\/index.php?rest_route=\/wp\/v2\/posts\/3583\/revisions"}],"predecessor-version":[{"id":3606,"href":"https:\/\/fredrikstad.katolsk.no\/index.php?rest_route=\/wp\/v2\/posts\/3583\/revisions\/3606"}],"wp:attachment":[{"href":"https:\/\/fredrikstad.katolsk.no\/index.php?rest_route=%2Fwp%2Fv2%2Fmedia&parent=3583"}],"wp:term":[{"taxonomy":"category","embeddable":true,"href":"https:\/\/fredrikstad.katolsk.no\/index.php?rest_route=%2Fwp%2Fv2%2Fcategories&post=3583"},{"taxonomy":"post_tag","embeddable":true,"href":"https:\/\/fredrikstad.katolsk.no\/index.php?rest_route=%2Fwp%2Fv2%2Ftags&post=3583"}],"curies":[{"name":"wp","href":"https:\/\/api.w.org\/{rel}","templated":true}]}}