{"id":3694,"date":"2016-04-29T18:32:28","date_gmt":"2016-04-29T16:32:28","guid":{"rendered":"http:\/\/fredrikstad.katolsk.no\/?p=3694"},"modified":"2016-04-29T18:33:05","modified_gmt":"2016-04-29T16:33:05","slug":"invitasjon-til-pontificalmesse-sondag-26-juni-kl-13-00-i-sarpsborg","status":"publish","type":"post","link":"https:\/\/fredrikstad.katolsk.no\/?p=3694","title":{"rendered":"Invitasjon til pontificalmesse s\u00f8ndag 26. juni kl. 13.00 i Sarpsborg."},"content":{"rendered":"<p class=\"western\"><span style=\"font-family: 'Comic Sans MS', serif;\"><span style=\"font-size: large;\"><b>Kj\u00e6re menighet. <\/b><\/span><\/span><\/p>\n<p class=\"western\"><span style=\"font-family: 'Comic Sans MS', serif;\"><span style=\"font-size: large;\"><u>S\u00f8ndag den 26. Juni<\/u><\/span><\/span><u> <\/u><span style=\"font-family: 'Comic Sans MS', serif;\"><span style=\"font-size: large;\"><u>2016 Kl. 13.00<\/u><\/span><\/span><span style=\"font-family: 'Comic Sans MS', serif;\"><span style=\"font-size: medium;\"> feirer St. Birgitta menighet friluftgudstjeneste i St. Niklas kirkeruin p\u00e5 Borgarsyssel museum i Sarpsborg. H\u00f8ymessen leses til \u00e6re for byens grunnlegger, hl. Olav og i anledning Sarpsborg bys 1000 \u00e5rs jubileum.<\/span><\/span><\/p>\n<p class=\"western\"><span style=\"font-family: 'Comic Sans MS', serif;\"><span style=\"font-size: large;\">V\u00e5r biskop Bernt Eidsvig Can. Reg. celebrerer pontificalmessen.<\/span><\/span><\/p>\n<p class=\"western\"><span style=\"font-family: 'Comic Sans MS', serif;\"><span style=\"font-size: medium;\">Det f\u00f8rste Olav den Hl. gjorde, da han kom til Borg, var \u00e5 bygge en voll og et kirkested. Hva er da mer naturlig enn, at vi katolikker, feirer h\u00f8ymesse her p\u00e5 \u201dhellig \u201d grunn. Vi vil at denne gudstjenesten skal v\u00e6re en kraftfull og \u00e6rverdig markering av den katolske kirke i v\u00e5r region. Vi \u00f8nsker at s\u00e5 mange som mulig vil delta. Ta derfor kopi av denne invitasjon og gj\u00f8r den synlig i v\u00e5penhuset og menighetslokalet deres og gjerne nevne invitasjonen ved kunngj\u00f8ringene.<\/span><\/span><\/p>\n<p class=\"western\"><span style=\"color: #ff0000;\"><span style=\"font-family: 'Comic Sans MS', serif;\"><span style=\"font-size: medium;\"><b>Men det er noen viktige punkter \u00e5 ta hensyn til ved deres bes\u00f8k :<\/b><\/span><\/span><\/span><u> <\/u><\/p>\n<p class=\"western\"><span style=\"color: #ff0000;\"><span style=\"font-family: 'Comic Sans MS', serif;\"><span style=\"font-size: medium;\"><u><b>Det m\u00e5 presiseres ved inngangen til museet at en vil delta i gudstjenesten.<\/b><\/u><\/span><\/span><\/span><u> <\/u><span style=\"font-family: 'Comic Sans MS', serif;\"><span style=\"font-size: medium;\"><u>(<\/u><\/span><\/span><span style=\"font-size: small;\"><u>det<\/u><\/span><u> <\/u><span style=\"font-size: medium;\"><u>vil ellers bli avkrevd inngangspenger.)<\/u><\/span><u> <\/u><span style=\"color: #ff0000;\"><span style=\"font-family: 'Comic Sans MS', serif;\"><span style=\"font-size: medium;\"><u><b>Ha med \u201dlett\u201d stol ,dersom du vil sitte.<\/b><\/u><\/span><\/span><\/span><u> <\/u><u> <\/u><span style=\"font-size: medium;\"><u>( det er masse areal , men begrenset med sitteplasser. )<\/u><\/span><u> <\/u><span style=\"color: #ff0000;\"><span style=\"font-family: 'Comic Sans MS', serif;\"><span style=\"font-size: medium;\"><u><b>Messen leses i det fri<\/b><\/u><\/span><\/span><\/span><u> <\/u><span style=\"font-size: medium;\"><u> ( ta hensyn til v\u00e6r og vind .) Bykart med inntegnet \u201d P \u201d parkeringspl. ( maks avstand 250 m )<\/u><\/span><\/p>\n<p class=\"western\"><span style=\"font-family: 'Comic Sans MS', serif;\"><span style=\"font-size: medium;\">Med jubileumshilsen menighetsr\u00e5det St. Birgitta Fredrikstad \/ Sarpsborg<\/span><\/span><\/p>\n<p class=\"western\"><span style=\"font-family: 'Comic Sans MS', serif;\"><span style=\"font-size: medium;\">Martin Freiberger \u00a0 \u00a0 \u00a0 \u00a0 \u00a0 \u00a0 \u00a0 \u00a0 \u00a0 \u00a0 \u00a0P. Jagath Gunapala OMI<\/span><\/span><\/p>\n<p class=\"western\"><span style=\"font-size: medium;\">Leder. \u00a0 \u00a0 \u00a0 \u00a0 \u00a0 \u00a0 \u00a0 \u00a0 \u00a0 \u00a0 \u00a0 \u00a0 \u00a0 \u00a0 \u00a0 \u00a0 \u00a0 \u00a0 \u00a0 \u00a0 \u00a0Sogneprest<\/span><\/p>\n<p class=\"western\"><span style=\"font-family: 'Comic Sans MS', serif;\"><span style=\"font-size: large;\">Drodzy parafianie!<\/span><\/span><\/p>\n<p class=\"western\"><span style=\"font-size: medium;\">Parafia Sw. Brygidy organizuje <\/span><span style=\"font-size: large;\"><u><b>w niedziele 26-go czerwca 2016 r. o godz. 13.00<\/b><\/u><\/span><span style=\"font-size: medium;\"> msze sw. na wolnym powietrzu w ruinach koscielnych \/St. Niklas kirkeruin\/ w Borgarsyssel muzeum w Sarpsborgu. Msza sw. bedzie odprawiana ku czci zalozyciela miasta, sw. Olava, w zwiazku z obchodami jubileuszu 1000-lecia miasta Sarpsborga.<\/span><\/p>\n<p class=\"western\"><span style=\"font-size: large;\">Nasz biskup Bernt Eidsvig Can. Reg. celebruje msze pontyfikalna.<\/span><\/p>\n<p class=\"western\"><span style=\"font-size: medium;\">Pierwszymi przedsiewzieciami sw. Olava, po przybyciu do Borgu, bylo wybudowanie muru obronnego i kosciola. Coz moze byc wiec bardziej naturalne, dla nas katolikow, jak uczestnictwo we mszy swietej na \u00abswietym\u00bb gruncie. Pragniemy, aby ta msza byla mocnym i dostojnym zaznaczeniem kosciola katolickiego w naszym rejonie. Naszym zyczeniem jest jak najwieksze uczestnictwo we mszy sw. Prosimy wiec o rozpowszechnienie tego zaproszenia poprzez umieszczenie kopii przy wejsciach do kosciolow lub w lokalach parafialnych oraz ogloszenie w zapowiedziach parafialnych. <\/span><\/p>\n<p class=\"western\"><span style=\"font-size: medium;\">Kilka waznych punktow, o ktorych nalezy pomyslec w przypadku uczestnictwa we mszy sw.:<\/span><\/p>\n<ul>\n<li><span style=\"font-size: medium;\">Nalezy sprecyzowac przy wejsciu do muzeum, ze jest sie uczestnikiem mszy (wtedy nie placi sie za wejscie do muzeum).<\/span><\/li>\n<li><span style=\"font-size: medium;\">Nalezy wziac dla osob, ktore chca siedziec, cos \u00ablekkiego\u00bb na czym mozna usiasc (gdyz na duzej powierzchni jest tylko ograniczona liczba miejsc siedzacych). <\/span><\/li>\n<li><span style=\"font-size: medium;\">Jako, ze msza jest na wolnym powietrzu, prosze wziac pod uwage warunki pogodowe.<\/span><\/li>\n<li><span style=\"font-size: medium;\">Mapa miasta z zaznaczonym \u00abP\u00bb miejscem parkingowym (maks. odleglosc 250m).<\/span><\/li>\n<\/ul>\n<p><span style=\"font-size: medium;\">Z jubileuszowym pozdrowieniem,<\/span><\/p>\n<p><span style=\"font-size: medium;\">Rada parafialna przy parafii Sw. Brygidy Fredrikstad\/ Sarpsborg<\/span><\/p>\n<p><span style=\"font-size: medium;\">Martin Freiberger \u00a0 \u00a0 \u00a0 \u00a0 \u00a0 P. Jagath Gunapala OMI<\/span><\/p>\n<p><a name=\"__DdeLink__1731_450977284\"><\/a> <span style=\"font-size: medium;\">Przewodniczacy rady Proboszcz<\/span><\/p>\n","protected":false},"excerpt":{"rendered":"<p>Kj\u00e6re menighet. S\u00f8ndag den 26. Juni 2016 Kl. 13.00 feirer St. Birgitta menighet friluftgudstjeneste i St. Niklas kirkeruin p\u00e5 Borgarsyssel museum i Sarpsborg. H\u00f8ymessen leses til \u00e6re for byens grunnlegger, hl. Olav og i anledning Sarpsborg bys 1000 \u00e5rs jubileum. &hellip; <a href=\"https:\/\/fredrikstad.katolsk.no\/?p=3694\">Les videre <span class=\"meta-nav\">&rarr;<\/span><\/a><\/p>\n","protected":false},"author":4,"featured_media":0,"comment_status":"closed","ping_status":"open","sticky":false,"template":"","format":"standard","meta":{"footnotes":""},"categories":[6,15],"tags":[],"class_list":["post-3694","post","type-post","status-publish","format-standard","hentry","category-nyheter","category-pa-polsk"],"_links":{"self":[{"href":"https:\/\/fredrikstad.katolsk.no\/index.php?rest_route=\/wp\/v2\/posts\/3694","targetHints":{"allow":["GET"]}}],"collection":[{"href":"https:\/\/fredrikstad.katolsk.no\/index.php?rest_route=\/wp\/v2\/posts"}],"about":[{"href":"https:\/\/fredrikstad.katolsk.no\/index.php?rest_route=\/wp\/v2\/types\/post"}],"author":[{"embeddable":true,"href":"https:\/\/fredrikstad.katolsk.no\/index.php?rest_route=\/wp\/v2\/users\/4"}],"replies":[{"embeddable":true,"href":"https:\/\/fredrikstad.katolsk.no\/index.php?rest_route=%2Fwp%2Fv2%2Fcomments&post=3694"}],"version-history":[{"count":2,"href":"https:\/\/fredrikstad.katolsk.no\/index.php?rest_route=\/wp\/v2\/posts\/3694\/revisions"}],"predecessor-version":[{"id":3696,"href":"https:\/\/fredrikstad.katolsk.no\/index.php?rest_route=\/wp\/v2\/posts\/3694\/revisions\/3696"}],"wp:attachment":[{"href":"https:\/\/fredrikstad.katolsk.no\/index.php?rest_route=%2Fwp%2Fv2%2Fmedia&parent=3694"}],"wp:term":[{"taxonomy":"category","embeddable":true,"href":"https:\/\/fredrikstad.katolsk.no\/index.php?rest_route=%2Fwp%2Fv2%2Fcategories&post=3694"},{"taxonomy":"post_tag","embeddable":true,"href":"https:\/\/fredrikstad.katolsk.no\/index.php?rest_route=%2Fwp%2Fv2%2Ftags&post=3694"}],"curies":[{"name":"wp","href":"https:\/\/api.w.org\/{rel}","templated":true}]}}