{"id":3802,"date":"2016-06-23T16:11:54","date_gmt":"2016-06-23T14:11:54","guid":{"rendered":"http:\/\/fredrikstad.katolsk.no\/?p=3802"},"modified":"2016-06-23T16:44:31","modified_gmt":"2016-06-23T14:44:31","slug":"pontifikalmesse-sondag-26-juni-kl-13-00-i-sarpsborg","status":"publish","type":"post","link":"https:\/\/fredrikstad.katolsk.no\/?p=3802","title":{"rendered":"Pontifikalmesse s\u00f8ndag 26. juni kl. 13.00 i Sarpsborg."},"content":{"rendered":"<ul>\n<li>\n<p class=\"western\"><span style=\"font-family: 'Times New Roman', serif;\"><span style=\"font-size: large;\"><u>S\u00f8ndag den 26. Juni kl. 13.00<\/u><\/span><\/span><span style=\"font-family: 'Times New Roman', serif;\"><span style=\"font-size: large;\"> feirer St. Birgitta menighet friluftsgudstjeneste i St. Nikolas kirkeruin p\u00e5 Borgarsyssel museum i Sarpsborg. H\u00f8ymessen leses til \u00e6re for byens grunnlegger, den hellige Olav og i anledning Sarpsborg bys 1000 \u00e5rs jubileum. <\/span><\/span><span style=\"font-family: 'Times New Roman', serif;\"><span style=\"font-size: large;\">V\u00e5r biskop Bernt Eidsvig Can. Reg. celebrerer pontifi<\/span><\/span><span style=\"font-family: 'Times New Roman', serif;\"><span style=\"font-size: large;\">k<\/span><\/span><span style=\"font-family: 'Times New Roman', serif;\"><span style=\"font-size: large;\">almessen.<\/span><\/span><\/p>\n<p class=\"western\"><span style=\"font-family: TimesNewRomanPSMT, 'Times New Roman', serif;\"><span style=\"font-size: large;\">For mer informasjon, les her p\u00e5 norsk og polsk: \u00a0 \u00a0<\/span><\/span><a href=\"http:\/\/fredrikstad.katolsk.no\/wp-content\/uploads\/2016\/06\/messe2606polsk.docx\">messe2606polsk<\/a><\/p>\n<\/li>\n<\/ul>\n","protected":false},"excerpt":{"rendered":"<p>S\u00f8ndag den 26. Juni kl. 13.00 feirer St. Birgitta menighet friluftsgudstjeneste i St. Nikolas kirkeruin p\u00e5 Borgarsyssel museum i Sarpsborg. H\u00f8ymessen leses til \u00e6re for byens grunnlegger, den hellige Olav og i anledning Sarpsborg bys 1000 \u00e5rs jubileum. V\u00e5r biskop &hellip; <a href=\"https:\/\/fredrikstad.katolsk.no\/?p=3802\">Les videre <span class=\"meta-nav\">&rarr;<\/span><\/a><\/p>\n","protected":false},"author":4,"featured_media":0,"comment_status":"closed","ping_status":"open","sticky":false,"template":"","format":"standard","meta":{"footnotes":""},"categories":[6],"tags":[],"class_list":["post-3802","post","type-post","status-publish","format-standard","hentry","category-nyheter"],"_links":{"self":[{"href":"https:\/\/fredrikstad.katolsk.no\/index.php?rest_route=\/wp\/v2\/posts\/3802","targetHints":{"allow":["GET"]}}],"collection":[{"href":"https:\/\/fredrikstad.katolsk.no\/index.php?rest_route=\/wp\/v2\/posts"}],"about":[{"href":"https:\/\/fredrikstad.katolsk.no\/index.php?rest_route=\/wp\/v2\/types\/post"}],"author":[{"embeddable":true,"href":"https:\/\/fredrikstad.katolsk.no\/index.php?rest_route=\/wp\/v2\/users\/4"}],"replies":[{"embeddable":true,"href":"https:\/\/fredrikstad.katolsk.no\/index.php?rest_route=%2Fwp%2Fv2%2Fcomments&post=3802"}],"version-history":[{"count":3,"href":"https:\/\/fredrikstad.katolsk.no\/index.php?rest_route=\/wp\/v2\/posts\/3802\/revisions"}],"predecessor-version":[{"id":3812,"href":"https:\/\/fredrikstad.katolsk.no\/index.php?rest_route=\/wp\/v2\/posts\/3802\/revisions\/3812"}],"wp:attachment":[{"href":"https:\/\/fredrikstad.katolsk.no\/index.php?rest_route=%2Fwp%2Fv2%2Fmedia&parent=3802"}],"wp:term":[{"taxonomy":"category","embeddable":true,"href":"https:\/\/fredrikstad.katolsk.no\/index.php?rest_route=%2Fwp%2Fv2%2Fcategories&post=3802"},{"taxonomy":"post_tag","embeddable":true,"href":"https:\/\/fredrikstad.katolsk.no\/index.php?rest_route=%2Fwp%2Fv2%2Ftags&post=3802"}],"curies":[{"name":"wp","href":"https:\/\/api.w.org\/{rel}","templated":true}]}}