{"id":3929,"date":"2016-09-09T17:27:17","date_gmt":"2016-09-09T15:27:17","guid":{"rendered":"http:\/\/fredrikstad.katolsk.no\/?p=3929"},"modified":"2016-09-16T14:15:26","modified_gmt":"2016-09-16T12:15:26","slug":"trosundervisning-lordag-den-17-september-kl-9-45-hosttakkefest","status":"publish","type":"post","link":"https:\/\/fredrikstad.katolsk.no\/?p=3929","title":{"rendered":"Trosundervisning l\u00f8rdag den 17. september kl. 9.45.  H\u00f8sttakkefest."},"content":{"rendered":"<p class=\"western\"><u><b>Kj\u00e6re elever og foreldre. Velkommen til trosundervisning (katekese) i St. Birgitta menighet!<\/b><\/u><\/p>\n<p class=\"western\">Vi \u00f8nsker igjen velkommen til trosundervisning<b> l\u00f8rdag den 17. september<\/b> i St. Birgitta menighet. <b>Neste undervisningsdag er det h\u00f8sttakkefest. Alle elever tar med seg litt frukt eller gr\u00f8nnsaker til denne dagen. Vi oppfordre at foreldre kommer tidligere og deltar i familiemessen kl 11.00.<\/b><\/p>\n<p class=\"western\">Da det er flere barn som kanskje vil delta, men som enn\u00e5 ikke har begynt, gjentar vi det meste av tidligere innhold ogs\u00e5 i dette brevet:<\/p>\n<p class=\"western\"><b>Undervisningsl\u00f8rdager for skole\u00e5ret 2016\/2017:<\/b><\/p>\n<p class=\"western\"><b>17. september &#8211; <\/b>15. oktober &#8211; 12. november &#8211; 3. desember &#8211; 7. januar &#8211; 11. februar &#8211; \u00a0 \u00a0 \u00a0 \u00a018. mars &#8211; 22.april &#8211; 20. mai<\/p>\n<p class=\"western\"><b>Undervisningsdagen forl\u00f8per slik:<\/b><\/p>\n<p class=\"western\"><span style=\"font-size: medium;\">Kl. 09.45 \u2013 10.45 Undervisning Kl. 11.45 \u2013 12.15 Lunsj (mat\/drikke serveres)<\/span><\/p>\n<p class=\"western\"><span style=\"font-size: medium;\">Kl. 10.45 \u2013 11.00 Sang\u00f8velse Kl. 12.15 \u2013 13.00 Undersvisning<\/span><\/p>\n<p class=\"western\"><span style=\"font-size: medium;\">Kl. 11.00 \u2013 11.45 Messe<\/span><\/p>\n<p class=\"western\"><b>Kateketer dette skole\u00e5ret:<\/b><\/p>\n<p class=\"western\"><span style=\"font-size: medium;\">1. klasse: Sozan Al-Tammu og Daniel Paszek \u00a0Assistent: Grelpa Camacho-Adalim <\/span><\/p>\n<p class=\"western\"><span style=\"font-size: medium;\">2. klasse: Raja Toma Younan og Jawan Saib Altiari \u00a0 \u00a0 \u00a0 \u00a0 \u00a0 Assistent: Joanna Bylica<\/span><\/p>\n<p class=\"western\"><span style=\"font-size: medium;\">3. klasse: Marzena Thoresen \u00a0 \u00a0 Assistent: Anna Jagodzinska og Beatrice Bangela<\/span><\/p>\n<p class=\"western\"><span style=\"font-size: medium;\">4. klasse: Emmie Braaten <\/span><\/p>\n<p class=\"western\"><span style=\"font-size: medium;\">5. klasse: Vigdis Maatje \u00a0 \u00a0 \u00a0 \u00a0 \u00a0 \u00a0 \u00a0 \u00a0 \u00a0 \u00a0 \u00a0 Assistent: <\/span><\/p>\n<p class=\"western\"><span style=\"font-size: medium;\">6. klasse: Danuta Ptasinska <\/span><\/p>\n<p class=\"western\"><span style=\"font-size: medium;\">7. klasse: Elzbieta Hagen <\/span><\/p>\n<p class=\"western\"><span style=\"font-size: medium;\">8. klasse: Ray Pereira<\/span><\/p>\n<p><span style=\"color: #000000;\"><span style=\"font-size: medium;\">Kateketvikarer: Julianna Moberg og Lars Petter Kuran<\/span><\/span><\/p>\n<p class=\"western\" align=\"center\"><span style=\"color: #2323dc;\"><span style=\"font-size: medium;\"><u><b>Katekesekontingent<\/b><\/u><\/span><\/span><\/p>\n<p class=\"western\"><span style=\"font-size: medium;\"><b>Alle barna i katekesen m\u00e5 betale en kontingent som g\u00e5r til \u00e5 dekke utgifter til mat og materiell. Det eneste barna m\u00e5 ta med seg, er skrivesaker og evt. utdelte b\u00f8ker og permer. <\/b><\/span><\/p>\n<p class=\"western\"><span style=\"color: #0000ff;\"><span style=\"font-size: small;\"><b>Kontingenten er kr. 100,- pr. barn pr. skole\u00e5r. For 1. kommunionsbarn kr. 350,-. \u00a0 \u00a0 <\/b><\/span><\/span><\/p>\n<p class=\"western\"><span style=\"color: #0000ff;\"><span style=\"font-size: small;\"><b>For 8. klasse kr. 250,-.<\/b><\/span><\/span><\/p>\n<p class=\"western\"><span style=\"color: #ff3333;\"><span style=\"font-size: medium;\"><b>Da DNB har innf\u00f8rt gebyr p\u00e5 kr. 75,00 for innskudd til egen konto, ber vi om at kontingenten blir betalt over nettbank.<\/b><\/span><\/span><\/p>\n<p class=\"western\"><span style=\"color: #0000ff;\"><span style=\"font-size: medium;\"><b>Giroinnbetaling til konto: 1503.19.45078. Merk betalingen med barnets (barnas) navn og klasse.<\/b><\/span><\/span><b> <\/b><\/p>\n<p class=\"western\"><span style=\"font-size: small;\"><b>Katekesen er et lokallag av NUK (Norges Unge Katolikker). Det betyr at hvert barn m\u00e5 melde seg inn p\u00e5 nytt i katekesen hvert \u00e5r. Alle som deltar i katekesen blir ogs\u00e5 automatisk ogs\u00e5 medlem av NUK. Hvis du ikke \u00f8nsker \u00e5 v\u00e6re medlem av NUK, krysser du av p\u00e5 innmeldingsskjemaet. Som medlem f\u00e5r du blader og rabatter p\u00e5 leire. Prisen er den samme, enten du \u00f8nsker \u00e5 v\u00e6re medlem eller ikke. Biskopen og sognepresten anbefaler alle \u00e5 v\u00e6re medlem av Norges Unge Katolikker.<\/b><\/span><\/p>\n<p class=\"western\" align=\"center\"><b>Med vennlig hilsen<\/b><\/p>\n<p class=\"western\" align=\"center\"><b>St. Birgitta menighet \/ St. Birgitta katekeselag<\/b><\/p>\n<p class=\"western\" align=\"center\"><span lang=\"en-US\"><b>Tlf: 69 30 15 20 E-post: <\/b><\/span><span style=\"color: #0000ff;\"><span lang=\"zxx\"><u><a class=\"western\" href=\"mailto:fredrikstad@katolsk.no\">fredrikstad@katolsk.no<\/a><\/u><\/span><\/span><\/p>\n<p class=\"western\" align=\"center\"><b>St. Josephs gate 17, 1606 Fredrikstad<\/b><\/p>\n<p class=\"western\" style=\"text-align: left;\" align=\"center\">Les katekesebrevet her: \u00a0<a href=\"http:\/\/fredrikstad.katolsk.no\/wp-content\/uploads\/2016\/09\/Katekese-160909.pdf\">Katekese 160909<\/a><\/p>\n<p class=\"western\" style=\"text-align: left;\" align=\"center\">Innmeldingsskjema:\u00a0<a href=\"http:\/\/fredrikstad.katolsk.no\/wp-content\/uploads\/2016\/09\/Innmeldingkatekesen2016-enkel.pdf\">Innmeldingkatekesen2016-enkel<\/a><\/p>\n","protected":false},"excerpt":{"rendered":"<p>Kj\u00e6re elever og foreldre. Velkommen til trosundervisning (katekese) i St. Birgitta menighet! Vi \u00f8nsker igjen velkommen til trosundervisning l\u00f8rdag den 17. september i St. Birgitta menighet. Neste undervisningsdag er det h\u00f8sttakkefest. Alle elever tar med seg litt frukt eller gr\u00f8nnsaker &hellip; <a href=\"https:\/\/fredrikstad.katolsk.no\/?p=3929\">Les videre <span class=\"meta-nav\">&rarr;<\/span><\/a><\/p>\n","protected":false},"author":4,"featured_media":0,"comment_status":"closed","ping_status":"open","sticky":false,"template":"","format":"standard","meta":{"footnotes":""},"categories":[33,6],"tags":[],"class_list":["post-3929","post","type-post","status-publish","format-standard","hentry","category-katekese","category-nyheter"],"_links":{"self":[{"href":"https:\/\/fredrikstad.katolsk.no\/index.php?rest_route=\/wp\/v2\/posts\/3929","targetHints":{"allow":["GET"]}}],"collection":[{"href":"https:\/\/fredrikstad.katolsk.no\/index.php?rest_route=\/wp\/v2\/posts"}],"about":[{"href":"https:\/\/fredrikstad.katolsk.no\/index.php?rest_route=\/wp\/v2\/types\/post"}],"author":[{"embeddable":true,"href":"https:\/\/fredrikstad.katolsk.no\/index.php?rest_route=\/wp\/v2\/users\/4"}],"replies":[{"embeddable":true,"href":"https:\/\/fredrikstad.katolsk.no\/index.php?rest_route=%2Fwp%2Fv2%2Fcomments&post=3929"}],"version-history":[{"count":3,"href":"https:\/\/fredrikstad.katolsk.no\/index.php?rest_route=\/wp\/v2\/posts\/3929\/revisions"}],"predecessor-version":[{"id":3946,"href":"https:\/\/fredrikstad.katolsk.no\/index.php?rest_route=\/wp\/v2\/posts\/3929\/revisions\/3946"}],"wp:attachment":[{"href":"https:\/\/fredrikstad.katolsk.no\/index.php?rest_route=%2Fwp%2Fv2%2Fmedia&parent=3929"}],"wp:term":[{"taxonomy":"category","embeddable":true,"href":"https:\/\/fredrikstad.katolsk.no\/index.php?rest_route=%2Fwp%2Fv2%2Fcategories&post=3929"},{"taxonomy":"post_tag","embeddable":true,"href":"https:\/\/fredrikstad.katolsk.no\/index.php?rest_route=%2Fwp%2Fv2%2Ftags&post=3929"}],"curies":[{"name":"wp","href":"https:\/\/api.w.org\/{rel}","templated":true}]}}