{"id":3996,"date":"2016-10-07T17:25:21","date_gmt":"2016-10-07T15:25:21","guid":{"rendered":"http:\/\/fredrikstad.katolsk.no\/?p=3996"},"modified":"2016-10-07T17:31:23","modified_gmt":"2016-10-07T15:31:23","slug":"trosundervisning-lordag-15-oktober-kl-9-45","status":"publish","type":"post","link":"https:\/\/fredrikstad.katolsk.no\/?p=3996","title":{"rendered":"Trosundervisning l\u00f8rdag 15. oktober kl. 9.45."},"content":{"rendered":"<p class=\"western\"><u><b>Kj\u00e6re elever og foreldre. <\/b><\/u><\/p>\n<p class=\"western\">Vi \u00f8nsker igjen velkommen til trosundervisning l\u00f8rdag den 15. oktober i St. Birgitta menighet. Neste undervisningsdag er det <span style=\"color: #0000cc;\"><span style=\"font-size: large;\">ROSENKRANSEN<\/span><\/span> som st\u00e5r i sentrum.<\/p>\n<p class=\"western\"><u><b>L\u00f8rdag<\/b><\/u><u><b>ene 15. oktober, 12. november og 3. desember vil det <\/b><\/u><span style=\"color: #ff0000;\"><u><b>for alle barn <\/b><\/u><\/span><span style=\"color: #000000;\"><u><b>bli<\/b><\/u><\/span><u><b> <\/b><\/u><u><b>en halv time med \u00f8velse av sang til f\u00f8rjulskonserten den 17. desember. \u00d8velsen vil vare fra kl. 13.00 til kl. 13.30<\/b><\/u><\/p>\n<p class=\"western\"><b>Felles lunsj \u2013 alle foreldre kommer til \u00e5 delta med oppgaver: kj\u00f8kken og barnepass.<\/b><\/p>\n<p class=\"western\">Ordning fortsetter med undervisningen 15.oktober. <span style=\"color: #ff0000;\">Det er foreldre til barn i <\/span><span style=\"color: #ff0000;\">1.<\/span><span style=\"color: #ff0000;\"> klasse, som er bedt om \u00e5 hjelpe <\/span><span style=\"color: #ff0000;\">15. oktober.<\/span><span style=\"color: #ff0000;\"> Det gir ogs\u00e5 foreldre anledning til \u00e5 delta i <\/span><span style=\"color: #ff0000;\">rosenkransandakten<\/span><span style=\"color: #ff0000;\"> med barna. <\/span><span style=\"color: #ff0000;\"><b>Det er behov for ca. <\/b><\/span><span style=\"color: #ff0000;\"><b>5<\/b><\/span><span style=\"color: #ff0000;\"><b> personer hver gang \u2013 for \u00e5 hjelpe med lunsj, servering \/rydding og passe barna i friminutt.<\/b><\/span><\/p>\n<p class=\"western\"><b>Foreldre skal komme kl. 10.00 og forberede lunsjen p\u00e5 kj\u00f8kkenet.<\/b><\/p>\n<p class=\"western\"><a name=\"_GoBack\"><\/a><span style=\"color: #000000;\"><b>Foreldre til <\/b><\/span><span style=\"color: #000000;\"><b>1<\/b><\/span><span style=\"color: #000000;\"><b>. klasse<\/b><\/span> <span style=\"color: #000000;\"><u>skal komme <\/u><\/span><span style=\"color: #000000;\"><u><b>kl. 10.00<\/b><\/u><\/span><span style=\"color: #000000;\"><u>, jobbe 1 time, delta i messen \/ servere og passe <\/u><\/span><span style=\"color: #000000;\">barn. De som ikke kan komme tidligere \/delta i messen, m\u00e5 komme<\/span><span style=\"color: #000000;\"><b> senest <\/b><\/span><span style=\"color: #000000;\"><b>kl.\u00a0<\/b><\/span><span style=\"color: #000000;\"><b>11.30<\/b><\/span><span style=\"color: #000000;\"> for \u00e5 servere \/passe barn. Vennligst <\/span><span style=\"color: #000000;\"><u>gi tilbakemelding til katekeseleder Elzbieta Hagen p\u00e5 mail: <\/u><\/span><span style=\"color: #0000ff;\"><u><a href=\"mailto:Elzbieta.hagen@gmail.com\"><span style=\"color: #0000cc;\">elzbieta.hagen@gmail.com<\/span><\/a><\/u><\/span><span style=\"color: #000000;\"><u> eller tlf: <\/u><\/span><span style=\"color: #0000cc;\"><u>907 19 460<\/u><\/span><u> <\/u><span style=\"color: #000000;\"><u><b> innen torsdag <\/b><\/u><\/span><span style=\"color: #000000;\"><u><b>13<\/b><\/u><\/span><span style=\"color: #000000;\"><u><b>. oktober<\/b><\/u><\/span><span style=\"color: #000000;\"><u>, om hvem som kommer og n\u00e5r 15. oktober.<\/u><\/span><span style=\"color: #000000;\"> Vennligst gi ogs\u00e5 beskjed om man ikke kan!<\/span><\/p>\n<p class=\"western\"><b>Undervisningsl\u00f8rdager for skole\u00e5ret 2016\/2017:<\/b><\/p>\n<p class=\"western\"><b>15. oktober<\/b> &#8211; 12. november &#8211; 3. desember &#8211; 7. januar &#8211; 11. februar &#8211; 18. mars &#8211; 22. april &#8211; 20. mai<\/p>\n<p class=\"western\"><b> Undervisningsdagen forl\u00f8per slik:<\/b><\/p>\n<p class=\"western\"><span style=\"font-size: small;\">Kl. 09.45 \u2013 10.45 Undervisning\u00a0 \u00a0 \u00a0 \u00a0 \u00a0 \u00a0 \u00a0 \u00a0\u00a0Kl. 11.45 \u2013 12.15 Lunsj (mat\/drikke serveres)<\/span><\/p>\n<p class=\"western\"><span style=\"font-size: small;\">Kl. 10.45 \u2013 11.00 Sang\u00f8velse \u00a0 \u00a0 \u00a0 \u00a0 \u00a0 \u00a0 \u00a0 \u00a0 \u00a0Kl. 12.15 \u2013 13.00 Undervisning<\/span><\/p>\n<p class=\"western\"><span style=\"font-size: small;\">Kl. 11.00 \u2013 11.45 Rosenkransandakt<\/span><span style=\"font-size: small;\"><b>\u00a0 \u00a0 \u00a0 \u00a0 \u00a0Kl.13.00 \u2013 13.30 \u00d8velse til f\u00f8rjulskonsert<\/b><\/span><\/p>\n<p class=\"western\"><b>Kateketer dette skole\u00e5ret:<\/b><\/p>\n<p class=\"western\"><span style=\"font-size: small;\">1. klasse: Sozan Al-Tammu og Daniel Paszek Assistent: Grelpa Camacho-Adalim <\/span><\/p>\n<p class=\"western\"><span style=\"font-size: small;\">2. klasse: Raja Toma Younan og Jawan Saib Altiari Assistent: Joanna Bylica<\/span><\/p>\n<p class=\"western\"><span style=\"font-size: small;\">3. klasse: Marzena Thoresen Assistent: Anna Jagodzinska og Beatrice Bangela<\/span><\/p>\n<p class=\"western\"><span style=\"font-size: small;\">4. klasse: Emmie Braaten <\/span><\/p>\n<p class=\"western\"><span style=\"font-size: small;\">5. klasse: Vigdis Maatje Assistent: <\/span><\/p>\n<p class=\"western\"><span style=\"font-size: small;\">6. klasse: Danuta Ptasinska <\/span><\/p>\n<p class=\"western\"><span style=\"font-size: small;\">7. klasse: Elzbieta Hagen <\/span><\/p>\n<p class=\"western\"><span style=\"font-size: small;\">8. klasse: Ray Pereira<\/span><\/p>\n<p><span style=\"color: #000000;\"><span style=\"font-size: small;\">Kateketvikarer: Julianna Moberg og Lars Petter Kuran<\/span><\/span><\/p>\n<p class=\"western\" align=\"center\"><span style=\"color: #2323dc;\"><u><b>Katekesekontingent<\/b><\/u><\/span><\/p>\n<p class=\"western\"><b>Alle barna i katekesen m\u00e5 betale en kontingent som g\u00e5r til \u00e5 dekke utgifter til mat og materiell. Det eneste barna m\u00e5 ta med seg, er skrivesaker og evt. utdelte b\u00f8ker og permer. <\/b><\/p>\n<p class=\"western\"><span style=\"color: #0000ff;\"><b>Kontingenten er kr. 100,- pr. barn (1,2,4,5,6. og 7.klasse) . <\/b><\/span><\/p>\n<p class=\"western\"><span style=\"color: #0000ff;\"><b>For 1. kommunionsbarn kr. 350,-.<\/b><\/span><\/p>\n<p class=\"western\"><span style=\"color: #0000ff;\"><b>For 8. klasse kr. 200,-. <\/b><\/span><\/p>\n<p class=\"western\"><span style=\"color: #0000ff;\"><b>Giroinnbetaling til konto: 1503.19.45078. Merk betalingen med barnets (barnas) navn og klasse.<\/b><\/span><b> <\/b><\/p>\n<p class=\"western\" align=\"center\"><b>Med vennlig hilsen<\/b><\/p>\n<p class=\"western\" align=\"center\"><span style=\"font-size: small;\"><b>St. Birgitta menighet \/ St. Birgitta katekeselag<\/b><\/span><\/p>\n<p class=\"western\" align=\"center\"><span style=\"font-size: small;\"><span lang=\"en-US\"><b>Tlf: 69 30 15 20 E-post: <\/b><\/span><\/span><span style=\"color: #0000ff;\"><u><a href=\"mailto:fredrikstad@katolsk.no\"><span style=\"font-size: small;\">fredrikstad@katolsk.no<\/span><\/a><\/u><\/span><\/p>\n<p class=\"western\" align=\"center\"><span style=\"font-size: small;\"><b>St. Josephs gate 17, 1606 Fredrikstad<\/b><\/span><\/p>\n","protected":false},"excerpt":{"rendered":"<p>Kj\u00e6re elever og foreldre. Vi \u00f8nsker igjen velkommen til trosundervisning l\u00f8rdag den 15. oktober i St. Birgitta menighet. Neste undervisningsdag er det ROSENKRANSEN som st\u00e5r i sentrum. L\u00f8rdagene 15. oktober, 12. november og 3. desember vil det for alle barn &hellip; <a href=\"https:\/\/fredrikstad.katolsk.no\/?p=3996\">Les videre <span class=\"meta-nav\">&rarr;<\/span><\/a><\/p>\n","protected":false},"author":4,"featured_media":0,"comment_status":"closed","ping_status":"open","sticky":false,"template":"","format":"standard","meta":{"footnotes":""},"categories":[33,6],"tags":[],"class_list":["post-3996","post","type-post","status-publish","format-standard","hentry","category-katekese","category-nyheter"],"_links":{"self":[{"href":"https:\/\/fredrikstad.katolsk.no\/index.php?rest_route=\/wp\/v2\/posts\/3996","targetHints":{"allow":["GET"]}}],"collection":[{"href":"https:\/\/fredrikstad.katolsk.no\/index.php?rest_route=\/wp\/v2\/posts"}],"about":[{"href":"https:\/\/fredrikstad.katolsk.no\/index.php?rest_route=\/wp\/v2\/types\/post"}],"author":[{"embeddable":true,"href":"https:\/\/fredrikstad.katolsk.no\/index.php?rest_route=\/wp\/v2\/users\/4"}],"replies":[{"embeddable":true,"href":"https:\/\/fredrikstad.katolsk.no\/index.php?rest_route=%2Fwp%2Fv2%2Fcomments&post=3996"}],"version-history":[{"count":2,"href":"https:\/\/fredrikstad.katolsk.no\/index.php?rest_route=\/wp\/v2\/posts\/3996\/revisions"}],"predecessor-version":[{"id":3998,"href":"https:\/\/fredrikstad.katolsk.no\/index.php?rest_route=\/wp\/v2\/posts\/3996\/revisions\/3998"}],"wp:attachment":[{"href":"https:\/\/fredrikstad.katolsk.no\/index.php?rest_route=%2Fwp%2Fv2%2Fmedia&parent=3996"}],"wp:term":[{"taxonomy":"category","embeddable":true,"href":"https:\/\/fredrikstad.katolsk.no\/index.php?rest_route=%2Fwp%2Fv2%2Fcategories&post=3996"},{"taxonomy":"post_tag","embeddable":true,"href":"https:\/\/fredrikstad.katolsk.no\/index.php?rest_route=%2Fwp%2Fv2%2Ftags&post=3996"}],"curies":[{"name":"wp","href":"https:\/\/api.w.org\/{rel}","templated":true}]}}