{"id":4052,"date":"2016-11-11T16:11:29","date_gmt":"2016-11-11T15:11:29","guid":{"rendered":"http:\/\/fredrikstad.katolsk.no\/?p=4052"},"modified":"2016-11-11T16:16:18","modified_gmt":"2016-11-11T15:16:18","slug":"katolsk-forum-tirsdag-22-november-kl-19-00","status":"publish","type":"post","link":"https:\/\/fredrikstad.katolsk.no\/?p=4052","title":{"rendered":"KATOLSK FORUM  TIRSDAG 22. NOVEMBER Kl. 19.00."},"content":{"rendered":"<p class=\"western\" align=\"center\"><strong>TEMA: LAUDATO SI<\/strong><\/p>\n<p class=\"western\" align=\"center\"><a href=\"http:\/\/fredrikstad.katolsk.no\/wp-content\/uploads\/2014\/10\/Pave-Frans-1.jpg\"><img loading=\"lazy\" decoding=\"async\" class=\"alignnone size-full wp-image-2574\" src=\"http:\/\/fredrikstad.katolsk.no\/wp-content\/uploads\/2014\/10\/Pave-Frans-1.jpg\" alt=\"Pave Frans-1\" width=\"275\" height=\"183\" \/><\/a><\/p>\n<p class=\"western\" align=\"center\"><span style=\"font-size: xx-large;\"><b>Pave Frans&#8217; Encyklika i m\u00f8te med v\u00e5r tids \u00f8kologiske utfordringer og problemer.<\/b><\/span><\/p>\n<p class=\"western\"><span style=\"font-size: 300%;\"><b>Pater Arne Marco Kirsebom SS.CC. \u00a0<\/b><\/span><\/p>\n<p class=\"western\"><span style=\"font-size: xx-large;\"><b>Sokneprest i Mariamenigheten, Asker og B\u00e6rum.<\/b><\/span><\/p>\n<p class=\"western\" align=\"center\"><span style=\"font-size: 300%;\"><b>St. Birgitta kirke, menighetssalen. <\/b><\/span><\/p>\n<p class=\"western\" align=\"center\"><span style=\"font-size: xx-large;\"><b>ALLE VEL M\u00d8TT.<\/b><\/span><\/p>\n<p class=\"western\" style=\"text-align: left;\" align=\"center\">Se plakat her: \u00a0<a href=\"http:\/\/fredrikstad.katolsk.no\/wp-content\/uploads\/2016\/11\/KATOLSK-FORUM-22-11-16-ALT1.pdf\">KATOLSK FORUM 22 11 16-ALT<\/a><\/p>\n","protected":false},"excerpt":{"rendered":"<p>TEMA: LAUDATO SI Pave Frans&#8217; Encyklika i m\u00f8te med v\u00e5r tids \u00f8kologiske utfordringer og problemer. Pater Arne Marco Kirsebom SS.CC. \u00a0 Sokneprest i Mariamenigheten, Asker og B\u00e6rum. St. Birgitta kirke, menighetssalen. ALLE VEL M\u00d8TT. Se plakat her: \u00a0KATOLSK FORUM 22 &hellip; <a href=\"https:\/\/fredrikstad.katolsk.no\/?p=4052\">Les videre <span class=\"meta-nav\">&rarr;<\/span><\/a><\/p>\n","protected":false},"author":4,"featured_media":0,"comment_status":"closed","ping_status":"open","sticky":false,"template":"","format":"standard","meta":{"footnotes":""},"categories":[6],"tags":[],"class_list":["post-4052","post","type-post","status-publish","format-standard","hentry","category-nyheter"],"_links":{"self":[{"href":"https:\/\/fredrikstad.katolsk.no\/index.php?rest_route=\/wp\/v2\/posts\/4052","targetHints":{"allow":["GET"]}}],"collection":[{"href":"https:\/\/fredrikstad.katolsk.no\/index.php?rest_route=\/wp\/v2\/posts"}],"about":[{"href":"https:\/\/fredrikstad.katolsk.no\/index.php?rest_route=\/wp\/v2\/types\/post"}],"author":[{"embeddable":true,"href":"https:\/\/fredrikstad.katolsk.no\/index.php?rest_route=\/wp\/v2\/users\/4"}],"replies":[{"embeddable":true,"href":"https:\/\/fredrikstad.katolsk.no\/index.php?rest_route=%2Fwp%2Fv2%2Fcomments&post=4052"}],"version-history":[{"count":6,"href":"https:\/\/fredrikstad.katolsk.no\/index.php?rest_route=\/wp\/v2\/posts\/4052\/revisions"}],"predecessor-version":[{"id":4060,"href":"https:\/\/fredrikstad.katolsk.no\/index.php?rest_route=\/wp\/v2\/posts\/4052\/revisions\/4060"}],"wp:attachment":[{"href":"https:\/\/fredrikstad.katolsk.no\/index.php?rest_route=%2Fwp%2Fv2%2Fmedia&parent=4052"}],"wp:term":[{"taxonomy":"category","embeddable":true,"href":"https:\/\/fredrikstad.katolsk.no\/index.php?rest_route=%2Fwp%2Fv2%2Fcategories&post=4052"},{"taxonomy":"post_tag","embeddable":true,"href":"https:\/\/fredrikstad.katolsk.no\/index.php?rest_route=%2Fwp%2Fv2%2Ftags&post=4052"}],"curies":[{"name":"wp","href":"https:\/\/api.w.org\/{rel}","templated":true}]}}