{"id":4069,"date":"2016-11-18T12:36:44","date_gmt":"2016-11-18T11:36:44","guid":{"rendered":"http:\/\/fredrikstad.katolsk.no\/?p=4069"},"modified":"2016-11-18T12:36:44","modified_gmt":"2016-11-18T11:36:44","slug":"rekolekcje-adwentowe-po-polsku","status":"publish","type":"post","link":"https:\/\/fredrikstad.katolsk.no\/?p=4069","title":{"rendered":"REKOLEKCJE ADWENTOWE po polsku"},"content":{"rendered":"<p class=\"western\" lang=\"en-US\">\n<p class=\"western\" lang=\"en-US\"><a name=\"__DdeLink__1766_567411841\"><\/a> <span style=\"color: #7030a0;\"><span style=\"font-family: 'Copperplate Gothic Bold', serif;\"><span style=\"font-size: large;\"><span lang=\"pl-PL\">Rekolekcje wyglosi ojciec Oblat Maryi Niepokalanej z Bialorusi o. Jerzy Kotowski, OMI<\/span><\/span><\/span><\/span><\/p>\n<p class=\"western\" lang=\"en-US\"><span style=\"font-family: 'Palatino Linotype', serif;\"><span lang=\"pl-PL\"><u><b>ST. MARIA KIRKE I ASKIM<\/b><\/u><\/span><\/span><span style=\"font-family: 'Palatino Linotype', serif;\"><span lang=\"pl-PL\"><b>\/ Ko\u015bci\u00f3\u0142 p.w. Wniebowzi\u0119cia N.M.P. w Askim<\/b><\/span><\/span><\/p>\n<p class=\"western\" lang=\"en-US\"><span style=\"font-family: 'Palatino Linotype', serif;\"><span lang=\"pl-PL\"><b>Piatek, 25 listopada 2016 \u2013 godz. 18.00 Msza \u015bwi\u0119ta z nauk\u0105 rekolekcyjn\u0105<\/b><\/span><\/span><\/p>\n<p class=\"western\" lang=\"en-US\"><span style=\"font-family: 'Palatino Linotype', serif;\"><span lang=\"pl-PL\"><b>Sobota, 26 listopada 2016 \u2013 godz. 18.00 Msza \u015bwi\u0119ta z nauk\u0105 rekolekcyjn\u0105. Spotkanie<\/b><\/span><\/span><\/p>\n<p class=\"western\" lang=\"en-US\"><span style=\"color: #7030a0;\"><span style=\"font-family: 'Palatino Linotype', serif;\"><span lang=\"pl-PL\"><b>1 Niedziela adwentu, 27 listopada 2016 \u2013 godz. 14.00 Msza \u015bwi\u0119ta z nauk\u0105 rekolekcyjn\u0105. <\/b><\/span><\/span><\/span><\/p>\n<p class=\"western\" lang=\"en-US\"><span style=\"font-family: 'Palatino Linotype', serif;\"><span lang=\"nb-NO\"><u><b>ST. MIKAEL KIRKE I MOSS<\/b><\/u><\/span><\/span><span style=\"font-family: 'Palatino Linotype', serif;\"><span lang=\"nb-NO\"><b>\/ Kosciol p.w. sw. <\/b><\/span><\/span><span style=\"font-family: 'Palatino Linotype', serif;\"><span lang=\"pl-PL\"><b>Michala Archaniola w Moss<\/b><\/span><\/span><\/p>\n<p class=\"western\" lang=\"en-US\"><span style=\"color: #7030a0;\"><span style=\"font-family: 'Palatino Linotype', serif;\"><span lang=\"pl-PL\"><b>1 Niedziela adwentu, 27 listopada 2016 \u2013 godz. 16.00 Msza \u015bwi\u0119ta z nauk\u0105 rekolekcyjn\u0105<\/b><\/span><\/span><\/span><span style=\"font-family: 'Palatino Linotype', serif;\"><span lang=\"pl-PL\"><b> Poniedzialek, 28 listopada 2016 \u2013 godz. 18.00 Msza \u015bwi\u0119ta z nauk\u0105 rekolekcyjn\u0105<\/b><\/span><\/span><\/p>\n<p class=\"western\" lang=\"en-US\"><span style=\"font-family: 'Palatino Linotype', serif;\"><span lang=\"pl-PL\"><b>Wtorek, 29 listopada 2016 \u2013 godz. 18.00 Msza \u015bwi\u0119ta z nauk\u0105 rekolekcyjn\u0105<\/b><\/span><\/span><\/p>\n<p class=\"western\" lang=\"en-US\"><span style=\"font-family: 'Palatino Linotype', serif;\"><span lang=\"nb-NO\"><u><b>ST. PETER KIRKE I HALDEN<\/b><\/u><\/span><\/span><span style=\"font-family: 'Palatino Linotype', serif;\"><span lang=\"nb-NO\"><b>\/ Kosciol p.w. Sw. <\/b><\/span><\/span><span style=\"font-family: 'Palatino Linotype', serif;\"><span lang=\"pl-PL\"><b>Piotra Apostola w Halden<\/b><\/span><\/span><\/p>\n<p class=\"western\" lang=\"en-US\"><span style=\"color: #0070c0;\"><span style=\"font-family: 'Palatino Linotype', serif;\"><span lang=\"pl-PL\"><b>Sobota, 3 grudnia 2016 \u2013 godz. 17.00 Msza \u015bwi\u0119ta z nauk\u0105 rekolekcyjn\u0105<\/b><\/span><\/span><\/span><\/p>\n<p class=\"western\" lang=\"en-US\"><span style=\"color: #7030a0;\"><span style=\"font-family: 'Palatino Linotype', serif;\"><span lang=\"pl-PL\"><b>2 Niedziela adwentu, 4 grudnia 2016 \u2013 godz. 12.30 Msza \u015bwi\u0119ta z nauk\u0105 rekolekcyjn\u0105<\/b><\/span><\/span><\/span><\/p>\n<p class=\"western\" lang=\"en-US\"><span style=\"font-family: 'Palatino Linotype', serif;\"><span lang=\"pl-PL\"><u><b>ST. BIRGITTA KIRKE I FREDRIKSTAD<\/b><\/u><\/span><\/span><span style=\"font-family: 'Palatino Linotype', serif;\"><span lang=\"pl-PL\"><b>\/ Kosciol p.w. sw. Brygidy we Fredrikstad<\/b><\/span><\/span><\/p>\n<p class=\"western\" lang=\"en-US\"><span style=\"font-family: 'Palatino Linotype', serif;\"><span lang=\"pl-PL\"><b>Piatek, 2 grudnia 2016 \u2013 godz. 18.00 Msza \u015bwi\u0119ta z nauk\u0105 rekolekcyjn\u0105. Spotkanie<\/b><\/span><\/span><\/p>\n<p class=\"western\" lang=\"en-US\"><span style=\"font-family: 'Palatino Linotype', serif;\"><span lang=\"pl-PL\"><b>Sobota, 3 grudnia 2016 \u2013 godz. 14.00 Msza \u015bwi\u0119ta z nauk\u0105 rekolekcyjn\u0105. <\/b><\/span><\/span><\/p>\n<p class=\"western\" lang=\"en-US\"><span style=\"color: #7030a0;\"><span style=\"font-family: 'Palatino Linotype', serif;\"><span lang=\"pl-PL\"><b>Niedziela, 4 grudnia 2016 \u2013 godz. 16.00 Msza \u015bwi\u0119ta z nauk\u0105 rekolekcyjn\u0105.<\/b><\/span><\/span><\/span><\/p>\n<p class=\"western\" lang=\"en-US\"><a href=\"http:\/\/fredrikstad.katolsk.no\/wp-content\/uploads\/2016\/11\/OMI-200.png\"><img loading=\"lazy\" decoding=\"async\" class=\" size-medium wp-image-4070 aligncenter\" src=\"http:\/\/fredrikstad.katolsk.no\/wp-content\/uploads\/2016\/11\/OMI-200-300x136.png\" alt=\"OMI-200\" width=\"300\" height=\"136\" srcset=\"https:\/\/fredrikstad.katolsk.no\/wp-content\/uploads\/2016\/11\/OMI-200-300x136.png 300w, https:\/\/fredrikstad.katolsk.no\/wp-content\/uploads\/2016\/11\/OMI-200.png 332w\" sizes=\"auto, (max-width: 300px) 100vw, 300px\" \/><\/a><\/p>\n<ul>\n<li>\n<p class=\"western\" lang=\"en-US\"><span lang=\"pl-PL\">Okazja do spowiedzi \u015bwi\u0119tej codziennie godzin\u0119 przed Msz\u0105 \u015bwi\u0119t\u0105, <\/span><\/p>\n<\/li>\n<li>\n<p class=\"western\" lang=\"en-US\"><span lang=\"pl-PL\">adoracja najswietszego Sakramentu.<\/span><\/p>\n<\/li>\n<li>\n<p class=\"western\" lang=\"en-US\"><span lang=\"pl-PL\">Droga krzyzowa<\/span><\/p>\n<\/li>\n<\/ul>\n<p class=\"western\" lang=\"en-US\"><span lang=\"pl-PL\">Zako\u0144czenie rekolekcji. <\/span><\/p>\n<p class=\"western\" lang=\"en-US\"><span lang=\"pl-PL\">Przy tej okazji ka\u017cdy, kto przyst\u0105pi\u0142 do Sakramentu pojednania i jest w lasce u\u015bwi\u0119caj\u0105cej otrzyma odpust zupe\u0142ny, odmawiaj\u0105c nakazane modlitwy: <\/span><span lang=\"pl-PL\"><i>Ojcze nasz\u2026, Zdrowa\u015b Maryjo\u2026, w intencjach Ojca Sw., Pod Twoja obron\u0119\u2026 i Chwa\u0142a Ojcu\u2026.<\/i><\/span><\/p>\n<p class=\"western\" lang=\"en-US\"><span style=\"font-family: 'Palatino Linotype', serif;\"><span lang=\"pl-PL\"><b>Serdecznie zapraszamy do wzi\u0119cia udzia\u0142u w rekolekcjach \u015bwi\u0119tych, aby w ten spos\u00f3b zglebiac nasza wiare. Owocnych rekolekcji&#8230; <\/b><\/span><\/span><\/p>\n","protected":false},"excerpt":{"rendered":"<p>Rekolekcje wyglosi ojciec Oblat Maryi Niepokalanej z Bialorusi o. Jerzy Kotowski, OMI ST. MARIA KIRKE I ASKIM\/ Ko\u015bci\u00f3\u0142 p.w. Wniebowzi\u0119cia N.M.P. w Askim Piatek, 25 listopada 2016 \u2013 godz. 18.00 Msza \u015bwi\u0119ta z nauk\u0105 rekolekcyjn\u0105 Sobota, 26 listopada 2016 \u2013 &hellip; <a href=\"https:\/\/fredrikstad.katolsk.no\/?p=4069\">Les videre <span class=\"meta-nav\">&rarr;<\/span><\/a><\/p>\n","protected":false},"author":4,"featured_media":0,"comment_status":"closed","ping_status":"open","sticky":false,"template":"","format":"standard","meta":{"footnotes":""},"categories":[6,15],"tags":[],"class_list":["post-4069","post","type-post","status-publish","format-standard","hentry","category-nyheter","category-pa-polsk"],"_links":{"self":[{"href":"https:\/\/fredrikstad.katolsk.no\/index.php?rest_route=\/wp\/v2\/posts\/4069","targetHints":{"allow":["GET"]}}],"collection":[{"href":"https:\/\/fredrikstad.katolsk.no\/index.php?rest_route=\/wp\/v2\/posts"}],"about":[{"href":"https:\/\/fredrikstad.katolsk.no\/index.php?rest_route=\/wp\/v2\/types\/post"}],"author":[{"embeddable":true,"href":"https:\/\/fredrikstad.katolsk.no\/index.php?rest_route=\/wp\/v2\/users\/4"}],"replies":[{"embeddable":true,"href":"https:\/\/fredrikstad.katolsk.no\/index.php?rest_route=%2Fwp%2Fv2%2Fcomments&post=4069"}],"version-history":[{"count":1,"href":"https:\/\/fredrikstad.katolsk.no\/index.php?rest_route=\/wp\/v2\/posts\/4069\/revisions"}],"predecessor-version":[{"id":4071,"href":"https:\/\/fredrikstad.katolsk.no\/index.php?rest_route=\/wp\/v2\/posts\/4069\/revisions\/4071"}],"wp:attachment":[{"href":"https:\/\/fredrikstad.katolsk.no\/index.php?rest_route=%2Fwp%2Fv2%2Fmedia&parent=4069"}],"wp:term":[{"taxonomy":"category","embeddable":true,"href":"https:\/\/fredrikstad.katolsk.no\/index.php?rest_route=%2Fwp%2Fv2%2Fcategories&post=4069"},{"taxonomy":"post_tag","embeddable":true,"href":"https:\/\/fredrikstad.katolsk.no\/index.php?rest_route=%2Fwp%2Fv2%2Ftags&post=4069"}],"curies":[{"name":"wp","href":"https:\/\/api.w.org\/{rel}","templated":true}]}}