{"id":4092,"date":"2016-12-02T17:06:38","date_gmt":"2016-12-02T16:06:38","guid":{"rendered":"http:\/\/fredrikstad.katolsk.no\/?p=4092"},"modified":"2016-12-02T17:06:38","modified_gmt":"2016-12-02T16:06:38","slug":"oblatfedrenes-patronatfest-torsdag-8-desember-kl-11-00","status":"publish","type":"post","link":"https:\/\/fredrikstad.katolsk.no\/?p=4092","title":{"rendered":"Oblatfedrenes patronatfest torsdag 8. desember kl. 11.00."},"content":{"rendered":"<p class=\"western\">\n<p class=\"western\"><span style=\"color: #4f81bd;\"><b><a href=\"http:\/\/mariakirken.wordpress.com\/2011\/12\/04\/immaculata-jomfru-marias-uplettede-unnfangelse\/\"><span style=\"font-family: Calibri, serif;\"><span style=\"font-size: large;\"><span lang=\"nb-NO\">Immaculata \u2013 Jomfru Marias uplettede unnfangelse<\/span><\/span><\/span><\/a><\/b><\/span><\/p>\n<p class=\"western\"><a href=\"http:\/\/fredrikstad.katolsk.no\/wp-content\/uploads\/2015\/12\/Maria.jpg\"><img loading=\"lazy\" decoding=\"async\" class=\"alignnone size-medium wp-image-3369\" src=\"http:\/\/fredrikstad.katolsk.no\/wp-content\/uploads\/2015\/12\/Maria-225x300.jpg\" alt=\"Maria\" width=\"225\" height=\"300\" \/><\/a><\/p>\n<p class=\"western\"><b><span style=\"color: #0000ff;\"><span style=\"font-family: Calibri, serif;\"><span style=\"font-size: large;\"><span lang=\"nb-NO\">Kj\u00e6re venner!<\/span><\/span><\/span><\/span><\/b><\/p>\n<p class=\"western\"><span style=\"color: #0000ff;\"><span style=\"font-size: large;\"><b>8. desember feirer Den Katolske Kirke h\u00f8ytiden for Jomfru Marias uplettede unnfangelse.<\/b><\/span><\/span><\/p>\n<p class=\"western\"><span style=\"color: #0000ff;\"><span style=\"font-size: large;\"><b>H\u00f8ytiden er Oblatfedrenes patronatfest. Oblatfedrenes kommunitet i Fredrikstad feirer denne h\u00f8ytid p\u00e5 torsdag 8. desember 2016, med messe kl. 11.00 i St. Birgitta kirke i Fredrikstad.<\/b><\/span><\/span><\/p>\n<p><a name=\"_GoBack\"><\/a> <span style=\"font-family: 'Times New Roman', serif;\"><span style=\"color: #0000ff;\"><span style=\"font-size: large;\"><b>Messen feires av distriktssuperior p. Piotr Pisarek O.M.I.<\/b><\/span><\/span><\/span><\/p>\n<p class=\"western\"><span style=\"color: #0000ff;\"><span style=\"font-size: large;\"><b>Hjertelig velkommen til messen og deretter lunsj.<\/b><\/span><\/span><\/p>\n<p class=\"western\"><a href=\"http:\/\/fredrikstad.katolsk.no\/wp-content\/uploads\/2016\/02\/OMI-200.png\"><img loading=\"lazy\" decoding=\"async\" class=\" size-medium wp-image-3563 alignleft\" src=\"http:\/\/fredrikstad.katolsk.no\/wp-content\/uploads\/2016\/02\/OMI-200-300x136.png\" alt=\"OMI-200\" width=\"300\" height=\"136\" srcset=\"https:\/\/fredrikstad.katolsk.no\/wp-content\/uploads\/2016\/02\/OMI-200-300x136.png 300w, https:\/\/fredrikstad.katolsk.no\/wp-content\/uploads\/2016\/02\/OMI-200.png 334w\" sizes=\"auto, (max-width: 300px) 100vw, 300px\" \/><\/a>\u00a0 \u00a0 \u00a0 \u00a0 \u00a0 \u00a0 \u00a0 \u00a0 \u00a0 \u00a0 \u00a0 \u00a0 \u00a0 \u00a0 \u00a0 \u00a0 \u00a0<a href=\"http:\/\/fredrikstad.katolsk.no\/wp-content\/uploads\/2015\/12\/OMI-oblat.jpg\"><img loading=\"lazy\" decoding=\"async\" class=\" size-full wp-image-3371 alignright\" src=\"http:\/\/fredrikstad.katolsk.no\/wp-content\/uploads\/2015\/12\/OMI-oblat.jpg\" alt=\"OMI-oblat\" width=\"171\" height=\"176\" \/><\/a><\/p>\n<p class=\"western\">\n<p class=\"western\">\n<p class=\"western\">\n<p class=\"western\">\n<p class=\"western\"><span style=\"color: #0000ff;\"><span style=\"font-size: large;\"><b>Mvh Oblatfedrene &#8211; Fredrikstad kommunitet. <\/b><\/span><\/span><\/p>\n<p class=\"western\"><span style=\"color: #0000ff;\">\u201c<\/span><span style=\"color: #0000ff;\"><span style=\"font-family: sans-serif, Arial;\"><span style=\"font-size: large;\"><b>Evangelizare pauperibus misit me. Pauperes evangelizantur.\u201d<\/b><\/span><\/span><\/span><\/p>\n<p class=\"western\">\n<p class=\"western\">Se plakat her: \u00a0<a href=\"http:\/\/fredrikstad.katolsk.no\/wp-content\/uploads\/2016\/12\/Invitasjon.-Patronatsfest.-2016.pdf\">Invitasjon. Patronatsfest. 2016<\/a><\/p>\n","protected":false},"excerpt":{"rendered":"<p>Immaculata \u2013 Jomfru Marias uplettede unnfangelse Kj\u00e6re venner! 8. desember feirer Den Katolske Kirke h\u00f8ytiden for Jomfru Marias uplettede unnfangelse. H\u00f8ytiden er Oblatfedrenes patronatfest. Oblatfedrenes kommunitet i Fredrikstad feirer denne h\u00f8ytid p\u00e5 torsdag 8. desember 2016, med messe kl. 11.00 &hellip; <a href=\"https:\/\/fredrikstad.katolsk.no\/?p=4092\">Les videre <span class=\"meta-nav\">&rarr;<\/span><\/a><\/p>\n","protected":false},"author":4,"featured_media":0,"comment_status":"closed","ping_status":"open","sticky":false,"template":"","format":"standard","meta":{"footnotes":""},"categories":[6],"tags":[],"class_list":["post-4092","post","type-post","status-publish","format-standard","hentry","category-nyheter"],"_links":{"self":[{"href":"https:\/\/fredrikstad.katolsk.no\/index.php?rest_route=\/wp\/v2\/posts\/4092","targetHints":{"allow":["GET"]}}],"collection":[{"href":"https:\/\/fredrikstad.katolsk.no\/index.php?rest_route=\/wp\/v2\/posts"}],"about":[{"href":"https:\/\/fredrikstad.katolsk.no\/index.php?rest_route=\/wp\/v2\/types\/post"}],"author":[{"embeddable":true,"href":"https:\/\/fredrikstad.katolsk.no\/index.php?rest_route=\/wp\/v2\/users\/4"}],"replies":[{"embeddable":true,"href":"https:\/\/fredrikstad.katolsk.no\/index.php?rest_route=%2Fwp%2Fv2%2Fcomments&post=4092"}],"version-history":[{"count":1,"href":"https:\/\/fredrikstad.katolsk.no\/index.php?rest_route=\/wp\/v2\/posts\/4092\/revisions"}],"predecessor-version":[{"id":4094,"href":"https:\/\/fredrikstad.katolsk.no\/index.php?rest_route=\/wp\/v2\/posts\/4092\/revisions\/4094"}],"wp:attachment":[{"href":"https:\/\/fredrikstad.katolsk.no\/index.php?rest_route=%2Fwp%2Fv2%2Fmedia&parent=4092"}],"wp:term":[{"taxonomy":"category","embeddable":true,"href":"https:\/\/fredrikstad.katolsk.no\/index.php?rest_route=%2Fwp%2Fv2%2Fcategories&post=4092"},{"taxonomy":"post_tag","embeddable":true,"href":"https:\/\/fredrikstad.katolsk.no\/index.php?rest_route=%2Fwp%2Fv2%2Ftags&post=4092"}],"curies":[{"name":"wp","href":"https:\/\/api.w.org\/{rel}","templated":true}]}}