{"id":4262,"date":"2017-02-03T14:44:53","date_gmt":"2017-02-03T13:44:53","guid":{"rendered":"http:\/\/fredrikstad.katolsk.no\/?p=4262"},"modified":"2017-02-03T14:44:53","modified_gmt":"2017-02-03T13:44:53","slug":"trosundervisning-lordag-den-11-februar-kl-9-45","status":"publish","type":"post","link":"https:\/\/fredrikstad.katolsk.no\/?p=4262","title":{"rendered":"Trosundervisning l\u00f8rdag den 11. februar kl. 9.45."},"content":{"rendered":"<p class=\"western\"><u><b>Kj\u00e6re elever og foreldre. <\/b><\/u><b> <\/b><\/p>\n<p class=\"western\">Vi \u00f8nsker igjen velkommen til trosundervisning<b> l\u00f8rdag den 11. februar<\/b> i St. Birgitta menighet<b>.<\/b><\/p>\n<p class=\"western\"><b> <\/b>Da feirer vi <b>Herrens fremstilling i tempelet<\/b> i messen<b>. <\/b><span style=\"color: #000000;\">Det blir lysmesse med barnas deltakelse i prosesjon. <\/span><\/p>\n<p class=\"western\">Vi vil takke alle for kakene og gevinstene til utlodning p\u00e5 juletrefesten 7. januar.<\/p>\n<p class=\"western\">Vi takker ogs\u00e5 foreldre som hjalp med festen. Det er gledelig at s\u00e5 mange kunne delta.<\/p>\n<p class=\"western\">Utlodningen innbrakte kr. 2.195,00 som er sendt til Barne Missio Norge.<\/p>\n<p class=\"western\"><b>Vi ber foreldre til barn i 5. klasse om \u00e5 hjelpe med lunsj. <\/b><span style=\"color: #000000;\"><b>Foreldre <\/b><\/span><span style=\"color: #000000;\"><u>skal komme <\/u><\/span><span style=\"color: #000000;\"><u><b>kl. 9.45<\/b><\/u><\/span><span style=\"color: #000000;\"><u>, jobbe 1 time, delta i messen, servere og passe barna, rydde etter lunsjen<\/u><\/span><span style=\"color: #000000;\">.<\/span><b> <\/b><\/p>\n<p align=\"left\"><span style=\"color: #6666ff;\"><span style=\"font-family: 'Liberation Serif', serif;\"><span style=\"font-size: large;\"><i><b><span style=\"color: #0000cc;\">Vi ber om at<\/span><span style=\"color: #0000cc;\"><span style=\"font-family: 'Times New Roman', serif;\"> f<\/span><\/span><span style=\"color: #0000cc;\"><span style=\"font-family: 'Times New Roman', serif;\">oreldre ikke sitte<\/span><\/span><span style=\"color: #0000cc;\"><span style=\"font-family: 'Times New Roman', serif;\">r<\/span><\/span><span style=\"color: #0000cc;\"><span style=\"font-family: 'Times New Roman', serif;\"> i undervisningsrom<\/span><\/span><span style=\"color: #0000cc;\"><span style=\"font-family: 'Times New Roman', serif;\">mene<\/span><\/span><span style=\"color: #0000cc;\"><span style=\"font-family: 'Times New Roman', serif;\"> under katekesen.<\/span><\/span> <\/b><\/i><\/span><\/span><\/span><\/p>\n<p class=\"western\" align=\"center\"><span style=\"color: #2323dc;\"><span style=\"font-size: large;\"><u><b>Viktige datoer:<\/b><\/u><\/span><\/span><\/p>\n<p class=\"western\"><span style=\"color: #ff0000;\"><span style=\"font-size: large;\"><b>Dato for foreldrem\u00f8te for 1. kommunionsbarn er l\u00f8rdag 11. februar kl. 13.00.<\/b><\/span><\/span><\/p>\n<p class=\"western\"><span style=\"font-size: large;\"><u><b>Konfirmasjon<\/b><\/u><\/span><span style=\"font-size: large;\"><b> blir l\u00f8rdag 29. april 2017 kl. 13.00 ved Mgr. Huynh Tan Hai. <\/b><\/span><\/p>\n<p class=\"western\"><span style=\"font-size: large;\"><u><b>1.kommunion<\/b><\/u><\/span><span style=\"font-size: large;\"><b> blir l\u00f8rdag 13. mai 2017 kl. 12.00.<\/b><\/span><\/p>\n<p class=\"western\"><b>Undervisningsdagen forl\u00f8per slik:<\/b><\/p>\n<p class=\"western\"><span style=\"font-size: medium;\">Kl. 09.45 \u2013 10.45 Undervisning \u00a0\u00a0\u00a0 \u00a0\u00a0\u00a0 Kl. 11.45 \u2013 12.15 Lunsj (mat\/drikke serveres)<\/span><\/p>\n<p class=\"western\"><span style=\"font-size: medium;\">Kl. 10.45 \u2013 11.00 Sang\u00f8velse \u00a0\u00a0 \u00a0\u00a0\u00a0 \u00a0\u00a0 Kl. 12.15 \u2013 13.00 Undervisning<\/span><\/p>\n<p class=\"western\"><span style=\"font-size: medium;\">Kl. 11.00 \u2013 11.45 Messe<\/span><span style=\"font-size: medium;\"><b>\u00a0\u00a0 \u00a0\u00a0\u00a0 \u00a0\u00a0\u00a0 \u00a0 <\/b><\/span><span style=\"color: #ff3333;\"><span style=\"font-size: medium;\"><b>\u00a0\u00a0 \u00a0 Kl. 13.00 &#8211; Sang\u00f8velse 1. kommunionbarn<\/b><\/span><\/span><\/p>\n<p class=\"western\" align=\"center\"><span style=\"color: #2323dc;\"><span style=\"font-size: large;\"><u><b>Katekesekontingent<\/b><\/u><\/span><\/span><\/p>\n<p class=\"western\"><b>Alle barna i katekesen m\u00e5 betale en<\/b><span style=\"font-size: large;\"><b> kontingent<\/b><\/span><b> som g\u00e5r til \u00e5<\/b><span style=\"font-size: large;\"><b> dekke utgifter til mat og materiell<\/b><\/span><b>.<br \/>\n<\/b><\/p>\n<p class=\"western\"><b>Det eneste barna m\u00e5 ta med seg, er skrivesaker og evt. utdelte b\u00f8ker og permer. <\/b><\/p>\n<p><span style=\"color: #0000ff;\"><b>Kontingenten er kr. 100,- pr. barn. pr. skole\u00e5r (1, 2, 4, 5, 6, 7. klasse).<\/b><\/span><\/p>\n<p><span style=\"color: #0000ff;\"><b>For 1. kommunionsbarn kr. 350,- for skole\u00e5ret. \u00a0 \u00a0For 8. klasse kr. 250,- .<\/b><\/span><\/p>\n<p><span style=\"color: #0000ff;\"><span style=\"font-size: large;\"><b>Giroinnbetaling til konto: 1503.19.45078. <\/b><\/span><\/span><span style=\"color: #0000ff;\"><span style=\"font-size: medium;\"><b>Merk betalingen med barnets (barnas) navn og klasse.<\/b><\/span><\/span><b> <\/b><\/p>\n<p class=\"western\" align=\"center\"><b>Med vennlig hilsen<\/b><\/p>\n<p class=\"western\" align=\"center\"><b>St. Birgitta menighet \/ St. Birgitta katekeselag<\/b><\/p>\n<p class=\"western\" align=\"center\"><span lang=\"en-US\"><b>Tlf: 69 30 15 20 E-post: <\/b><\/span><span style=\"color: #0000ff;\"><u><a href=\"mailto:fredrikstad@katolsk.no\"><span lang=\"en-US\">fredrikstad@katolsk.no<\/span><\/a><\/u><\/span><\/p>\n<p class=\"western\" align=\"center\"><b>St. Josephs gate 17, 1606 Fredrikstad<\/b><\/p>\n<p>&nbsp;<\/p>\n<pre class=\"moz-signature\"><\/pre>\n","protected":false},"excerpt":{"rendered":"<p>Kj\u00e6re elever og foreldre. Vi \u00f8nsker igjen velkommen til trosundervisning l\u00f8rdag den 11. februar i St. Birgitta menighet. Da feirer vi Herrens fremstilling i tempelet i messen. Det blir lysmesse med barnas deltakelse i prosesjon. Vi vil takke alle for &hellip; <a href=\"https:\/\/fredrikstad.katolsk.no\/?p=4262\">Les videre <span class=\"meta-nav\">&rarr;<\/span><\/a><\/p>\n","protected":false},"author":4,"featured_media":0,"comment_status":"closed","ping_status":"open","sticky":false,"template":"","format":"standard","meta":{"footnotes":""},"categories":[33,6],"tags":[],"class_list":["post-4262","post","type-post","status-publish","format-standard","hentry","category-katekese","category-nyheter"],"_links":{"self":[{"href":"https:\/\/fredrikstad.katolsk.no\/index.php?rest_route=\/wp\/v2\/posts\/4262","targetHints":{"allow":["GET"]}}],"collection":[{"href":"https:\/\/fredrikstad.katolsk.no\/index.php?rest_route=\/wp\/v2\/posts"}],"about":[{"href":"https:\/\/fredrikstad.katolsk.no\/index.php?rest_route=\/wp\/v2\/types\/post"}],"author":[{"embeddable":true,"href":"https:\/\/fredrikstad.katolsk.no\/index.php?rest_route=\/wp\/v2\/users\/4"}],"replies":[{"embeddable":true,"href":"https:\/\/fredrikstad.katolsk.no\/index.php?rest_route=%2Fwp%2Fv2%2Fcomments&post=4262"}],"version-history":[{"count":1,"href":"https:\/\/fredrikstad.katolsk.no\/index.php?rest_route=\/wp\/v2\/posts\/4262\/revisions"}],"predecessor-version":[{"id":4263,"href":"https:\/\/fredrikstad.katolsk.no\/index.php?rest_route=\/wp\/v2\/posts\/4262\/revisions\/4263"}],"wp:attachment":[{"href":"https:\/\/fredrikstad.katolsk.no\/index.php?rest_route=%2Fwp%2Fv2%2Fmedia&parent=4262"}],"wp:term":[{"taxonomy":"category","embeddable":true,"href":"https:\/\/fredrikstad.katolsk.no\/index.php?rest_route=%2Fwp%2Fv2%2Fcategories&post=4262"},{"taxonomy":"post_tag","embeddable":true,"href":"https:\/\/fredrikstad.katolsk.no\/index.php?rest_route=%2Fwp%2Fv2%2Ftags&post=4262"}],"curies":[{"name":"wp","href":"https:\/\/api.w.org\/{rel}","templated":true}]}}