{"id":4285,"date":"2017-02-17T16:21:05","date_gmt":"2017-02-17T15:21:05","guid":{"rendered":"http:\/\/fredrikstad.katolsk.no\/?p=4285"},"modified":"2017-02-17T16:21:58","modified_gmt":"2017-02-17T15:21:58","slug":"katolsk-forum-torsdag-16-mars-kl-19-00","status":"publish","type":"post","link":"https:\/\/fredrikstad.katolsk.no\/?p=4285","title":{"rendered":"KATOLSK FORUM  TORSDAG 16. MARS Kl. 19.00."},"content":{"rendered":"<p class=\"western\" align=\"center\"><span style=\"font-size: 300%;\"><b>TEMA: <\/b><\/span><span style=\"font-size: 300%;\"><span lang=\"nb-NO\"><b>Amoris Laetitia. <\/b><\/span><\/span><\/p>\n<p class=\"western\" align=\"center\"><span style=\"font-size: 300%;\"><span lang=\"nb-NO\"><b>Etter familiesynoden &#8211; Hvor st\u00e5r vi og hvor g\u00e5r vi.<\/b><\/span><\/span><\/p>\n<p class=\"western\" align=\"center\"><img loading=\"lazy\" decoding=\"async\" class=\"alignnone size-full wp-image-4286\" src=\"http:\/\/fredrikstad.katolsk.no\/wp-content\/uploads\/2017\/02\/Amoris-laetitia.jpg\" alt=\"Amoris laetitia\" width=\"181\" height=\"279\" \/><\/p>\n<p class=\"western\"><span style=\"font-size: xx-large;\"><b>Foredrag v<\/b><\/span><span style=\"font-size: xx-large;\"><b>ed <\/b><\/span><span style=\"font-size: xx-large;\"><b>Maria Fongen, pastoralavdeling<\/b><\/span><span style=\"font-size: xx-large;\"><b>en i OKB.<\/b><\/span><\/p>\n<p class=\"western\" style=\"text-align: center;\"><img loading=\"lazy\" decoding=\"async\" class=\"alignnone size-full wp-image-4287 aligncenter\" src=\"http:\/\/fredrikstad.katolsk.no\/wp-content\/uploads\/2017\/02\/Maria-Fongen.jpg\" alt=\"Maria Fongen\" width=\"132\" height=\"160\" \/><span style=\"font-size: 300%;\"><b>St. Birgitta kirke, menighetssalen. <\/b><\/span><\/p>\n<p class=\"western\" align=\"center\"><span style=\"font-size: xx-large;\"><b>ALLE VEL M\u00d8TT.<\/b><\/span><\/p>\n<p class=\"western\" style=\"text-align: left;\" align=\"center\">Plakat:\u00a0<a href=\"http:\/\/fredrikstad.katolsk.no\/wp-content\/uploads\/2017\/02\/KATOLSK-FORUM-16.03.17.pdf\">KATOLSK FORUM 16.03.17<\/a><\/p>\n","protected":false},"excerpt":{"rendered":"<p>TEMA: Amoris Laetitia. Etter familiesynoden &#8211; Hvor st\u00e5r vi og hvor g\u00e5r vi. Foredrag ved Maria Fongen, pastoralavdelingen i OKB. St. Birgitta kirke, menighetssalen. ALLE VEL M\u00d8TT. Plakat:\u00a0KATOLSK FORUM 16.03.17<\/p>\n","protected":false},"author":4,"featured_media":0,"comment_status":"closed","ping_status":"open","sticky":false,"template":"","format":"standard","meta":{"footnotes":""},"categories":[6],"tags":[],"class_list":["post-4285","post","type-post","status-publish","format-standard","hentry","category-nyheter"],"_links":{"self":[{"href":"https:\/\/fredrikstad.katolsk.no\/index.php?rest_route=\/wp\/v2\/posts\/4285","targetHints":{"allow":["GET"]}}],"collection":[{"href":"https:\/\/fredrikstad.katolsk.no\/index.php?rest_route=\/wp\/v2\/posts"}],"about":[{"href":"https:\/\/fredrikstad.katolsk.no\/index.php?rest_route=\/wp\/v2\/types\/post"}],"author":[{"embeddable":true,"href":"https:\/\/fredrikstad.katolsk.no\/index.php?rest_route=\/wp\/v2\/users\/4"}],"replies":[{"embeddable":true,"href":"https:\/\/fredrikstad.katolsk.no\/index.php?rest_route=%2Fwp%2Fv2%2Fcomments&post=4285"}],"version-history":[{"count":2,"href":"https:\/\/fredrikstad.katolsk.no\/index.php?rest_route=\/wp\/v2\/posts\/4285\/revisions"}],"predecessor-version":[{"id":4290,"href":"https:\/\/fredrikstad.katolsk.no\/index.php?rest_route=\/wp\/v2\/posts\/4285\/revisions\/4290"}],"wp:attachment":[{"href":"https:\/\/fredrikstad.katolsk.no\/index.php?rest_route=%2Fwp%2Fv2%2Fmedia&parent=4285"}],"wp:term":[{"taxonomy":"category","embeddable":true,"href":"https:\/\/fredrikstad.katolsk.no\/index.php?rest_route=%2Fwp%2Fv2%2Fcategories&post=4285"},{"taxonomy":"post_tag","embeddable":true,"href":"https:\/\/fredrikstad.katolsk.no\/index.php?rest_route=%2Fwp%2Fv2%2Ftags&post=4285"}],"curies":[{"name":"wp","href":"https:\/\/api.w.org\/{rel}","templated":true}]}}