{"id":4315,"date":"2017-02-24T16:52:41","date_gmt":"2017-02-24T15:52:41","guid":{"rendered":"http:\/\/fredrikstad.katolsk.no\/?p=4315"},"modified":"2017-02-24T16:52:41","modified_gmt":"2017-02-24T15:52:41","slug":"konfirmanthelg-24-26-mars","status":"publish","type":"post","link":"https:\/\/fredrikstad.katolsk.no\/?p=4315","title":{"rendered":"Konfirmanthelg 24. &#8211; 26. mars."},"content":{"rendered":"<p class=\"western\" align=\"center\"><span style=\"font-family: 'Franklin Gothic Demi Cond', serif;\"><span style=\"font-size: xx-large;\"><i><b>Konfirmanthelg<\/b><\/i><\/span><\/span><\/p>\n<p class=\"western\"><span style=\"font-family: 'Franklin Gothic Demi Cond', serif;\"><span style=\"font-size: large;\">8.klasse og konfirmanter inviteres til konfirmanthelg <\/span><\/span><span style=\"font-family: 'Franklin Gothic Demi Cond', serif;\"><span style=\"font-size: large;\"><b>f<\/b><\/span><\/span><span style=\"font-family: 'Franklin Gothic Demi Cond', serif;\"><span style=\"font-size: large;\"><b>redag 24. mars kl. 18.00<\/b><\/span><\/span><span style=\"font-family: 'Franklin Gothic Demi Cond', serif;\"><span style=\"font-size: large;\">. <\/span><\/span><\/p>\n<p class=\"western\"><span style=\"font-family: 'Franklin Gothic Demi Cond', serif;\"><span style=\"font-size: large;\">Vi er ferdige <\/span><\/span><span style=\"font-family: 'Franklin Gothic Demi Cond', serif;\"><span style=\"font-size: large;\">etter kirkekaffen (ca. kl. 13.00) s\u00f8ndag. <\/span><\/span><\/p>\n<p class=\"western\"><a name=\"__DdeLink__555_2131555862\"><\/a> <span style=\"font-family: 'Franklin Gothic Demi Cond', serif;\"><span style=\"font-size: large;\">Temaer for helgen er <\/span><\/span><span style=\"font-family: 'Franklin Gothic Demi Cond', serif;\"><span style=\"font-size: large;\"><u><b> \u00abFaste og messen\u00bb<\/b><\/u><\/span><\/span><span style=\"font-family: 'Franklin Gothic Demi Cond', serif;\"><span style=\"font-size: large;\"> som vi kommer til \u00e5 jobbe med dette p\u00e5 mange forskjellige m\u00e5ter. <\/span><\/span><\/p>\n<p class=\"western\"><span style=\"font-family: 'Franklin Gothic Demi Cond', serif;\"><span style=\"font-size: large;\">Ta med deg:<\/span><\/span><\/p>\n<ul>\n<li>\n<p class=\"western\"><span style=\"font-family: 'Franklin Gothic Demi Cond', serif;\"><span style=\"font-size: large;\">Sovepose<\/span><\/span><\/p>\n<\/li>\n<li>\n<p class=\"western\"><span style=\"font-family: 'Franklin Gothic Demi Cond', serif;\"><span style=\"font-size: large;\">Liggeunderlag<\/span><\/span><\/p>\n<\/li>\n<li>\n<p class=\"western\"><span style=\"font-family: 'Franklin Gothic Demi Cond', serif;\"><span style=\"font-size: large;\">Toalettsaker<\/span><\/span><\/p>\n<\/li>\n<li>\n<p class=\"western\"><span style=\"font-family: 'Franklin Gothic Demi Cond', serif;\"><span style=\"font-size: large;\">Innesko<\/span><\/span><\/p>\n<\/li>\n<li>\n<p class=\"western\"><span style=\"font-family: 'Franklin Gothic Demi Cond', serif;\"><span style=\"font-size: large;\">Godt hum\u00f8r <\/span><\/span><span style=\"font-family: Wingdings, serif;\"><span style=\"font-size: large;\">\uf04a<\/span><\/span><\/p>\n<\/li>\n<li>\n<p class=\"western\"><span style=\"font-family: 'Franklin Gothic Demi Cond', serif;\"><span style=\"font-size: large;\">Og alt annet du trenger for en helg.<\/span><\/span><\/p>\n<\/li>\n<li>\n<p class=\"western\"><span style=\"font-family: 'Franklin Gothic Demi Cond', serif;\"><span style=\"font-size: large;\">Ta med gode utekl\u00e6r<\/span><\/span><\/p>\n<\/li>\n<li>\n<p class=\"western\"><span style=\"font-family: 'Franklin Gothic Demi Cond', serif;\"><span style=\"font-size: large;\">P\u00e5melding til pater Jagath eller e-post fredrikstad@katolsk.no innen 18. mars.<\/span><\/span><\/p>\n<\/li>\n<li>P\u00e5meldingsblankett:\u00a0<a href=\"http:\/\/fredrikstad.katolsk.no\/wp-content\/uploads\/2017\/02\/Paamelding-konfhelg-1-2017.pdf\">Paamelding konfhelg 1-2017<\/a><\/li>\n<li>\n<p class=\"western\">\n<\/li>\n<\/ul>\n","protected":false},"excerpt":{"rendered":"<p>Konfirmanthelg 8.klasse og konfirmanter inviteres til konfirmanthelg fredag 24. mars kl. 18.00. Vi er ferdige etter kirkekaffen (ca. kl. 13.00) s\u00f8ndag. Temaer for helgen er \u00abFaste og messen\u00bb som vi kommer til \u00e5 jobbe med dette p\u00e5 mange forskjellige m\u00e5ter. &hellip; <a href=\"https:\/\/fredrikstad.katolsk.no\/?p=4315\">Les videre <span class=\"meta-nav\">&rarr;<\/span><\/a><\/p>\n","protected":false},"author":4,"featured_media":0,"comment_status":"closed","ping_status":"open","sticky":false,"template":"","format":"standard","meta":{"footnotes":""},"categories":[33,6],"tags":[],"class_list":["post-4315","post","type-post","status-publish","format-standard","hentry","category-katekese","category-nyheter"],"_links":{"self":[{"href":"https:\/\/fredrikstad.katolsk.no\/index.php?rest_route=\/wp\/v2\/posts\/4315","targetHints":{"allow":["GET"]}}],"collection":[{"href":"https:\/\/fredrikstad.katolsk.no\/index.php?rest_route=\/wp\/v2\/posts"}],"about":[{"href":"https:\/\/fredrikstad.katolsk.no\/index.php?rest_route=\/wp\/v2\/types\/post"}],"author":[{"embeddable":true,"href":"https:\/\/fredrikstad.katolsk.no\/index.php?rest_route=\/wp\/v2\/users\/4"}],"replies":[{"embeddable":true,"href":"https:\/\/fredrikstad.katolsk.no\/index.php?rest_route=%2Fwp%2Fv2%2Fcomments&post=4315"}],"version-history":[{"count":1,"href":"https:\/\/fredrikstad.katolsk.no\/index.php?rest_route=\/wp\/v2\/posts\/4315\/revisions"}],"predecessor-version":[{"id":4317,"href":"https:\/\/fredrikstad.katolsk.no\/index.php?rest_route=\/wp\/v2\/posts\/4315\/revisions\/4317"}],"wp:attachment":[{"href":"https:\/\/fredrikstad.katolsk.no\/index.php?rest_route=%2Fwp%2Fv2%2Fmedia&parent=4315"}],"wp:term":[{"taxonomy":"category","embeddable":true,"href":"https:\/\/fredrikstad.katolsk.no\/index.php?rest_route=%2Fwp%2Fv2%2Fcategories&post=4315"},{"taxonomy":"post_tag","embeddable":true,"href":"https:\/\/fredrikstad.katolsk.no\/index.php?rest_route=%2Fwp%2Fv2%2Ftags&post=4315"}],"curies":[{"name":"wp","href":"https:\/\/api.w.org\/{rel}","templated":true}]}}