{"id":4425,"date":"2017-04-12T14:45:05","date_gmt":"2017-04-12T12:45:05","guid":{"rendered":"http:\/\/fredrikstad.katolsk.no\/?p=4425"},"modified":"2017-04-12T14:45:05","modified_gmt":"2017-04-12T12:45:05","slug":"swiete-triduum-paschalne-2","status":"publish","type":"post","link":"https:\/\/fredrikstad.katolsk.no\/?p=4425","title":{"rendered":"\u015aWI\u0118TE TRIDUUM PASCHALNE"},"content":{"rendered":"<p class=\"western\" style=\"text-align: left;\" align=\"center\"><span style=\"font-family: 'Times New Roman', serif;\"><span style=\"font-size: large;\"><span lang=\"pl-PL\"><b>MSZA WIECZERZY PA\u0143SKIEJ \u00a0: \u00a0<a href=\"http:\/\/fredrikstad.katolsk.no\/wp-content\/uploads\/2017\/04\/MSZA-WIECZERZY-PA\u0143SKIEJ-SKJ\u00c6RTORSDAG-A-2017.pdf\">MSZA WIECZERZY PA\u0143SKIEJ-SKJ\u00c6RTORSDAG- A-2017<\/a><\/b><\/span><\/span><\/span><\/p>\n<p class=\"western\" style=\"text-align: left;\" align=\"center\"><span style=\"font-family: 'Times New Roman', serif;\"><span style=\"font-size: large;\"><span lang=\"pl-PL\"><b>CHRYSTUS UM\u0118CZONY :\u00a0<a href=\"http:\/\/fredrikstad.katolsk.no\/wp-content\/uploads\/2017\/04\/CHRYSTUS-UM\u0118CZONY-Langfredag-2017.pdf\">CHRYSTUS UM\u0118CZONY -Langfredag -2017<\/a><\/b><\/span><\/span><\/span><\/p>\n<p class=\"western\" style=\"text-align: left;\" align=\"center\"><span style=\"font-family: 'Times New Roman', serif;\"><span style=\"font-size: large;\"><span lang=\"pl-PL\"><b>Wigilia Paschalna w Wielk\u0105 Noc:\u00a0<a href=\"http:\/\/fredrikstad.katolsk.no\/wp-content\/uploads\/2017\/04\/Wigilia-Paschalna-w-Wielk\u0105-Noc-p\u00e5skenatt-2017.pdf\">Wigilia Paschalna w Wielk\u0105 Noc-p\u00e5skenatt-2017<\/a><\/b><\/span><\/span><\/span><\/p>\n<p class=\"western\" style=\"text-align: left;\" align=\"center\">\n<p class=\"western\" style=\"text-align: left;\" align=\"center\"><span style=\"font-family: 'Times New Roman', serif;\"><span style=\"font-size: large;\"><span lang=\"pl-PL\"><b>CHRYSTUS ZMARTWYCHWSTA\u0141Y:\u00a0<a href=\"http:\/\/fredrikstad.katolsk.no\/wp-content\/uploads\/2017\/04\/CHRYSTUS-ZMARTWYCHWSTA\u0141Y-p\u00e5skedag-2017.pdf\">CHRYSTUS ZMARTWYCHWSTA\u0141Y-p\u00e5skedag-2017<\/a><\/b><\/span><\/span><\/span><\/p>\n<p class=\"western\" style=\"text-align: left;\" align=\"center\">\n","protected":false},"excerpt":{"rendered":"<p>MSZA WIECZERZY PA\u0143SKIEJ \u00a0: \u00a0MSZA WIECZERZY PA\u0143SKIEJ-SKJ\u00c6RTORSDAG- A-2017 CHRYSTUS UM\u0118CZONY :\u00a0CHRYSTUS UM\u0118CZONY -Langfredag -2017 Wigilia Paschalna w Wielk\u0105 Noc:\u00a0Wigilia Paschalna w Wielk\u0105 Noc-p\u00e5skenatt-2017 CHRYSTUS ZMARTWYCHWSTA\u0141Y:\u00a0CHRYSTUS ZMARTWYCHWSTA\u0141Y-p\u00e5skedag-2017<\/p>\n","protected":false},"author":4,"featured_media":0,"comment_status":"closed","ping_status":"open","sticky":false,"template":"","format":"standard","meta":{"footnotes":""},"categories":[6,15],"tags":[],"class_list":["post-4425","post","type-post","status-publish","format-standard","hentry","category-nyheter","category-pa-polsk"],"_links":{"self":[{"href":"https:\/\/fredrikstad.katolsk.no\/index.php?rest_route=\/wp\/v2\/posts\/4425","targetHints":{"allow":["GET"]}}],"collection":[{"href":"https:\/\/fredrikstad.katolsk.no\/index.php?rest_route=\/wp\/v2\/posts"}],"about":[{"href":"https:\/\/fredrikstad.katolsk.no\/index.php?rest_route=\/wp\/v2\/types\/post"}],"author":[{"embeddable":true,"href":"https:\/\/fredrikstad.katolsk.no\/index.php?rest_route=\/wp\/v2\/users\/4"}],"replies":[{"embeddable":true,"href":"https:\/\/fredrikstad.katolsk.no\/index.php?rest_route=%2Fwp%2Fv2%2Fcomments&post=4425"}],"version-history":[{"count":1,"href":"https:\/\/fredrikstad.katolsk.no\/index.php?rest_route=\/wp\/v2\/posts\/4425\/revisions"}],"predecessor-version":[{"id":4430,"href":"https:\/\/fredrikstad.katolsk.no\/index.php?rest_route=\/wp\/v2\/posts\/4425\/revisions\/4430"}],"wp:attachment":[{"href":"https:\/\/fredrikstad.katolsk.no\/index.php?rest_route=%2Fwp%2Fv2%2Fmedia&parent=4425"}],"wp:term":[{"taxonomy":"category","embeddable":true,"href":"https:\/\/fredrikstad.katolsk.no\/index.php?rest_route=%2Fwp%2Fv2%2Fcategories&post=4425"},{"taxonomy":"post_tag","embeddable":true,"href":"https:\/\/fredrikstad.katolsk.no\/index.php?rest_route=%2Fwp%2Fv2%2Ftags&post=4425"}],"curies":[{"name":"wp","href":"https:\/\/api.w.org\/{rel}","templated":true}]}}