{"id":4511,"date":"2017-05-12T18:24:59","date_gmt":"2017-05-12T16:24:59","guid":{"rendered":"http:\/\/fredrikstad.katolsk.no\/?p=4511"},"modified":"2017-05-12T18:24:56","modified_gmt":"2017-05-12T16:24:56","slug":"ministranthelg-fredag-26-mai-til-sondag-28-mai","status":"publish","type":"post","link":"https:\/\/fredrikstad.katolsk.no\/?p=4511","title":{"rendered":"Ministranthelg fredag 26. mai til s\u00f8ndag 28. mai."},"content":{"rendered":"<p class=\"western\"><span style=\"font-family: 'Franklin Gothic Demi Cond', serif;\"><span style=\"font-size: large;\">Ministranter og barn fra 3.klasse og oppover inviteres til ministranthelg den fredag 26.05 kl 18:00. \u00a0<\/span><\/span><span style=\"font-family: 'Franklin Gothic Demi Cond', serif;\"><span style=\"font-size: large;\">Vi er ferdige etter kirkekaffen (ca. Kl 13.00) s\u00f8ndag. <\/span><\/span><\/p>\n<p class=\"western\"><a name=\"__DdeLink__555_2131555862\"><\/a><a name=\"_GoBack\"><\/a> <span style=\"font-family: 'Franklin Gothic Demi Cond', serif;\"><span style=\"font-size: large;\">Temaer for helgen er <\/span><\/span><span style=\"font-family: 'Franklin Gothic Demi Cond', serif;\"><span style=\"font-size: large;\"><u><b> \u00abministere i messer\u00bb<\/b><\/u><\/span><\/span><span style=\"font-family: 'Franklin Gothic Demi Cond', serif;\"><span style=\"font-size: large;\"> som vi kommer til \u00e5 jobbe med dette p\u00e5 mange forskjellige m\u00e5ter. <\/span><\/span><\/p>\n<p class=\"western\"><span style=\"font-family: 'Franklin Gothic Demi Cond', serif;\"><span style=\"font-size: large;\">Ta med deg:<\/span><\/span><\/p>\n<ul>\n<li>\n<p class=\"western\"><span style=\"font-family: 'Franklin Gothic Demi Cond', serif;\"><span style=\"font-size: large;\">Sovepose<\/span><\/span><\/p>\n<\/li>\n<li>\n<p class=\"western\"><span style=\"font-family: 'Franklin Gothic Demi Cond', serif;\"><span style=\"font-size: large;\">Liggeunderlag<\/span><\/span><\/p>\n<\/li>\n<li>\n<p class=\"western\"><span style=\"font-family: 'Franklin Gothic Demi Cond', serif;\"><span style=\"font-size: large;\">Toalettsaker<\/span><\/span><\/p>\n<\/li>\n<li>\n<p class=\"western\"><span style=\"font-family: 'Franklin Gothic Demi Cond', serif;\"><span style=\"font-size: large;\">Innesko<\/span><\/span><\/p>\n<\/li>\n<li>\n<p class=\"western\"><span style=\"font-family: 'Franklin Gothic Demi Cond', serif;\"><span style=\"font-size: large;\">Godt hum\u00f8r <\/span><\/span><span style=\"font-family: Wingdings, serif;\"><span style=\"font-size: large;\">\uf04a<\/span><\/span><\/p>\n<\/li>\n<li>\n<p class=\"western\"><span style=\"font-family: 'Franklin Gothic Demi Cond', serif;\"><span style=\"font-size: large;\">Og alt annet du trenger for en helg.<\/span><\/span><\/p>\n<\/li>\n<li>\n<p class=\"western\"><span style=\"font-family: 'Franklin Gothic Demi Cond', serif;\"><span style=\"font-size: large;\">Ta med gode utekl\u00e6r <\/span><\/span><\/p>\n<\/li>\n<\/ul>\n<p align=\"left\"><span style=\"color: #000000;\"><span style=\"font-size: x-large;\"><span lang=\"nb-NO\">P\u00e5melding til: Hilda Gorges: <\/span><\/span><\/span><\/p>\n<p align=\"left\"><span style=\"color: #000000;\"><span style=\"font-size: x-large;\"><span lang=\"nb-NO\">E-post: <\/span><\/span><\/span><span style=\"color: #000080;\"><span lang=\"zxx\"><u><a href=\"mailto:hilda_96@live.no\"><span style=\"color: #000000;\"><span style=\"font-size: x-large;\"><span lang=\"nb-NO\">hilda_96@live.no<\/span><\/span><\/span><\/a><\/u><\/span><\/span><span style=\"color: #000000;\"><span style=\"font-size: x-large;\"><span lang=\"nb-NO\"> eller tlf: 457 93 070.<\/span><\/span><\/span><\/p>\n<p align=\"left\"><span style=\"color: #000000;\"><span style=\"font-size: x-large;\"><span lang=\"nb-NO\">Frist: 19. mai.<\/span><\/span><\/span><\/p>\n<p class=\"western\"><span style=\"font-family: 'Franklin Gothic Demi Cond', serif;\"><span style=\"font-size: x-large;\"><b>P\u00e5melding ministranthelg 26\/05 \u2013 28\/05\/2017<\/b><\/span><\/span><\/p>\n<p class=\"western\"><span style=\"font-family: 'Franklin Gothic Demi Cond', serif;\"><span style=\"font-size: large;\">&#8212;&#8212;&#8212;&#8212;&#8212;&#8212;&#8212;&#8212;&#8212;&#8212;&#8212;&#8212;&#8212;&#8212;&#8212;&#8212;&#8212;&#8212;&#8212;&#8212;&#8212;&#8212;&#8212;&#8212;&#8212;&#8212;&#8212;&#8212;&#8212;&#8212;&#8212;&#8212;-<\/span><\/span><\/p>\n<p class=\"western\"><span style=\"font-family: 'Franklin Gothic Demi Cond', serif;\"><span style=\"font-size: large;\">Navn:_____________________________________________________<\/span><\/span><\/p>\n<p class=\"western\"><span style=\"font-family: 'Franklin Gothic Demi Cond', serif;\"><span style=\"font-size: large;\">Telefon\/mobil_______________________________________________<\/span><\/span><\/p>\n<p class=\"western\"><span style=\"font-family: 'Franklin Gothic Demi Cond', serif;\"><span style=\"font-size: large;\">E-post____________________________________________________<\/span><\/span><\/p>\n<p class=\"western\"><span style=\"font-family: 'Franklin Gothic Demi Cond', serif;\"><span style=\"font-size: large;\">Allergi\/sykdommer:__________________________________________<\/span><\/span><\/p>\n<p class=\"western\"><a name=\"__DdeLink__4509_3537043475\"><\/a> <span style=\"font-family: 'Franklin Gothic Demi Cond', serif;\"><span style=\"font-size: large;\">Annet:_____________________________________________________<\/span><\/span><\/p>\n<p class=\"western\">P\u00e5melding:\u00a0<a href=\"http:\/\/fredrikstad.katolsk.no\/wp-content\/uploads\/2017\/05\/Paamelding-til-ministranthelg-2017.pdf\">Paamelding til ministranthelg -2017<\/a><\/p>\n","protected":false},"excerpt":{"rendered":"<p>Ministranter og barn fra 3.klasse og oppover inviteres til ministranthelg den fredag 26.05 kl 18:00. \u00a0Vi er ferdige etter kirkekaffen (ca. Kl 13.00) s\u00f8ndag. Temaer for helgen er \u00abministere i messer\u00bb som vi kommer til \u00e5 jobbe med dette p\u00e5 &hellip; <a href=\"https:\/\/fredrikstad.katolsk.no\/?p=4511\">Les videre <span class=\"meta-nav\">&rarr;<\/span><\/a><\/p>\n","protected":false},"author":4,"featured_media":0,"comment_status":"closed","ping_status":"open","sticky":false,"template":"","format":"standard","meta":{"footnotes":""},"categories":[33,6,29],"tags":[],"class_list":["post-4511","post","type-post","status-publish","format-standard","hentry","category-katekese","category-nyheter","category-st-birgitta-unge"],"_links":{"self":[{"href":"https:\/\/fredrikstad.katolsk.no\/index.php?rest_route=\/wp\/v2\/posts\/4511","targetHints":{"allow":["GET"]}}],"collection":[{"href":"https:\/\/fredrikstad.katolsk.no\/index.php?rest_route=\/wp\/v2\/posts"}],"about":[{"href":"https:\/\/fredrikstad.katolsk.no\/index.php?rest_route=\/wp\/v2\/types\/post"}],"author":[{"embeddable":true,"href":"https:\/\/fredrikstad.katolsk.no\/index.php?rest_route=\/wp\/v2\/users\/4"}],"replies":[{"embeddable":true,"href":"https:\/\/fredrikstad.katolsk.no\/index.php?rest_route=%2Fwp%2Fv2%2Fcomments&post=4511"}],"version-history":[{"count":3,"href":"https:\/\/fredrikstad.katolsk.no\/index.php?rest_route=\/wp\/v2\/posts\/4511\/revisions"}],"predecessor-version":[{"id":4515,"href":"https:\/\/fredrikstad.katolsk.no\/index.php?rest_route=\/wp\/v2\/posts\/4511\/revisions\/4515"}],"wp:attachment":[{"href":"https:\/\/fredrikstad.katolsk.no\/index.php?rest_route=%2Fwp%2Fv2%2Fmedia&parent=4511"}],"wp:term":[{"taxonomy":"category","embeddable":true,"href":"https:\/\/fredrikstad.katolsk.no\/index.php?rest_route=%2Fwp%2Fv2%2Fcategories&post=4511"},{"taxonomy":"post_tag","embeddable":true,"href":"https:\/\/fredrikstad.katolsk.no\/index.php?rest_route=%2Fwp%2Fv2%2Ftags&post=4511"}],"curies":[{"name":"wp","href":"https:\/\/api.w.org\/{rel}","templated":true}]}}