{"id":4587,"date":"2017-06-23T16:38:29","date_gmt":"2017-06-23T14:38:29","guid":{"rendered":"http:\/\/fredrikstad.katolsk.no\/?p=4587"},"modified":"2017-06-23T17:03:04","modified_gmt":"2017-06-23T15:03:04","slug":"st-birgitta-menighetsfest-sondag-25-juni-kl-11-00","status":"publish","type":"post","link":"https:\/\/fredrikstad.katolsk.no\/?p=4587","title":{"rendered":"St. Birgitta menighetsfest.  S\u00f8ndag 25. juni kl. 11.00."},"content":{"rendered":"<p>&nbsp;<\/p>\n<p class=\"western\" align=\"center\"><img loading=\"lazy\" decoding=\"async\" class=\"alignnone size-full wp-image-4490\" src=\"http:\/\/fredrikstad.katolsk.no\/wp-content\/uploads\/2017\/04\/St.-Birgitta.jpg\" alt=\"St. Birgitta\" width=\"155\" height=\"220\" \/><\/p>\n<p class=\"western\" align=\"center\"><span style=\"font-size: x-large;\">S\u00f8ndag 25. juni kl. 11.00 starter vi med internasjonal messe. Salmer og forb\u00f8nner vil v\u00e6re p\u00e5 forskjellige spr\u00e5k. <\/span><\/p>\n<p class=\"western\" align=\"center\"><span style=\"font-size: x-large;\">Utvidet kirkekaffe med agapem\u00e5ltid.<\/span><\/p>\n<p class=\"western\" align=\"center\"><span style=\"font-size: x-large;\">Alle er hjertelig velkommen til denne festen!<\/span><\/p>\n<p class=\"western\" align=\"center\"><span style=\"font-size: x-large;\">Sammen med St. Birgitta, la oss prise Gud. <\/span><\/p>\n<p class=\"western\" align=\"center\"><span style=\"font-size: x-large;\">St. Birgitta menighets festkomit\u00e9<\/span><\/p>\n<p class=\"western\" align=\"center\">Se Plakaten her: \u00a0<a href=\"http:\/\/fredrikstad.katolsk.no\/wp-content\/uploads\/2017\/05\/Menighetsfest-2017PLAKAT1.pdf\">Menighetsfest 2017PLAKAT<\/a><\/p>\n<p class=\"western\" align=\"center\">\n","protected":false},"excerpt":{"rendered":"<p>&nbsp; S\u00f8ndag 25. juni kl. 11.00 starter vi med internasjonal messe. Salmer og forb\u00f8nner vil v\u00e6re p\u00e5 forskjellige spr\u00e5k. Utvidet kirkekaffe med agapem\u00e5ltid. Alle er hjertelig velkommen til denne festen! Sammen med St. Birgitta, la oss prise Gud. St. Birgitta &hellip; <a href=\"https:\/\/fredrikstad.katolsk.no\/?p=4587\">Les videre <span class=\"meta-nav\">&rarr;<\/span><\/a><\/p>\n","protected":false},"author":4,"featured_media":0,"comment_status":"closed","ping_status":"open","sticky":false,"template":"","format":"standard","meta":{"footnotes":""},"categories":[6],"tags":[],"class_list":["post-4587","post","type-post","status-publish","format-standard","hentry","category-nyheter"],"_links":{"self":[{"href":"https:\/\/fredrikstad.katolsk.no\/index.php?rest_route=\/wp\/v2\/posts\/4587","targetHints":{"allow":["GET"]}}],"collection":[{"href":"https:\/\/fredrikstad.katolsk.no\/index.php?rest_route=\/wp\/v2\/posts"}],"about":[{"href":"https:\/\/fredrikstad.katolsk.no\/index.php?rest_route=\/wp\/v2\/types\/post"}],"author":[{"embeddable":true,"href":"https:\/\/fredrikstad.katolsk.no\/index.php?rest_route=\/wp\/v2\/users\/4"}],"replies":[{"embeddable":true,"href":"https:\/\/fredrikstad.katolsk.no\/index.php?rest_route=%2Fwp%2Fv2%2Fcomments&post=4587"}],"version-history":[{"count":1,"href":"https:\/\/fredrikstad.katolsk.no\/index.php?rest_route=\/wp\/v2\/posts\/4587\/revisions"}],"predecessor-version":[{"id":4590,"href":"https:\/\/fredrikstad.katolsk.no\/index.php?rest_route=\/wp\/v2\/posts\/4587\/revisions\/4590"}],"wp:attachment":[{"href":"https:\/\/fredrikstad.katolsk.no\/index.php?rest_route=%2Fwp%2Fv2%2Fmedia&parent=4587"}],"wp:term":[{"taxonomy":"category","embeddable":true,"href":"https:\/\/fredrikstad.katolsk.no\/index.php?rest_route=%2Fwp%2Fv2%2Fcategories&post=4587"},{"taxonomy":"post_tag","embeddable":true,"href":"https:\/\/fredrikstad.katolsk.no\/index.php?rest_route=%2Fwp%2Fv2%2Ftags&post=4587"}],"curies":[{"name":"wp","href":"https:\/\/api.w.org\/{rel}","templated":true}]}}