{"id":4630,"date":"2017-06-09T16:16:41","date_gmt":"2017-06-09T14:16:41","guid":{"rendered":"http:\/\/fredrikstad.katolsk.no\/?p=4630"},"modified":"2017-06-09T16:16:41","modified_gmt":"2017-06-09T14:16:41","slug":"dugnad-i-kirken-fredag-16-juni-kl-17-00","status":"publish","type":"post","link":"https:\/\/fredrikstad.katolsk.no\/?p=4630","title":{"rendered":"Dugnad i kirken fredag 16. juni kl. 17.00."},"content":{"rendered":"<p><img loading=\"lazy\" decoding=\"async\" class=\"alignnone size-full wp-image-4631\" src=\"http:\/\/fredrikstad.katolsk.no\/wp-content\/uploads\/2017\/06\/Dugnad-2017-1.jpg\" alt=\"Dugnad 2017-1\" width=\"176\" height=\"101\" \/>\u00a0 \u00a0 \u00a0 \u00a0 \u00a0 \u00a0 \u00a0 \u00a0 \u00a0 \u00a0 \u00a0 \u00a0 \u00a0 \u00a0 \u00a0 \u00a0 \u00a0 \u00a0 \u00a0 \u00a0 \u00a0 \u00a0 \u00a0\u00a0<img loading=\"lazy\" decoding=\"async\" class=\"alignnone size-full wp-image-4632\" src=\"http:\/\/fredrikstad.katolsk.no\/wp-content\/uploads\/2017\/06\/Dugnad-2017-2.jpg\" alt=\"Dugnad 2017-2\" width=\"118\" height=\"128\" \/><\/p>\n<p>&nbsp;<\/p>\n<p><span style=\"font-size: xx-large;\"><span style=\"color: #000000;\"><span style=\"font-family: 'Times New Roman', serif;\"><span lang=\"nb-NO\">Dugnaden g\u00e5r ut p\u00e5 \u00e5 vaske omr\u00e5der i kirken og menighetshuset som ikke ber\u00f8res av normal rengj\u00f8ring. <\/span><\/span><\/span><\/span><\/p>\n<p><span style=\"font-size: xx-large;\"><span style=\"color: #000000;\"><span style=\"font-family: 'Times New Roman', serif;\"><span lang=\"nb-NO\">M\u00f8t opp og gj\u00f8r en innsats for menigheten!<\/span><\/span><\/span><\/span><\/p>\n","protected":false},"excerpt":{"rendered":"<p>\u00a0 \u00a0 \u00a0 \u00a0 \u00a0 \u00a0 \u00a0 \u00a0 \u00a0 \u00a0 \u00a0 \u00a0 \u00a0 \u00a0 \u00a0 \u00a0 \u00a0 \u00a0 \u00a0 \u00a0 \u00a0 \u00a0 \u00a0\u00a0 &nbsp; Dugnaden g\u00e5r ut p\u00e5 \u00e5 vaske omr\u00e5der i kirken og menighetshuset som ikke ber\u00f8res av normal &hellip; <a href=\"https:\/\/fredrikstad.katolsk.no\/?p=4630\">Les videre <span class=\"meta-nav\">&rarr;<\/span><\/a><\/p>\n","protected":false},"author":4,"featured_media":0,"comment_status":"closed","ping_status":"open","sticky":false,"template":"","format":"standard","meta":{"footnotes":""},"categories":[6],"tags":[],"class_list":["post-4630","post","type-post","status-publish","format-standard","hentry","category-nyheter"],"_links":{"self":[{"href":"https:\/\/fredrikstad.katolsk.no\/index.php?rest_route=\/wp\/v2\/posts\/4630","targetHints":{"allow":["GET"]}}],"collection":[{"href":"https:\/\/fredrikstad.katolsk.no\/index.php?rest_route=\/wp\/v2\/posts"}],"about":[{"href":"https:\/\/fredrikstad.katolsk.no\/index.php?rest_route=\/wp\/v2\/types\/post"}],"author":[{"embeddable":true,"href":"https:\/\/fredrikstad.katolsk.no\/index.php?rest_route=\/wp\/v2\/users\/4"}],"replies":[{"embeddable":true,"href":"https:\/\/fredrikstad.katolsk.no\/index.php?rest_route=%2Fwp%2Fv2%2Fcomments&post=4630"}],"version-history":[{"count":1,"href":"https:\/\/fredrikstad.katolsk.no\/index.php?rest_route=\/wp\/v2\/posts\/4630\/revisions"}],"predecessor-version":[{"id":4633,"href":"https:\/\/fredrikstad.katolsk.no\/index.php?rest_route=\/wp\/v2\/posts\/4630\/revisions\/4633"}],"wp:attachment":[{"href":"https:\/\/fredrikstad.katolsk.no\/index.php?rest_route=%2Fwp%2Fv2%2Fmedia&parent=4630"}],"wp:term":[{"taxonomy":"category","embeddable":true,"href":"https:\/\/fredrikstad.katolsk.no\/index.php?rest_route=%2Fwp%2Fv2%2Fcategories&post=4630"},{"taxonomy":"post_tag","embeddable":true,"href":"https:\/\/fredrikstad.katolsk.no\/index.php?rest_route=%2Fwp%2Fv2%2Ftags&post=4630"}],"curies":[{"name":"wp","href":"https:\/\/api.w.org\/{rel}","templated":true}]}}