{"id":4802,"date":"2017-08-25T15:43:50","date_gmt":"2017-08-25T13:43:50","guid":{"rendered":"http:\/\/fredrikstad.katolsk.no\/?p=4802"},"modified":"2017-09-01T13:48:23","modified_gmt":"2017-09-01T11:48:23","slug":"innskriving-til-konfirmantundervisning-andre-ar-for-ungdommer-fodt-i-2003-eller-tidligere","status":"publish","type":"post","link":"https:\/\/fredrikstad.katolsk.no\/?p=4802","title":{"rendered":"Innskriving til konfirmantundervisning, andre \u00e5r -for ungdommer f\u00f8dt i 2003 eller tidligere."},"content":{"rendered":"<p class=\"western\"><span style=\"color: #000000;\"><span style=\"font-family: Calibri, serif;\">Fra og med h\u00f8sten 2014 g\u00e5r konfirmantundervisningen over <\/span><\/span><span style=\"color: #000000;\"><span style=\"font-family: Calibri, serif;\"><b>to \u00e5r. <\/b><\/span><\/span><\/p>\n<p class=\"western\"><span style=\"color: #000000;\"><span style=\"font-family: Calibri, serif;\">Vi inviterer alle ungdommer, sammen med foreldre til et kort <\/span><\/span><span style=\"color: #000000;\"><span style=\"font-family: Calibri, serif;\"><b>orienteringsm\u00f8te med p\u00e5melding til FERMINGENS SAKRAMENT<\/b><\/span><\/span><span style=\"color: #000000;\"><span style=\"font-family: Calibri, serif;\"> i St. Birgitta menighetssalen <\/span><\/span><span style=\"color: #000000;\"><span style=\"font-family: Calibri, serif;\"><b>fredag 1. september kl. 18.00.<\/b><\/span><\/span><\/p>\n<p class=\"western\"><span style=\"color: #000000;\"><span style=\"font-family: Calibri, serif;\"><b>Forberedelsen til fermingens sakrament g\u00e5r over to \u00e5r og begynner i 8. klasse. De som ikke har g\u00e5tt 8. klasse, m\u00e5 f\u00f8lge undervisningen for 8. klasse (p\u00e5 l\u00f8rdager) samtidig som de g\u00e5r til konfirmantundervisning, hvis de vil bli konfirmert p\u00e5 v\u00e5ren 2018. <\/b><\/span><\/span><\/p>\n<p class=\"western\"><span style=\"font-family: Calibri, serif;\"><span style=\"font-size: medium;\">Kirkens sakramenter er frukten av Kristi frelsende offer p\u00e5 korset. S\u00e5 sakramentene er alltid tilknyttet til troen og det \u00e5ndelige liv, ikke med det verdslige liv. Noen katolske foreldrene og flere konfirmanter forst\u00e5r ikke det. Vi har syv sakramenter. Sakramentene som innvier kristenlivet &#8211; d\u00e5p, ferming, Eukaristi. Sakramenter som helbreder- bot og sykesalving og sakramenter som st\u00e5r til tjeneste for de troendes fellesskap og sendelse \u2013 ordinasjon og ekteskap. Sakramentene ber\u00f8rer alle de viktige tidspunkter i det kristne liv. Alle sakramenter er rettet mot Eukaristien \u00ab som mot sitt egentlige m\u00e5l\u00bb. For \u00e5 motta det p\u00e5 en fruktbar m\u00e5te, m\u00e5 konfirmanten v\u00e6re i n\u00e5dens stand. Derfor forbereder vi dem med Eukaristien, undervisning og \u00e5ndelige aktiviteter.<\/span><\/span><\/p>\n<p class=\"western\"><span style=\"color: #000000;\"><span style=\"font-family: Calibri, serif;\">I Den katolske kirke har du anledning til \u00e5 motta fermingens sakrament n\u00e5r du har fylt 15 \u00e5r og har f\u00e5tt tilstrekkelig undervisning, og viktigst: N\u00e5r du selv mener at du er moden til \u00e5 bli et aktivt medlem i menigheten. Konfirmasjonen er et sakrament som styrker deg i troen og hjelper deg til \u00e5 begynne et aktivt liv i Kirken. Kirken trenger deg, men du m\u00e5 selv velge Kirken.<\/span><\/span><\/p>\n<p class=\"western\"><span style=\"color: #000000;\"><span style=\"font-family: Calibri, serif;\">For \u00e5 kunne velge Kirken og konfirmasjonen, m\u00e5 du l\u00e6re hva Kirken st\u00e5r for, hva konfirmasjonen inneb\u00e6rer og hva det betyr \u00e5 tro p\u00e5 Jesus Kristus. Det er derfor vi har konfirmasjonsundervisningen. F\u00f8rst etter at du har deltatt i denne undervisningen, og i de hellige messer, f\u00e5r du et grunnlag for \u00e5 velge om du vil la deg konfirmere n\u00e5, eller utsette det til senere. <\/span><\/span><\/p>\n<p class=\"western\"><span style=\"color: #000000;\"><span style=\"font-family: Calibri, serif;\"><span style=\"font-size: large;\"><b>Forberedelsen til konfirmasjonen best\u00e5r av to deler:<\/b><\/span><\/span><\/span><\/p>\n<p class=\"western\"><span style=\"color: #000000;\"><span style=\"font-family: Calibri, serif;\"><b>1)<\/b><\/span><\/span> <span style=\"color: #000000;\"><span style=\"font-family: Calibri, serif;\"><b>Deltakelse i menighetens s\u00f8ndagsmesser:<\/b><\/span><\/span><\/p>\n<p class=\"western\"><span style=\"color: #000000;\"><span style=\"font-family: Calibri, serif;\">S\u00f8ndagsmesse er en selvf\u00f8lge (og plikt) for alle katolikker. <\/span><\/span><span style=\"color: #000000;\"><span style=\"font-family: Calibri, serif;\"><b>1. KIRKENS BUD<\/b><\/span><\/span><span style=\"color: #000000;\"><span style=\"font-family: Calibri, serif;\"> : <\/span><\/span><span style=\"color: #000000;\"><span style=\"font-family: Calibri, serif;\"><i><b>P\u00e5 s\u00f8ndager skal du delta i Messen og p\u00e5 festdager likeledes<\/b><\/i><\/span><\/span> <span style=\"color: #000000;\"><span style=\"font-family: Calibri, serif;\"><b>( 2 Mos 20, 8-11).<\/b><\/span><\/span><span style=\"color: #000000;\"><span style=\"font-family: Calibri, serif;\"> S\u00e5 konfirmanter m\u00e5 kunne dokumentere at de<\/span><\/span><b> <\/b><span style=\"color: #000000;\"><span style=\"font-family: Calibri, serif;\">har deltatt i hver s\u00f8ndagsmesse.<\/span><\/span><\/p>\n<p class=\"western\"><span style=\"color: #000000;\"><span style=\"font-family: Calibri, serif;\"><b>2)<\/b><\/span><\/span> <span style=\"color: #000000;\"><span style=\"font-family: Calibri, serif;\"><b>Undervisning:<\/b><\/span><\/span><\/p>\n<p class=\"western\"><span style=\"color: #000000;\"><span style=\"font-family: Calibri, serif;\">Undervisningen for konfirmantgruppen g\u00e5r to torsdager i m\u00e5neden, med start kl. 18.00 med messe og sakramentsandakt, og p\u00e5f\u00f8lgende undervisning som slutter kl. 20.30. <\/span><\/span><span style=\"color: #000000;\"><span style=\"font-family: Calibri, serif;\"><b>Undervisningen er obligatorisk.<\/b><\/span><\/span><\/p>\n<p class=\"western\"><span style=\"color: #000000;\"><span style=\"font-family: Calibri, serif;\"><span style=\"font-size: large;\"><b>Her er de datoene for undervisning skole\u00e5ret 2017\/2018:<\/b><\/span><\/span><\/span><\/p>\n<table width=\"661\" cellspacing=\"0\" cellpadding=\"6\">\n<colgroup>\n<col width=\"64\" \/>\n<col width=\"52\" \/>\n<col width=\"61\" \/>\n<col width=\"60\" \/>\n<col width=\"45\" \/>\n<col width=\"52\" \/>\n<col width=\"41\" \/>\n<col width=\"41\" \/>\n<col width=\"37\" \/>\n<col width=\"85\" \/> <\/colgroup>\n<tbody>\n<tr valign=\"top\">\n<td style=\"background: #ffffff;\" bgcolor=\"#ffffff\" width=\"64\" height=\"15\">\n<p class=\"western\"><span style=\"color: #000000;\"> <span style=\"font-family: Calibri, serif;\"><span style=\"font-size: xx-small;\"><b>7.september<\/b><\/span><\/span><\/span><\/p>\n<p class=\"western\"><span style=\"color: #000000;\"><span style=\"font-family: Calibri, serif;\"><span style=\"font-size: xx-small;\"><b>21.september<\/b><\/span><\/span><\/span><\/p>\n<\/td>\n<td style=\"background: #ffffff;\" bgcolor=\"#ffffff\" width=\"52\">\n<p class=\"western\"><span style=\"color: #000000;\"> <span style=\"font-family: Calibri, serif;\"><span style=\"font-size: xx-small;\"><b>5.oktober 19.oktober<\/b><\/span><\/span><\/span><\/p>\n<\/td>\n<td style=\"background: #ffffff;\" bgcolor=\"#ffffff\" width=\"61\">\n<p class=\"western\"><span style=\"color: #000000;\"> <span style=\"font-family: Calibri, serif;\"><span style=\"font-size: xx-small;\"><b>9.november<\/b><\/span><\/span><\/span><\/p>\n<p class=\"western\"><span style=\"color: #000000;\"><span style=\"font-family: Calibri, serif;\"><span style=\"font-size: xx-small;\"><b>16.november<\/b><\/span><\/span><\/span><\/p>\n<\/td>\n<td style=\"background: #ffffff;\" bgcolor=\"#ffffff\" width=\"60\">\n<p class=\"western\"><span style=\"color: #000000;\"><span style=\"font-family: Calibri, serif;\"><span style=\"font-size: xx-small;\"><b>7.desember<\/b><\/span><\/span><\/span><\/p>\n<p class=\"western\"><span style=\"color: #000000;\"><span style=\"font-family: Calibri, serif;\"><span style=\"font-size: xx-small;\"><b>14.desember<\/b><\/span><\/span><\/span><\/p>\n<\/td>\n<td style=\"background: #ffffff;\" bgcolor=\"#ffffff\" width=\"45\">\n<p class=\"western\"><span style=\"color: #000000;\"><span style=\"font-family: Calibri, serif;\"><span style=\"font-size: xx-small;\"><b>11.januar<\/b><\/span><\/span><\/span><\/p>\n<p class=\"western\"><span style=\"color: #000000;\"><span style=\"font-family: Calibri, serif;\"><span style=\"font-size: xx-small;\"><b>25.januar<\/b><\/span><\/span><\/span><\/p>\n<\/td>\n<td style=\"background: #ffffff;\" bgcolor=\"#ffffff\" width=\"52\">\n<p class=\"western\"><span style=\"color: #000000;\"> <span style=\"font-family: Calibri, serif;\"><span style=\"font-size: xx-small;\"><b>8.februar<\/b><\/span><\/span><\/span><\/p>\n<p class=\"western\"><span style=\"color: #000000;\"><span style=\"font-family: Calibri, serif;\"><span style=\"font-size: xx-small;\"><b>15.februar<\/b><\/span><\/span><\/span><\/p>\n<\/td>\n<td style=\"background: #ffffff;\" bgcolor=\"#ffffff\" width=\"41\">\n<p class=\"western\"><span style=\"color: #000000;\"> <span style=\"font-family: Calibri, serif;\"><span style=\"font-size: xx-small;\"><b>1.mars<\/b><\/span><\/span><\/span><\/p>\n<p class=\"western\"><span style=\"color: #000000;\"><span style=\"font-family: Calibri, serif;\"><span style=\"font-size: xx-small;\"><b>15.mars \u00a0\u00a0<\/b><\/span><\/span><\/span><\/p>\n<\/td>\n<td style=\"background: #ffffff;\" bgcolor=\"#ffffff\" width=\"41\">\n<p class=\"western\"><span style=\"font-family: Calibri, serif;\"><span style=\"font-size: xx-small;\"><b>5. april<\/b><\/span><\/span><\/p>\n<p class=\"western\"><span style=\"font-family: Calibri, serif;\"><span style=\"font-size: xx-small;\"><b>12. april<\/b><\/span><\/span><\/p>\n<\/td>\n<td style=\"background: #ffffff;\" bgcolor=\"#ffffff\" width=\"37\">\n<p class=\"western\"><span style=\"color: #000000;\"><span style=\"font-family: Calibri, serif;\"><span style=\"font-size: xx-small;\"><b>24.april \u00f8velse<\/b><\/span><\/span><\/span><\/p>\n<\/td>\n<td style=\"background: #ffffff;\" bgcolor=\"#ffffff\" width=\"85\">\n<p class=\"western\"><span style=\"color: #000000;\"><span style=\"font-family: Calibri, serif;\"><span style=\"font-size: xx-small;\"><b>28.april kl. 12.00 Ferming<\/b><\/span><\/span><\/span><\/p>\n<\/td>\n<\/tr>\n<\/tbody>\n<\/table>\n<p class=\"western\"><span style=\"color: #000000;\"><span style=\"font-family: Calibri, serif;\"><span style=\"font-size: large;\"><b>Konfirmanthelger, ungdomsmesse og andre aktiviteter.<\/b><\/span><\/span><\/span><\/p>\n<p class=\"western\"><span style=\"color: #000000;\"> <span style=\"font-family: Calibri, serif;\">blir to helger for konfirmanter i l\u00f8pet av \u00e5ret. Datoene er <\/span><\/span><span style=\"color: #000000;\"><span style=\"font-family: Calibri, serif;\"><b>fredag 24. november \u2013 s\u00f8ndag 26. november 2017<\/b><\/span><\/span><span style=\"color: #000000;\"><span style=\"font-family: Calibri, serif;\"> og <\/span><\/span><span style=\"color: #000000;\"><span style=\"font-family: Calibri, serif;\"><b>fredag 23. februar \u2013 s\u00f8ndag 24. februar 2018.<\/b><\/span><\/span><b> <\/b><span style=\"color: #000000;\"><span style=\"font-family: Calibri, serif;\"><b> Disse er obligatoriske og en del av undervisningen. <\/b><\/span><\/span><\/p>\n<p class=\"western\"><span style=\"color: #000000;\"><span style=\"font-family: Calibri, serif;\"><span style=\"font-size: large;\"><b>Konfirmantleir i p\u00e5sken.<\/b><\/span><\/span><\/span><\/p>\n<p class=\"western\"><span style=\"color: #000000;\"><span style=\"font-family: Calibri, serif;\"><b>Det er konfirmantleir i OKB i regi av NUK. <\/b><\/span><\/span><\/p>\n<p class=\"western\"><span style=\"color: #000000;\"><span style=\"font-family: Calibri, serif;\"><b>Konfirmantleiren<\/b><\/span><\/span><span style=\"color: #000000;\"><span style=\"font-family: Calibri, serif;\"> vil v\u00e6re <\/span><\/span><span style=\"color: #000000;\"><span style=\"font-family: Calibri, serif;\"><b>i p\u00e5sken<\/b><\/span><\/span><span style=\"color: #000000;\"><span style=\"font-family: Calibri, serif;\"> fra palmes\u00f8ndag 25. mars til 1. p\u00e5skedag 1. april 2018. Deltageravgift er kr. 1.900,00. Menigheten dekker 50% av deltageravgiften etter kvittering for betalt deltageravgift. Leirsted er enn\u00e5 ikke fastsatt. Mer informasjon om dette etter nytt\u00e5r.<\/span><\/span><span style=\"color: #000000;\"><span style=\"font-family: Calibri, serif;\"> Her kan du oppleve p\u00e5skemysteriet og f\u00e5 mange nye, katolske venner. <\/span><\/span><span style=\"color: #000000;\"><span style=\"font-family: Calibri, serif;\"><b> Leiren er en obligatorisk del av konfirmantopplegget<\/b><\/span><\/span><span style=\"color: #000000;\"><span style=\"font-family: Calibri, serif;\">. <\/span><\/span><\/p>\n<p class=\"western\"><span style=\"color: #000000;\"><span style=\"font-family: Calibri, serif;\"><span style=\"font-size: large;\"><b>Norges Unge Katolikker<\/b><\/span><\/span><\/span><\/p>\n<p class=\"western\"><span style=\"color: #000000;\"><span style=\"font-family: Calibri, serif;\">Konfirmantkatekesen er medlem av Norges Unge Katolikker (NUK), og alle som deltar blir automatisk ogs\u00e5 medlem i NUK. Hvis du ikke \u00f8nsker \u00e5 st\u00e5 som medlem av NUK krysser du av i det vedlagte skjemaet. Biskopen og sogneprest anbefaler alle \u00e5 v\u00e6re medlemmer av Norges Unge Katolikker. Som medlem f\u00e5r du blader og rabatter p\u00e5 leirer. Medlemskapet gj\u00f8r at vi f\u00e5r mer penger fra menighetens kommuner og dermed mer penger til konfirmantarbeidet. <\/span><\/span><span style=\"color: #000000;\"><span style=\"font-family: Calibri, serif;\"><b>Prisen for \u00e5 delta i konfirmantforberedelsene er den samme, enten du \u00f8nsker \u00e5 v\u00e6re medlem i NUK eller ei.<\/b><\/span><\/span><\/p>\n<p class=\"western\"><span style=\"color: #000000;\"><span style=\"font-family: Calibri, serif;\">For mer informasjon om NUK, se<\/span><\/span> <span style=\"color: #0000ff;\"><span lang=\"zxx\"><u><a href=\"http:\/\/www.nuk.no\/\"><span style=\"color: #0000ff;\"><span style=\"font-family: Calibri, serif;\">www.nuk.no<\/span><\/span><\/a><\/u><\/span><\/span><\/p>\n<p class=\"western\"><span style=\"color: #000000;\"><span style=\"font-family: Calibri, serif;\"><span style=\"font-size: large;\"><b>Betaling<\/b><\/span><\/span><\/span><\/p>\n<p class=\"western\"><a name=\"__DdeLink__1749_1087373968\"><\/a> <span style=\"color: #000000;\"><span style=\"font-family: Calibri, serif;\">For alle konfirmanter ber vi om et bidrag p\u00e5<\/span><\/span><span style=\"color: #000000;\"><span style=\"font-family: Calibri, serif;\"><b> kr. 750,- <\/b><\/span><\/span><span style=\"color: #000000;\"><span style=\"font-family: Calibri, serif;\">pr. skole\u00e5r. Bel\u00f8pet skal betales ved p\u00e5melding til konto: <\/span><\/span><span style=\"color: #000000;\"><span style=\"font-family: Calibri, serif;\"><b>1503.19.45078<\/b><\/span><\/span><span style=\"color: #000000;\"><span style=\"font-family: Calibri, serif;\">. Merk giroen med \u201dKONFIRMANTENS FULLE NAVN\u201d og \u201dkonfirmasjon\u201d. I betalingen inng\u00e5r ett \u00e5rs medlemskap i Norges Unge Katolikker (NUK), undervisningsmateriell, konfirmanthelger og gaver. For familier med presset \u00f8konomi kan det gj\u00f8res s\u00e6ravtaler. \u00d8konomi skal <\/span><\/span><span style=\"color: #000000;\"><span style=\"font-family: Calibri, serif;\"><b>IKKE<\/b><\/span><\/span><span style=\"color: #000000;\"><span style=\"font-family: Calibri, serif;\"> v\u00e6re en hindring til deltagelse i konfirmantopplegget. Ta kontakt med pater Jagath.<\/span><\/span><\/p>\n<p class=\"western\"><span style=\"color: #000000;\"><span style=\"font-family: Calibri, serif;\"><b>Foreldrem\u00f8te fredag 23. februar kl. 18.30.<\/b><\/span><\/span><\/p>\n<p class=\"western\"><span style=\"color: #000000;\"><span style=\"font-family: Calibri, serif;\"><span style=\"font-size: large;\"><b>Fermingens sakrament er l\u00f8rdag 28. april 2018, kl. 12.00.<\/b><\/span><\/span><\/span><\/p>\n<p class=\"western\"><span style=\"color: #000000;\"><span style=\"font-family: Calibri, serif;\"><b>Fyll ut det vedlagte p\u00e5meldingsskjemaet og ta det med p\u00e5 orienteringsm\u00f8tet fredag 1. september! <\/b><\/span><\/span><\/p>\n<p class=\"western\"><span style=\"color: #000000;\"><span style=\"font-family: Calibri, serif;\"><b>Dersom du ikke er d\u00f8pt i St. Birgitta kirke, m\u00e5 du ogs\u00e5 ta med kopi av d\u00e5psattest.<\/b><\/span><\/span><\/p>\n<p class=\"western\"><span style=\"color: #000000;\"><span style=\"font-family: Calibri, serif;\"><b>Fadder m\u00e5 v\u00e6re katolikk, over 16 \u00e5r, fermet og m\u00e5 levere kopi av fermingsattest.<\/b><\/span><\/span><\/p>\n<p class=\"western\"><span style=\"font-family: Calibri, serif;\"><span style=\"font-size: medium;\"><b>Katolsk fadder:<\/b><\/span><\/span><\/p>\n<p class=\"western\"><span style=\"font-family: Calibri, serif;\"><span style=\"font-size: medium;\">Hvorfor katolsk fadder?<\/span><\/span><\/p>\n<p class=\"western\"><span style=\"color: #222222;\"><span style=\"font-family: Calibri, serif;\"><span style=\"font-size: medium;\">Rollen som fadder er \u00e5 ta ansvar for \u00e5 instruere barnet i troen, spesielt hvis foreldrene svikter i denne plikten. Fadderen m\u00e5 ha fylt 16 \u00e5r . Fadderen m\u00e5 v\u00e6re en katolikk som har mottatt sakramentene, den hellige nattverd og konfirmasjon, og \u00ab f\u00f8rer et liv i harmoni med tro og den rollen som skal gjennomf\u00f8res .&raquo; Dessuten kan fadderen ikke hindres av noen kanonisk straff. Ideelt sett b\u00f8r fadderen ved d\u00e5pen ogs\u00e5 v\u00e6re fadderen ved konfirmasjonen. V\u00e6r oppmerksom p\u00e5 at mor og far til barnet ikke kan v\u00e6re fadder. Fadderen er, if\u00f8lge av katolske kirke rett, en \u00e5ndelig veileder til fadderbarn. Fadderen m\u00e5 ogs\u00e5 leve et \u00e5ndelige liv og v\u00e6re god eksempel til fadderbarn og samfunnet. ( Jfr. kirkeloven , nr. 874,1 ) .<\/span><\/span><\/span><\/p>\n<p class=\"western\"><span style=\"color: #000000;\"><span style=\"font-family: Calibri, serif;\">Leder for undervisningen er pater Jagath. <\/span><\/span><\/p>\n<p class=\"western\"><span style=\"color: #000000;\"><span style=\"font-family: Calibri, serif;\">For mer informasjon kontakt pater Jagath. K<\/span><\/span><span style=\"color: #000000;\"><span style=\"font-family: Calibri, serif;\">ontortlf.: 69 30 15 22, mobilnr: 414 68 740.<\/span><\/span><\/p>\n<p class=\"western\"><span style=\"color: #000000;\"><span style=\"font-family: Calibri, serif;\">Med vennlig hilsen <\/span><\/span><\/p>\n<p class=\"western\"><span style=\"color: #000000;\"><span style=\"font-family: Calibri, serif;\"><span lang=\"pl-PL\">Jagath P. Gunapala, OMI (sogneprest)<\/span><\/span><\/span><\/p>\n<p class=\"western\">\n<p class=\"western\">Brevet i pdf: \u00a0<a href=\"http:\/\/fredrikstad.katolsk.no\/wp-content\/uploads\/2017\/08\/Innskrivning-konfirmant-2018.pdf\">Innskrivning konfirmant 2018<\/a><\/p>\n<p class=\"western\">Fermingsmelding:\u00a0<a href=\"http:\/\/fredrikstad.katolsk.no\/wp-content\/uploads\/2017\/08\/OKB-Skjema-Fermingsmelding.doc\">OKB Skjema Fermingsmelding<\/a><\/p>\n<p class=\"western\">Innelding i katekesen:\u00a0<a href=\"http:\/\/fredrikstad.katolsk.no\/wp-content\/uploads\/2017\/08\/Innmeldingkatekesen2017-enkel.pdf\">Innmeldingkatekesen2017-enkel<\/a><\/p>\n","protected":false},"excerpt":{"rendered":"<p>Fra og med h\u00f8sten 2014 g\u00e5r konfirmantundervisningen over to \u00e5r. Vi inviterer alle ungdommer, sammen med foreldre til et kort orienteringsm\u00f8te med p\u00e5melding til FERMINGENS SAKRAMENT i St. Birgitta menighetssalen fredag 1. september kl. 18.00. Forberedelsen til fermingens sakrament g\u00e5r &hellip; <a href=\"https:\/\/fredrikstad.katolsk.no\/?p=4802\">Les videre <span class=\"meta-nav\">&rarr;<\/span><\/a><\/p>\n","protected":false},"author":4,"featured_media":0,"comment_status":"closed","ping_status":"open","sticky":false,"template":"","format":"standard","meta":{"footnotes":""},"categories":[33,6],"tags":[],"class_list":["post-4802","post","type-post","status-publish","format-standard","hentry","category-katekese","category-nyheter"],"_links":{"self":[{"href":"https:\/\/fredrikstad.katolsk.no\/index.php?rest_route=\/wp\/v2\/posts\/4802","targetHints":{"allow":["GET"]}}],"collection":[{"href":"https:\/\/fredrikstad.katolsk.no\/index.php?rest_route=\/wp\/v2\/posts"}],"about":[{"href":"https:\/\/fredrikstad.katolsk.no\/index.php?rest_route=\/wp\/v2\/types\/post"}],"author":[{"embeddable":true,"href":"https:\/\/fredrikstad.katolsk.no\/index.php?rest_route=\/wp\/v2\/users\/4"}],"replies":[{"embeddable":true,"href":"https:\/\/fredrikstad.katolsk.no\/index.php?rest_route=%2Fwp%2Fv2%2Fcomments&post=4802"}],"version-history":[{"count":3,"href":"https:\/\/fredrikstad.katolsk.no\/index.php?rest_route=\/wp\/v2\/posts\/4802\/revisions"}],"predecessor-version":[{"id":4812,"href":"https:\/\/fredrikstad.katolsk.no\/index.php?rest_route=\/wp\/v2\/posts\/4802\/revisions\/4812"}],"wp:attachment":[{"href":"https:\/\/fredrikstad.katolsk.no\/index.php?rest_route=%2Fwp%2Fv2%2Fmedia&parent=4802"}],"wp:term":[{"taxonomy":"category","embeddable":true,"href":"https:\/\/fredrikstad.katolsk.no\/index.php?rest_route=%2Fwp%2Fv2%2Fcategories&post=4802"},{"taxonomy":"post_tag","embeddable":true,"href":"https:\/\/fredrikstad.katolsk.no\/index.php?rest_route=%2Fwp%2Fv2%2Ftags&post=4802"}],"curies":[{"name":"wp","href":"https:\/\/api.w.org\/{rel}","templated":true}]}}