{"id":4827,"date":"2017-09-01T15:29:17","date_gmt":"2017-09-01T13:29:17","guid":{"rendered":"http:\/\/fredrikstad.katolsk.no\/?p=4827"},"modified":"2017-09-01T15:38:24","modified_gmt":"2017-09-01T13:38:24","slug":"trosundervisning-for-barn-og-ungdommer-starter-lordag-9-september-kl-9-45","status":"publish","type":"post","link":"https:\/\/fredrikstad.katolsk.no\/?p=4827","title":{"rendered":"Trosundervisning for barn og ungdommer starter l\u00f8rdag 9. september kl. 9.45"},"content":{"rendered":"<p class=\"western\"><u><b>Kj\u00e6re elever og foreldre. Velkommen til trosundervisning (katekese) i St. Birgitta menighet!<\/b><\/u><\/p>\n<p class=\"western\"><b>F\u00f8rste undervisningsdag i det nye skole\u00e5ret vil bli l\u00f8rdag den 9. september kl. 9.45.<\/b><\/p>\n<p class=\"western\"><b>Vi ber om at foreldrene blir med barna inn i klasserommene ca. halv time for \u00e5 snakke med kateketen.<\/b><\/p>\n<p class=\"western\"><b>Undervisningsl\u00f8rdager for skole\u00e5ret 2017\/2018:<\/b><\/p>\n<p class=\"western\"><b>9. september \u00a0 \u00a0 \u00a0 \u00a0 \u00a0 \u00a0 \u00a0 \u00a0 \u00a0 \u00a0 \u00a0 \u00a0\u00a0<\/b><b>9<\/b><b>. desember <\/b><\/p>\n<p class=\"western\"><b>23. september \u00a0 \u00a0 \u00a0 \u00a0 \u00a0 \u00a0 \u00a0 \u00a0 \u00a0 \u00a0 \u00a0 6. januar<\/b><\/p>\n<p class=\"western\"><b>14. oktober \u00a0 \u00a0 \u00a0 \u00a0 \u00a0 \u00a0 \u00a0 \u00a0 \u00a0 \u00a0 \u00a0 \u00a0 \u00a0 10. februar<\/b><\/p>\n<p class=\"western\"><b>4. november \u00a0 \u00a0 \u00a0 \u00a0 \u00a0 \u00a0 \u00a0 \u00a0 \u00a0 \u00a0 \u00a0 \u00a017. mars<\/b><\/p>\n<p class=\"western\"><b>18<\/b><b>. november \u00a0 \u00a0 \u00a0 \u00a0 \u00a0 \u00a0 \u00a0 \u00a0 \u00a0 \u00a0 \u00a0 21. april<\/b><\/p>\n<p class=\"western\"><b>Foreldrem\u00f8te for 1. kommunionsbarn blir l\u00f8rdag 9. september kl. 13.00 <\/b>(foreldre beh\u00f8ver derfor ikke sette av tid om morgenen)<\/p>\n<p class=\"western\"><b>Undervisningsdagen forl\u00f8per slik:<\/b><\/p>\n<p class=\"western\"><span style=\"font-size: small;\">Kl. 09.45 \u2013 10.45 Undervisning \u00a0 \u00a0 \u00a0 \u00a0 \u00a0 \u00a0 \u00a0 \u00a0 \u00a0 \u00a0 \u00a0 \u00a0 \u00a0 Kl. 11.45 \u2013 12.15 Lunsj (mat\/drikke serveres)<\/span><\/p>\n<p class=\"western\"><span style=\"font-size: small;\">Kl. 10.45 \u2013 11.00 Sang\u00f8velse \u00a0 \u00a0 \u00a0 \u00a0 \u00a0 \u00a0 \u00a0 \u00a0 \u00a0 \u00a0 \u00a0 \u00a0 \u00a0 \u00a0 Kl. 12.15 \u2013 13.00 Undervisning<\/span><\/p>\n<p class=\"western\"><span style=\"font-size: small;\">Kl. 11.00 \u2013 11.45 Messe<\/span><b> <\/b><\/p>\n<p class=\"western\"><b>Kateketer dette skole\u00e5ret:<\/b><\/p>\n<p class=\"western\">1. klasse: Sozan Al-Tammu og Daniel Paszek \u00a0 \u00a0 \u00a0 Assistent: Beatrice Bangela<\/p>\n<p class=\"western\">2. klasse: Raja Toma Younan og Jawan Saib Altiari \u00a0 \u00a0 Assistent: Joanna Bylica og \u00a0 \u00a0 \u00a0 \u00a0 \u00a0 \u00a0 \u00a0 \u00a0 \u00a0 \u00a0 \u00a0 \u00a0 \u00a0 \u00a0 \u00a0 \u00a0 \u00a0 \u00a0 \u00a0 \u00a0 \u00a0 \u00a0 \u00a0 \u00a0 \u00a0 \u00a0 \u00a0 \u00a0 \u00a0 \u00a0 \u00a0 \u00a0 \u00a0 \u00a0 \u00a0 \u00a0 \u00a0 \u00a0 \u00a0 \u00a0 \u00a0 \u00a0 \u00a0 \u00a0 \u00a0 \u00a0 \u00a0 \u00a0 \u00a0Nikolajus Juozeliunas<\/p>\n<p class=\"western\">3. klasse: Marzena Thoresen \u00a0 \u00a0 \u00a0 \u00a0 \u00a0 \u00a0 \u00a0 Assistent: Anna Jagodzinska og Barbara Sznitko<\/p>\n<p class=\"western\"><a name=\"_GoBack\"><\/a> 4. klasse: Emmie Braaten<\/p>\n<p class=\"western\">5. klasse: Vigdis Maatje<\/p>\n<p class=\"western\">6. klasse: Danuta Ptasinska<\/p>\n<p class=\"western\">7. klasse: Elzbieta Hagen<\/p>\n<p class=\"western\">8. klasse: Ray Pereira<\/p>\n<p class=\"western\" align=\"center\"><span style=\"color: #2323dc;\"><span style=\"font-size: small;\"><u><b>Katekesekontingent<\/b><\/u><\/span><\/span><\/p>\n<p class=\"western\"><span style=\"font-size: small;\"><b>Alle barna i katekesen m\u00e5 betale en kontingent som g\u00e5r til \u00e5 dekke utgifter til mat og materiell. Det eneste barna m\u00e5 ta med seg, er skrivesaker og evt. utdelte b\u00f8ker og permer. <\/b><\/span><\/p>\n<p class=\"western\"><span style=\"color: #0000ff;\"><span style=\"font-size: small;\"><b>Kontingenten er kr. 100,- pr. barn pr. skole\u00e5r. For 1. kommunionsbarn kr. 350,-. For 8. klasse kr. 250,-.<\/b><\/span><\/span><\/p>\n<p class=\"western\"><span style=\"color: #0000ff;\"><span style=\"font-size: medium;\"><b>Kontingentbetaling til konto: 1503.19.45078. Merk betalingen med barnets (barnas) navn og klasse.<\/b><\/span><\/span><b> <\/b><\/p>\n<p class=\"western\"><span style=\"color: #ff3333;\"><b>Da DNB har innf\u00f8rt gebyr p\u00e5 kr. 75,00 for innskudd til egen konto, ber vi om at kontingenten blir betalt over nettbank.<\/b><\/span><\/p>\n<p class=\"western\"><span style=\"font-size: small;\">Katekesen er et lokallag av NUK (Norges Unge Katolikker). Det betyr at hvert barn m\u00e5 melde seg inn p\u00e5 nytt i katekesen hvert \u00e5r. Alle som deltar i katekesen blir ogs\u00e5 automatisk ogs\u00e5 medlem av NUK. Hvis du ikke \u00f8nsker \u00e5 v\u00e6re medlem av NUK, krysser du av p\u00e5 innmeldingsskjemaet. Som medlem f\u00e5r du blader og rabatter p\u00e5 leire. Prisen er den samme, enten du \u00f8nsker \u00e5 v\u00e6re medlem eller ikke. <\/span><span style=\"font-size: small;\"><b> Biskopen og sognepresten <\/b><\/span><span style=\"font-size: small;\">anbefaler alle \u00e5 v\u00e6re medlem av Norges Unge Katolikker.<\/span><\/p>\n<p class=\"western\">Vedlagte skjema &laquo;innmeldingkatekesen&raquo; \u00a0leveres utfylt til katekesen \u00a0f\u00f8rste undervisningsdag, l\u00f8rdag 9. september.<\/p>\n<p class=\"western\" align=\"center\"><b>Med vennlig hilsen<\/b><\/p>\n<p class=\"western\" align=\"center\"><b>St. Birgitta menighet \/ St. Birgitta katekeselag<\/b><\/p>\n<p class=\"western\" align=\"center\"><span lang=\"en-US\"><b>Tlf: 69 30 15 20 E-post: <\/b><\/span><span style=\"color: #0000ff;\"><u><a href=\"mailto:fredrikstad@katolsk.no\">fredrikstad@katolsk.no<\/a><\/u><\/span><\/p>\n<p class=\"western\" align=\"center\"><b>St. Josephs gate 17, 1606 Fredrikstad<\/b><\/p>\n<p class=\"western\" style=\"text-align: left;\" align=\"center\">Katekesebrevet i pdf: \u00a0<a href=\"http:\/\/fredrikstad.katolsk.no\/wp-content\/uploads\/2017\/09\/katekese-2017-18.pdf\">katekese 2017-18<\/a><\/p>\n<p>Brev til 1. klasse: <a href=\"http:\/\/fredrikstad.katolsk.no\/wp-content\/uploads\/2017\/09\/1.klassebrev-2017.docx\">1.klassebrev 2017<\/a><\/p>\n<p>Brev til 2., 3., og 8. klasse : \u00a0<a href=\"http:\/\/fredrikstad.katolsk.no\/wp-content\/uploads\/2017\/09\/2389klasse-20171.pdf\">2389klasse-2017<\/a><\/p>\n<p>Brev til 2. klasse :\u00a0<a href=\"http:\/\/fredrikstad.katolsk.no\/wp-content\/uploads\/2017\/09\/Innskrivning-1.kommunion-2019-2.klasse.pdf\">Innskrivning 1.kommunion 2019- 2.klasse<\/a><\/p>\n<p>Brev til 3. klasse:\u00a0<a href=\"http:\/\/fredrikstad.katolsk.no\/wp-content\/uploads\/2017\/09\/Innskrivning-1.kommunion-2018-3.klasse.pdf\">Innskrivning 1.kommunion 2018- 3.klasse<\/a><\/p>\n<p>F\u00f8rstekommunionsmelding: \u00a0<a href=\"http:\/\/fredrikstad.katolsk.no\/wp-content\/uploads\/2017\/09\/OKB-1.kommunion.pdf\">OKB-1.kommunion<\/a><\/p>\n<p>Brev til 8. klasse :\u00a0\u00a0<a href=\"http:\/\/fredrikstad.katolsk.no\/wp-content\/uploads\/2017\/09\/Innskrivning-konfirmant-2019-8.klasse1.pdf\">Innskrivning konfirmant 2019- 8.klasse<\/a><\/p>\n<p>Brev til konfirmanter:\u00a0<a href=\"http:\/\/fredrikstad.katolsk.no\/wp-content\/uploads\/2017\/09\/Innskrivning-konfirmant-2018.pdf\">Innskrivning konfirmant 2018<\/a><\/p>\n<p>Fermingsmelding: \u00a0<a href=\"http:\/\/fredrikstad.katolsk.no\/wp-content\/uploads\/2017\/09\/OKB-Skjema-Fermingsmelding.doc\">OKB Skjema Fermingsmelding<\/a><\/p>\n<p>Innmelding i katekesen: \u00a0<a href=\"http:\/\/fredrikstad.katolsk.no\/wp-content\/uploads\/2017\/09\/Innmeldingkatekesen2017-enkel1.pdf\">Innmeldingkatekesen2017-enkel<\/a><\/p>\n","protected":false},"excerpt":{"rendered":"<p>Kj\u00e6re elever og foreldre. Velkommen til trosundervisning (katekese) i St. Birgitta menighet! F\u00f8rste undervisningsdag i det nye skole\u00e5ret vil bli l\u00f8rdag den 9. september kl. 9.45. Vi ber om at foreldrene blir med barna inn i klasserommene ca. halv time &hellip; <a href=\"https:\/\/fredrikstad.katolsk.no\/?p=4827\">Les videre <span class=\"meta-nav\">&rarr;<\/span><\/a><\/p>\n","protected":false},"author":4,"featured_media":0,"comment_status":"closed","ping_status":"open","sticky":false,"template":"","format":"standard","meta":{"footnotes":""},"categories":[33,6],"tags":[],"class_list":["post-4827","post","type-post","status-publish","format-standard","hentry","category-katekese","category-nyheter"],"_links":{"self":[{"href":"https:\/\/fredrikstad.katolsk.no\/index.php?rest_route=\/wp\/v2\/posts\/4827","targetHints":{"allow":["GET"]}}],"collection":[{"href":"https:\/\/fredrikstad.katolsk.no\/index.php?rest_route=\/wp\/v2\/posts"}],"about":[{"href":"https:\/\/fredrikstad.katolsk.no\/index.php?rest_route=\/wp\/v2\/types\/post"}],"author":[{"embeddable":true,"href":"https:\/\/fredrikstad.katolsk.no\/index.php?rest_route=\/wp\/v2\/users\/4"}],"replies":[{"embeddable":true,"href":"https:\/\/fredrikstad.katolsk.no\/index.php?rest_route=%2Fwp%2Fv2%2Fcomments&post=4827"}],"version-history":[{"count":3,"href":"https:\/\/fredrikstad.katolsk.no\/index.php?rest_route=\/wp\/v2\/posts\/4827\/revisions"}],"predecessor-version":[{"id":4845,"href":"https:\/\/fredrikstad.katolsk.no\/index.php?rest_route=\/wp\/v2\/posts\/4827\/revisions\/4845"}],"wp:attachment":[{"href":"https:\/\/fredrikstad.katolsk.no\/index.php?rest_route=%2Fwp%2Fv2%2Fmedia&parent=4827"}],"wp:term":[{"taxonomy":"category","embeddable":true,"href":"https:\/\/fredrikstad.katolsk.no\/index.php?rest_route=%2Fwp%2Fv2%2Fcategories&post=4827"},{"taxonomy":"post_tag","embeddable":true,"href":"https:\/\/fredrikstad.katolsk.no\/index.php?rest_route=%2Fwp%2Fv2%2Ftags&post=4827"}],"curies":[{"name":"wp","href":"https:\/\/api.w.org\/{rel}","templated":true}]}}