{"id":4865,"date":"2017-09-15T13:25:38","date_gmt":"2017-09-15T11:25:38","guid":{"rendered":"http:\/\/fredrikstad.katolsk.no\/?p=4865"},"modified":"2017-09-15T13:25:38","modified_gmt":"2017-09-15T11:25:38","slug":"trosundervisning-lordag-23-september-kl-9-45","status":"publish","type":"post","link":"https:\/\/fredrikstad.katolsk.no\/?p=4865","title":{"rendered":"Trosundervisning l\u00f8rdag 23. september kl. 9.45."},"content":{"rendered":"<p><strong><u>Kj\u00e6re elever og foreldre.\u00a0 <\/u><\/strong><\/p>\n<p><strong><u>Velkommen til trosundervisning (katekese) i St. Birgitta menighet!<\/u><\/strong><\/p>\n<p>Vi \u00f8nsker igjen velkommen til trosundervisning<strong> l\u00f8rdag den 23. september<\/strong> i St. Birgitta menighet. <strong>Neste undervisningsdag er det h\u00f8sttakkefest.\u00a0 Alle elever tar med seg litt frukt eller gr\u00f8nnsaker til denne dagen.\u00a0 Vi oppfordre at foreldre kommer tidligere og deltar i familiemessen kl. 11.00.<\/strong><\/p>\n<p><strong>\u00a0<\/strong><strong>Det er foreldre til trinn 8 som skal hjelpe med lunsjen.<\/strong><\/p>\n<p><strong>OBS!\u00a0 Etter lunsjen blir det brann\u00f8velse. Barna f\u00e5r info fra kateketer.<\/strong><\/p>\n<p><strong>\u00a0<\/strong>Da det er flere barn som kanskje vil delta i katekesen, men som enn\u00e5 ikke har begynt, gjentar vi det meste av tidligere innhold ogs\u00e5 i dette brevet:<\/p>\n<p><strong>\u00a0<\/strong><strong>Undervisningsl\u00f8rdager for skole\u00e5ret 2017\/2018:<\/strong><\/p>\n<p><strong>\u00a0<\/strong><\/p>\n<ol start=\"23\">\n<li><strong> september &#8211; <\/strong>14. oktober &#8211; 4. november &#8211; 18. november<strong> &#8211; <\/strong>9. desember<\/li>\n<\/ol>\n<p>\u2013 6. januar &#8211;\u00a0 10. februar &#8211;\u00a0 17. mars &#8211;\u00a0\u00a0 21.april<\/p>\n<p>&nbsp;<\/p>\n<p><strong>Undervisningsdagen forl\u00f8per slik:<\/strong><\/p>\n<p>Kl. 09.45 \u2013 10.45\u00a0\u00a0\u00a0\u00a0\u00a0\u00a0\u00a0 Undervisning\u00a0\u00a0\u00a0\u00a0\u00a0\u00a0\u00a0\u00a0\u00a0\u00a0\u00a0\u00a0\u00a0 Kl. 11.45 \u2013 12.15 \u00a0 \u00a0 \u00a0Lunsj (mat\/drikke serveres)<\/p>\n<p>Kl. 10.45 \u2013 11.00\u00a0\u00a0\u00a0\u00a0\u00a0\u00a0\u00a0 Sang\u00f8velse\u00a0\u00a0\u00a0\u00a0\u00a0\u00a0\u00a0\u00a0\u00a0\u00a0\u00a0\u00a0\u00a0\u00a0\u00a0\u00a0 Kl. 12.15 \u2013 13.00\u00a0\u00a0\u00a0\u00a0\u00a0\u00a0\u00a0 Undervisning<\/p>\n<p>Kl. 11.00 \u2013 11.45\u00a0\u00a0\u00a0\u00a0\u00a0\u00a0\u00a0 Messe<\/p>\n<p><strong>\u00a0<\/strong><\/p>\n<p><strong>Kateketer dette skole\u00e5ret:<\/strong><\/p>\n<ol>\n<li>klasse: Sozan Al-Tammu og Daniel Paszek \u00a0 \u00a0 \u00a0 \u00a0 \u00a0 \u00a0 \u00a0 \u00a0Assistent: Beatrice Bangela<\/li>\n<li>klasse: Raja Toma Younan og Jawan Saib Altiari \u00a0 \u00a0 \u00a0 Assistent: Joanna Bylica og \u00a0 \u00a0 \u00a0 \u00a0 \u00a0 \u00a0 \u00a0 \u00a0 \u00a0 \u00a0 \u00a0 \u00a0 \u00a0 \u00a0 \u00a0 \u00a0 \u00a0 \u00a0 \u00a0 \u00a0 \u00a0 \u00a0 \u00a0 \u00a0 \u00a0 \u00a0 \u00a0 \u00a0 \u00a0 \u00a0 \u00a0 \u00a0 \u00a0 \u00a0 \u00a0 \u00a0 \u00a0 \u00a0 \u00a0 \u00a0 \u00a0 \u00a0 \u00a0 \u00a0 \u00a0 \u00a0 \u00a0 \u00a0 Nikolajus Juozeliunas<\/li>\n<li>klasse: Marzena Thoresen \u00a0 \u00a0 \u00a0 \u00a0 \u00a0 \u00a0 \u00a0 \u00a0 \u00a0 \u00a0 \u00a0 \u00a0 \u00a0 \u00a0 \u00a0 \u00a0 \u00a0 \u00a0 Assistent: Anna Jagodzinska og \u00a0 \u00a0 \u00a0 \u00a0 \u00a0 \u00a0 \u00a0 \u00a0 \u00a0 \u00a0 \u00a0 \u00a0 \u00a0 \u00a0 \u00a0 \u00a0 \u00a0 \u00a0 \u00a0 \u00a0 \u00a0 \u00a0 \u00a0 \u00a0 \u00a0 \u00a0 \u00a0 \u00a0 \u00a0 \u00a0 \u00a0 \u00a0 \u00a0 \u00a0 \u00a0 \u00a0 \u00a0 \u00a0 \u00a0 \u00a0 \u00a0 \u00a0 \u00a0 \u00a0 \u00a0 \u00a0 \u00a0 \u00a0 Barbara Sznitko<\/li>\n<li>klasse: Emmie Braaten<\/li>\n<li>klasse: Vigdis Maatje<\/li>\n<li>klasse: Danuta Ptasinska<\/li>\n<li>klasse: Elzbieta Hagen<\/li>\n<li>klasse: Ray Pereira<\/li>\n<\/ol>\n<p>Kateketvikarer: Julianna Moberg og Lars Petter Kuran<\/p>\n<p>Sang\u00f8velser: \u00a0Bente Heiseldal<\/p>\n<p><strong><u>Katekesekontingent<\/u><\/strong><\/p>\n<p><strong>Alle barna i katekesen m\u00e5 betale en kontingent som g\u00e5r til \u00e5 dekke utgifter til mat og materiell.\u00a0 Det eneste barna m\u00e5 ta med seg, er skrivesaker og evt. utdelte b\u00f8ker og permer.\u00a0 <\/strong><\/p>\n<p><strong>\u00a0<\/strong><\/p>\n<p><strong>Kontingenten er kr. 100,- pr. barn pr. skole\u00e5r.\u00a0 For 1. kommunionsbarn\u00a0 kr. 350,-.\u00a0 For 8. klasse kr. 250,-.<\/strong><\/p>\n<p><strong>Giroinnbetaling til konto: 1503.19.45078. Merk betalingen med barnets (barnas) navn og klasse.<\/strong><\/p>\n<p><strong>Katekesen er et lokallag av NUK (Norges Unge Katolikker). Det betyr at hvert barn m\u00e5 melde seg inn p\u00e5 nytt i katekesen hvert \u00e5r.\u00a0 Alle som deltar i katekesen blir ogs\u00e5 automatisk ogs\u00e5 medlem av NUK. Hvis du ikke \u00f8nsker \u00e5 v\u00e6re medlem av NUK, krysser du av p\u00e5 innmeldingsskjemaet.\u00a0 Som medlem f\u00e5r du blader og rabatter p\u00e5 leire.\u00a0 Prisen er den samme, enten du \u00f8nsker \u00e5 v\u00e6re medlem eller ikke.\u00a0 Biskopen og sognepresten anbefaler alle \u00e5 v\u00e6re medlem av Norges Unge Katolikker.<\/strong><\/p>\n<p>Les brevet her: \u00a0<a href=\"http:\/\/fredrikstad.katolsk.no\/wp-content\/uploads\/2017\/09\/Katekese-170923.pdf\">Katekese 170923<\/a><\/p>\n","protected":false},"excerpt":{"rendered":"<p>Kj\u00e6re elever og foreldre.\u00a0 Velkommen til trosundervisning (katekese) i St. Birgitta menighet! Vi \u00f8nsker igjen velkommen til trosundervisning l\u00f8rdag den 23. september i St. Birgitta menighet. Neste undervisningsdag er det h\u00f8sttakkefest.\u00a0 Alle elever tar med seg litt frukt eller gr\u00f8nnsaker &hellip; <a href=\"https:\/\/fredrikstad.katolsk.no\/?p=4865\">Les videre <span class=\"meta-nav\">&rarr;<\/span><\/a><\/p>\n","protected":false},"author":4,"featured_media":0,"comment_status":"closed","ping_status":"open","sticky":false,"template":"","format":"standard","meta":{"footnotes":""},"categories":[33,6],"tags":[],"class_list":["post-4865","post","type-post","status-publish","format-standard","hentry","category-katekese","category-nyheter"],"_links":{"self":[{"href":"https:\/\/fredrikstad.katolsk.no\/index.php?rest_route=\/wp\/v2\/posts\/4865","targetHints":{"allow":["GET"]}}],"collection":[{"href":"https:\/\/fredrikstad.katolsk.no\/index.php?rest_route=\/wp\/v2\/posts"}],"about":[{"href":"https:\/\/fredrikstad.katolsk.no\/index.php?rest_route=\/wp\/v2\/types\/post"}],"author":[{"embeddable":true,"href":"https:\/\/fredrikstad.katolsk.no\/index.php?rest_route=\/wp\/v2\/users\/4"}],"replies":[{"embeddable":true,"href":"https:\/\/fredrikstad.katolsk.no\/index.php?rest_route=%2Fwp%2Fv2%2Fcomments&post=4865"}],"version-history":[{"count":1,"href":"https:\/\/fredrikstad.katolsk.no\/index.php?rest_route=\/wp\/v2\/posts\/4865\/revisions"}],"predecessor-version":[{"id":4867,"href":"https:\/\/fredrikstad.katolsk.no\/index.php?rest_route=\/wp\/v2\/posts\/4865\/revisions\/4867"}],"wp:attachment":[{"href":"https:\/\/fredrikstad.katolsk.no\/index.php?rest_route=%2Fwp%2Fv2%2Fmedia&parent=4865"}],"wp:term":[{"taxonomy":"category","embeddable":true,"href":"https:\/\/fredrikstad.katolsk.no\/index.php?rest_route=%2Fwp%2Fv2%2Fcategories&post=4865"},{"taxonomy":"post_tag","embeddable":true,"href":"https:\/\/fredrikstad.katolsk.no\/index.php?rest_route=%2Fwp%2Fv2%2Ftags&post=4865"}],"curies":[{"name":"wp","href":"https:\/\/api.w.org\/{rel}","templated":true}]}}