{"id":4871,"date":"2017-09-15T13:38:05","date_gmt":"2017-09-15T11:38:05","guid":{"rendered":"http:\/\/fredrikstad.katolsk.no\/?p=4871"},"modified":"2017-09-22T16:33:17","modified_gmt":"2017-09-22T14:33:17","slug":"neste-sondag-er-det-caritas-sondag-kollektene-denne-helgen-gar-til-caritas-det-er-utvidet-kirkekaffe-med-caritas-suppe","status":"publish","type":"post","link":"https:\/\/fredrikstad.katolsk.no\/?p=4871","title":{"rendered":"S\u00f8ndag er det Caritas-s\u00f8ndag.  Kollektene denne helgen g\u00e5r til Caritas.   Det er utvidet kirkekaffe med Caritas-suppe."},"content":{"rendered":"<p>S\u00f8ndag den 24. september feirer vi Caritas-s\u00f8ndag i alle menigheter i hele Norge! Dette er en ypperlig anledning til \u00e5 vise din solidaritet med v\u00e5re br\u00f8dre og s\u00f8stre over hele verden. Sammen med Kirken og Caritas kan hver og en av oss v\u00e6re med p\u00e5 \u00e5 gj\u00f8re verden til et bedre sted for alle. Derfor g\u00e5r kollekten denne s\u00f8ndagen til mennesker som sulter.<\/p>\n<p>I \u00e5r \u00f8nsker Caritas \u00e5 rette s\u00f8kelyset mot p\u00e5 en sultkrise som tvinger folk p\u00e5 flukt fra sine hjem og familier. Noen steder skyldes dette krig, andre steder t\u00f8rke, flom og klimaendringer, noen steder dypt urettferdig fordeling av goder.<\/p>\n<p>Vi er skapt til kj\u00e6rlighet og nestekj\u00e6rlighet er handling. Ved \u00e5 handle i kj\u00e6rlighet til hverandre lever vi ut v\u00e5rt potensiale som mennesker. N\u00e5r vi bekjemper fattigdom og sier nei til urettferdighet, gir vi ikke bare andre mennesker bedre liv, men vi styrkes ogs\u00e5 i v\u00e5r egen \u00e5ndelighet, kj\u00e6rlighet og moralske utvikling. Rettferdighet er en daglig kamp for den verden Gud \u00f8nsker, der kj\u00e6rlighet og forst\u00e5else r\u00e5der blant menneskene.<\/p>\n<p>Sult er en krise som kan l\u00f8ses, og neste s\u00f8ndag kan hver og en av oss v\u00e6re med p\u00e5 \u00e5 hjelpe mennesker ut av fattigdom!<\/p>\n<p>Har du ikke mulighet til \u00e5 bidra til kollekten den s\u00f8ndagen, kan du likevel gi ditt bidrag!<\/p>\n<p><strong>SMS<\/strong>: send FOOD til 2169 (200,-),<br \/>\n<strong>VIPPS<\/strong>: 12135 merket FOOD,<br \/>\n<strong>Caritas Norge gavekonto<\/strong>: 8200.01.93433.<\/p>\n","protected":false},"excerpt":{"rendered":"<p>S\u00f8ndag den 24. september feirer vi Caritas-s\u00f8ndag i alle menigheter i hele Norge! Dette er en ypperlig anledning til \u00e5 vise din solidaritet med v\u00e5re br\u00f8dre og s\u00f8stre over hele verden. Sammen med Kirken og Caritas kan hver og en &hellip; <a href=\"https:\/\/fredrikstad.katolsk.no\/?p=4871\">Les videre <span class=\"meta-nav\">&rarr;<\/span><\/a><\/p>\n","protected":false},"author":4,"featured_media":0,"comment_status":"closed","ping_status":"open","sticky":false,"template":"","format":"standard","meta":{"footnotes":""},"categories":[6],"tags":[],"class_list":["post-4871","post","type-post","status-publish","format-standard","hentry","category-nyheter"],"_links":{"self":[{"href":"https:\/\/fredrikstad.katolsk.no\/index.php?rest_route=\/wp\/v2\/posts\/4871","targetHints":{"allow":["GET"]}}],"collection":[{"href":"https:\/\/fredrikstad.katolsk.no\/index.php?rest_route=\/wp\/v2\/posts"}],"about":[{"href":"https:\/\/fredrikstad.katolsk.no\/index.php?rest_route=\/wp\/v2\/types\/post"}],"author":[{"embeddable":true,"href":"https:\/\/fredrikstad.katolsk.no\/index.php?rest_route=\/wp\/v2\/users\/4"}],"replies":[{"embeddable":true,"href":"https:\/\/fredrikstad.katolsk.no\/index.php?rest_route=%2Fwp%2Fv2%2Fcomments&post=4871"}],"version-history":[{"count":2,"href":"https:\/\/fredrikstad.katolsk.no\/index.php?rest_route=\/wp\/v2\/posts\/4871\/revisions"}],"predecessor-version":[{"id":4875,"href":"https:\/\/fredrikstad.katolsk.no\/index.php?rest_route=\/wp\/v2\/posts\/4871\/revisions\/4875"}],"wp:attachment":[{"href":"https:\/\/fredrikstad.katolsk.no\/index.php?rest_route=%2Fwp%2Fv2%2Fmedia&parent=4871"}],"wp:term":[{"taxonomy":"category","embeddable":true,"href":"https:\/\/fredrikstad.katolsk.no\/index.php?rest_route=%2Fwp%2Fv2%2Fcategories&post=4871"},{"taxonomy":"post_tag","embeddable":true,"href":"https:\/\/fredrikstad.katolsk.no\/index.php?rest_route=%2Fwp%2Fv2%2Ftags&post=4871"}],"curies":[{"name":"wp","href":"https:\/\/api.w.org\/{rel}","templated":true}]}}