{"id":4925,"date":"2017-10-06T14:04:49","date_gmt":"2017-10-06T12:04:49","guid":{"rendered":"http:\/\/fredrikstad.katolsk.no\/?p=4925"},"modified":"2017-10-06T14:11:52","modified_gmt":"2017-10-06T12:11:52","slug":"trosundervisning-lordag-den-14-oktober-kl-9-45","status":"publish","type":"post","link":"https:\/\/fredrikstad.katolsk.no\/?p=4925","title":{"rendered":"Trosundervisning l\u00f8rdag den 14. oktober kl. 9.45."},"content":{"rendered":"<p><strong>\u00a0 \u00a0 \u00a0 \u00a0 \u00a0 \u00a0 \u00a0 \u00a0 \u00a0 \u00a0 \u00a0 \u00a0 \u00a0 \u00a0 \u00a0 \u00a0 \u00a0 \u00a0<\/strong><strong><u>Kj\u00e6re elever og foreldre. <\/u><\/strong><\/p>\n<p>Vi \u00f8nsker igjen velkommen til trosundervisning l\u00f8rdag den 14. oktober i St. Birgitta menighet.\u00a0 Neste undervisningsdag er det ROSENKRANSEN som st\u00e5r i sentrum.<\/p>\n<p><strong>\u00a0<\/strong><strong><u>L\u00f8rdagene 14. oktober, 4. november, 18. november og 9. desember vil det <\/u><\/strong><strong><u>for alle barn bli <\/u><\/strong><strong><u>en halv time med \u00f8velse av sang til f\u00f8rjulskonserten den 16. desember.\u00a0 \u00d8velsene vil vare fra kl. 13.00 til kl. 13.30<\/u><\/strong><\/p>\n<p><strong>Felles lunsj \u2013 alle foreldre kommer til \u00e5 delta med oppgaver: kj\u00f8kken og barnepass.<\/strong><\/p>\n<p>Det er foreldre til barn i 7. klasse, som er bedt om \u00e5 hjelpe 14.oktober. Det gir ogs\u00e5 foreldre anledning til \u00e5 delta i familiemesser med barna. <strong>Det er behov for ca. 5 personer hver gang \u2013 for \u00e5 hjelpe med lunsj, servering \/rydding og passe barna i friminutt.<\/strong><\/p>\n<p><strong>\u00a0<\/strong><strong>Foreldre skal komme kl. 10.00 og forberede lunsjen p\u00e5 kj\u00f8kkenet.<\/strong><\/p>\n<p><strong>Foreldre til 7. klasse<\/strong> <u>skal komme <strong>kl. 10.00<\/strong>, jobbe 1 time, delta i messen \/ servere og passe <\/u>barn.\u00a0 Vennligst <u>gi tilbakemelding til katekeseleder Elzbieta Hagen\u00a0 p\u00e5 mail: <\/u><a href=\"mailto:Elzbieta.hagen@gmail.com\">elzbieta.hagen@gmail.com<\/a><u> eller mobil: <\/u><u>907 19 460<\/u><u> <strong>\u00a0innen torsdag 12. oktober<\/strong>, om hvem som kommer og n\u00e5r 14. oktober.<\/u>\u00a0 Vennligst gi ogs\u00e5 beskjed om man ikke kan!<\/p>\n<p>Vedlagt finner dere informasjon om verksteder for barn som er organisert ifm Polske Filmdager. Aktuelle datoer er 14., 15. og 22. oktober. Aktiviteter er gratis. Det er bare \u00e5 komme. Fint med p\u00e5melding til <a href=\"mailto:elzbieta.hagen@gmail.com\">elzbieta.hagen@gmail.com<\/a> eller mobil 90719460.<\/p>\n<p><strong>Undervisningsl\u00f8rdager for skole\u00e5ret 2017\/2018:<\/strong><\/p>\n<ol start=\"14\">\n<li><strong> oktober<\/strong> &#8211; 4. november &#8211; 18. november<strong> &#8211; <\/strong>9. desember<\/li>\n<\/ol>\n<p>\u2013 6. januar &#8211;\u00a0 10. februar &#8211;\u00a0 17. mars &#8211;\u00a0\u00a0 21.april<\/p>\n<p><strong>Undervisningsdagen forl\u00f8per slik:<\/strong><\/p>\n<p>Kl. 09.45 \u2013 10.45\u00a0 \u00a0Undervisning\u00a0\u00a0\u00a0\u00a0\u00a0\u00a0\u00a0\u00a0\u00a0\u00a0\u00a0\u00a0\u00a0 Kl. 11.45 \u2013 12.15\u00a0 \u00a0 Lunsj (mat\/drikke serveres)<\/p>\n<p>Kl. 10.45 \u2013 11.00\u00a0 \u00a0Sang\u00f8velse\u00a0\u00a0\u00a0\u00a0\u00a0\u00a0\u00a0\u00a0\u00a0\u00a0\u00a0\u00a0\u00a0\u00a0\u00a0\u00a0 Kl. 12.15 \u2013 13.00\u00a0\u00a0\u00a0\u00a0\u00a0\u00a0\u00a0 Undervisning<\/p>\n<p>Kl. 11.00 \u2013 11.45\u00a0 \u00a0Rosenkransandakt\u00a0\u00a0\u00a0\u00a0\u00a0 <strong>Kl.\u00a0 13.00 \u2013 13.30\u00a0\u00a0\u00a0\u00a0\u00a0 \u00d8velse til\u00a0 \u00a0 \u00a0 \u00a0 \u00a0 \u00a0 \u00a0 \u00a0 \u00a0 \u00a0 \u00a0 \u00a0 \u00a0\u00a0 f\u00f8rjulskonsert<\/strong><\/p>\n<p><strong>\u00a0<\/strong><strong>Kateketer dette skole\u00e5ret:<\/strong><\/p>\n<ol>\n<li>klasse: Daniel Paszek\u00a0 \u00a0 \u00a0 Assistent: Beatrice Bangela<\/li>\n<li>klasse: Raja Toma Younan og Jawan Saib Altiari\u00a0 \u00a0 Assistent: Joanna Bylica og Nikolajus Juozeliunas<\/li>\n<li>klasse: Marzena Thoresen\u00a0 \u00a0 \u00a0 \u00a0 \u00a0 \u00a0 \u00a0Assistent: Anna Jagodzinska og Barbara Sznitko<\/li>\n<li>klasse: Emmie Braaten<\/li>\n<li>klasse:\u00a0 Vigdis Maatje<\/li>\n<li>klasse:\u00a0 Danuta Ptasinska<\/li>\n<li>klasse:\u00a0 Elzbieta Hagen<\/li>\n<li>klasse: Ray Pereira\u00a0 \u00a0 \u00a0 \u00a0 \u00a0 \u00a0 \u00a0 \u00a0 \u00a0 \u00a0 \u00a0 \u00a0 \u00a0 \u00a0 \u00a0 \u00a0 \u00a0 \u00a0 \u00a0 \u00a0 \u00a0 \u00a0 \u00a0 \u00a0 \u00a0 \u00a0 \u00a0 \u00a0 \u00a0 \u00a0 \u00a0 \u00a0 \u00a0 \u00a0 \u00a0 \u00a0 \u00a0 \u00a0 \u00a0 \u00a0 \u00a0 \u00a0 \u00a0 \u00a0 \u00a0 \u00a0 \u00a0 Kateketvikarer: Julianna Moberg og Lars Petter Kuran<\/li>\n<\/ol>\n<p>Sang\u00f8velser: \u00a0Bente Heiseldal<\/p>\n<p><strong><u>Katekesekontingent<\/u><\/strong><\/p>\n<p><strong>Alle barna i katekesen m\u00e5 betale en kontingent som g\u00e5r til \u00e5 dekke utgifter til mat og materiell.\u00a0 Det eneste barna m\u00e5 ta med seg, er skrivesaker og evt. utdelte b\u00f8ker og permer.\u00a0 <\/strong><\/p>\n<p><strong>Kontingenten er kr. 100,- pr. barn (1., 2., 4., 5., 6. og 7.klasse).\u00a0\u00a0\u00a0 <\/strong><\/p>\n<p><strong>For 1. kommunionsbarn kr. 350,-.<\/strong><\/p>\n<p><strong>For 8. klasse kr. 250,-. <\/strong><\/p>\n<p><strong>Giroinnbetaling til konto: 1503.19.45078. Merk betalingen med barnets (barnas) navn og klasse.<\/strong><\/p>\n<p><strong>Med vennlig hilsen<\/strong><\/p>\n<p><strong>St. Birgitta menighet \/ St. Birgitta katekeselag<\/strong><\/p>\n<p><strong>Tlf: 69 30 15 20\u00a0\u00a0\u00a0\u00a0 E-post: <\/strong><a href=\"mailto:fredrikstad@katolsk.no\">fredrikstad@katolsk.no<\/a><\/p>\n<p><strong>St. Josephs gate 17, 1606 Fredrikstad<\/strong><\/p>\n<p>Se brevet i pdf her:\u00a0\u00a0<a href=\"http:\/\/fredrikstad.katolsk.no\/wp-content\/uploads\/2017\/10\/Katekese-171014.pdf\">Katekese 171014<\/a><\/p>\n","protected":false},"excerpt":{"rendered":"<p>\u00a0 \u00a0 \u00a0 \u00a0 \u00a0 \u00a0 \u00a0 \u00a0 \u00a0 \u00a0 \u00a0 \u00a0 \u00a0 \u00a0 \u00a0 \u00a0 \u00a0 \u00a0Kj\u00e6re elever og foreldre. Vi \u00f8nsker igjen velkommen til trosundervisning l\u00f8rdag den 14. oktober i St. Birgitta menighet.\u00a0 Neste undervisningsdag er det ROSENKRANSEN &hellip; <a href=\"https:\/\/fredrikstad.katolsk.no\/?p=4925\">Les videre <span class=\"meta-nav\">&rarr;<\/span><\/a><\/p>\n","protected":false},"author":4,"featured_media":0,"comment_status":"closed","ping_status":"open","sticky":false,"template":"","format":"standard","meta":{"footnotes":""},"categories":[33,6],"tags":[],"class_list":["post-4925","post","type-post","status-publish","format-standard","hentry","category-katekese","category-nyheter"],"_links":{"self":[{"href":"https:\/\/fredrikstad.katolsk.no\/index.php?rest_route=\/wp\/v2\/posts\/4925","targetHints":{"allow":["GET"]}}],"collection":[{"href":"https:\/\/fredrikstad.katolsk.no\/index.php?rest_route=\/wp\/v2\/posts"}],"about":[{"href":"https:\/\/fredrikstad.katolsk.no\/index.php?rest_route=\/wp\/v2\/types\/post"}],"author":[{"embeddable":true,"href":"https:\/\/fredrikstad.katolsk.no\/index.php?rest_route=\/wp\/v2\/users\/4"}],"replies":[{"embeddable":true,"href":"https:\/\/fredrikstad.katolsk.no\/index.php?rest_route=%2Fwp%2Fv2%2Fcomments&post=4925"}],"version-history":[{"count":3,"href":"https:\/\/fredrikstad.katolsk.no\/index.php?rest_route=\/wp\/v2\/posts\/4925\/revisions"}],"predecessor-version":[{"id":4936,"href":"https:\/\/fredrikstad.katolsk.no\/index.php?rest_route=\/wp\/v2\/posts\/4925\/revisions\/4936"}],"wp:attachment":[{"href":"https:\/\/fredrikstad.katolsk.no\/index.php?rest_route=%2Fwp%2Fv2%2Fmedia&parent=4925"}],"wp:term":[{"taxonomy":"category","embeddable":true,"href":"https:\/\/fredrikstad.katolsk.no\/index.php?rest_route=%2Fwp%2Fv2%2Fcategories&post=4925"},{"taxonomy":"post_tag","embeddable":true,"href":"https:\/\/fredrikstad.katolsk.no\/index.php?rest_route=%2Fwp%2Fv2%2Ftags&post=4925"}],"curies":[{"name":"wp","href":"https:\/\/api.w.org\/{rel}","templated":true}]}}