{"id":5116,"date":"2017-12-22T16:31:19","date_gmt":"2017-12-22T15:31:19","guid":{"rendered":"http:\/\/fredrikstad.katolsk.no\/?p=5116"},"modified":"2017-12-22T16:31:19","modified_gmt":"2017-12-22T15:31:19","slug":"polska-gazetka-niedzielna-kristi-fodselsfest-uroczystosc-narodzenia-panskiego-rok-b-25-28-grudnia","status":"publish","type":"post","link":"https:\/\/fredrikstad.katolsk.no\/?p=5116","title":{"rendered":"Polska gazetka niedzielna &#8211; Kristi f\u00f8dselsfest &#8211; Uroczysto\u015b\u0107 Narodzenia Pa\u0144skiego \u2013 Rok B,  25 &#8211; 28 grudnia"},"content":{"rendered":"<p><strong>Msza w nocy:\u00a0\u00a0<a href=\"http:\/\/fredrikstad.katolsk.no\/wp-content\/uploads\/2017\/12\/Polsk-s\u00f8ndagsblad-Kristi-f\u00f8dselsfest-Midnattsmessen-Uroczysto\u015b\u0107-Narodzenia-Pa\u0144skiego-Msza-w-nocy-\u2013-24-grudnia.pdf\">Polsk s\u00f8ndagsblad &#8211; Kristi f\u00f8dselsfest-Midnattsmessen &#8211; Uroczysto\u015b\u0107 Narodzenia Pa\u0144skiego &#8211; Msza w nocy \u2013 24 grudnia<\/a><\/strong><\/p>\n<p><strong>Msza o \u015awicie:\u00a0 \u00a0<a href=\"http:\/\/fredrikstad.katolsk.no\/wp-content\/uploads\/2017\/12\/Polsk-s\u00f8ndagsblad-Kristi-f\u00f8dselsfest-Uroczysto\u015b\u0107-Narodzenia-Pa\u0144skiego-Msza-o-\u015awicie-\u2013-Rok-B-25-grudnia.pdf\">Polsk s\u00f8ndagsblad &#8211; Kristi f\u00f8dselsfest &#8211; Uroczysto\u015b\u0107 Narodzenia Pa\u0144skiego &#8211; Msza o \u015awicie \u2013 Rok B, 25 grudnia<\/a><\/strong><\/p>\n<p><span style=\"color: #000000;\"><strong><a style=\"color: #000000;\" href=\"http:\/\/niezbednik.niedziela.pl\/liturgia\/2017-12-25#tabmsza3\" data-toggle=\"tab\">Msza w dzie\u0144<\/a>:\u00a0 \u00a0<a href=\"http:\/\/fredrikstad.katolsk.no\/wp-content\/uploads\/2017\/12\/Polsk-s\u00f8ndagsblad-2.-juledag-\u015awi\u0119to-\u015bw.-Szczepana-Rok-B-26-grudnia-2017.pdf\">Polsk s\u00f8ndagsblad -2. juledag-\u015awi\u0119to \u015bw. Szczepana,-Rok B, 26 grudnia 2017<\/a><\/strong><\/span><\/p>\n<p><strong>\u015awi\u0119to \u015bw. Szczepana:\u00a0<a href=\"http:\/\/fredrikstad.katolsk.no\/wp-content\/uploads\/2017\/12\/Polsk-s\u00f8ndagsblad-\u015awi\u0119to-\u015bw.-Szczepana-Rok-B-26-grudnia-2017.pdf\">Polsk s\u00f8ndagsblad -\u015awi\u0119to \u015bw. Szczepana,-Rok B, 26 grudnia 2017<\/a><\/strong><\/p>\n<p><strong>\u015awi\u0119to \u015bw. Jana:\u00a0<a href=\"http:\/\/fredrikstad.katolsk.no\/wp-content\/uploads\/2017\/12\/Polsk-s\u00f8ndagsblad-\u015awi\u0119to-\u015bw.-Jana-aposto\u0142a-i-ewangelisty-Rok-B-27-grudnia-2017.pdf\">Polsk s\u00f8ndagsblad -\u015awi\u0119to \u015bw. Jana, aposto\u0142a i ewangelisty-Rok B-27 grudnia 2017<\/a><\/strong><\/p>\n<p><strong>\u015awi\u0119to \u015bwi\u0119tych M\u0142odziank\u00f3w, m\u0119czennik\u00f3w:\u00a0<a href=\"http:\/\/fredrikstad.katolsk.no\/wp-content\/uploads\/2017\/12\/Polsk-s\u00f8ndagsblad-de-uskyldige-barn-i-Betlehem-Rok-B-28-grudnia-2017.pdf\">Polsk s\u00f8ndagsblad -de uskyldige barn i Betlehem-Rok B, 28 grudnia 2017<\/a><\/strong><\/p>\n<p>&nbsp;<\/p>\n<p>&nbsp;<\/p>\n","protected":false},"excerpt":{"rendered":"<p>Msza w nocy:\u00a0\u00a0Polsk s\u00f8ndagsblad &#8211; Kristi f\u00f8dselsfest-Midnattsmessen &#8211; Uroczysto\u015b\u0107 Narodzenia Pa\u0144skiego &#8211; Msza w nocy \u2013 24 grudnia Msza o \u015awicie:\u00a0 \u00a0Polsk s\u00f8ndagsblad &#8211; Kristi f\u00f8dselsfest &#8211; Uroczysto\u015b\u0107 Narodzenia Pa\u0144skiego &#8211; Msza o \u015awicie \u2013 Rok B, 25 grudnia Msza &hellip; <a href=\"https:\/\/fredrikstad.katolsk.no\/?p=5116\">Les videre <span class=\"meta-nav\">&rarr;<\/span><\/a><\/p>\n","protected":false},"author":4,"featured_media":0,"comment_status":"closed","ping_status":"open","sticky":false,"template":"","format":"standard","meta":{"footnotes":""},"categories":[6,15],"tags":[],"class_list":["post-5116","post","type-post","status-publish","format-standard","hentry","category-nyheter","category-pa-polsk"],"_links":{"self":[{"href":"https:\/\/fredrikstad.katolsk.no\/index.php?rest_route=\/wp\/v2\/posts\/5116","targetHints":{"allow":["GET"]}}],"collection":[{"href":"https:\/\/fredrikstad.katolsk.no\/index.php?rest_route=\/wp\/v2\/posts"}],"about":[{"href":"https:\/\/fredrikstad.katolsk.no\/index.php?rest_route=\/wp\/v2\/types\/post"}],"author":[{"embeddable":true,"href":"https:\/\/fredrikstad.katolsk.no\/index.php?rest_route=\/wp\/v2\/users\/4"}],"replies":[{"embeddable":true,"href":"https:\/\/fredrikstad.katolsk.no\/index.php?rest_route=%2Fwp%2Fv2%2Fcomments&post=5116"}],"version-history":[{"count":1,"href":"https:\/\/fredrikstad.katolsk.no\/index.php?rest_route=\/wp\/v2\/posts\/5116\/revisions"}],"predecessor-version":[{"id":5123,"href":"https:\/\/fredrikstad.katolsk.no\/index.php?rest_route=\/wp\/v2\/posts\/5116\/revisions\/5123"}],"wp:attachment":[{"href":"https:\/\/fredrikstad.katolsk.no\/index.php?rest_route=%2Fwp%2Fv2%2Fmedia&parent=5116"}],"wp:term":[{"taxonomy":"category","embeddable":true,"href":"https:\/\/fredrikstad.katolsk.no\/index.php?rest_route=%2Fwp%2Fv2%2Fcategories&post=5116"},{"taxonomy":"post_tag","embeddable":true,"href":"https:\/\/fredrikstad.katolsk.no\/index.php?rest_route=%2Fwp%2Fv2%2Ftags&post=5116"}],"curies":[{"name":"wp","href":"https:\/\/api.w.org\/{rel}","templated":true}]}}