{"id":5183,"date":"2018-01-12T16:29:43","date_gmt":"2018-01-12T15:29:43","guid":{"rendered":"http:\/\/fredrikstad.katolsk.no\/?p=5183"},"modified":"2018-01-12T16:30:16","modified_gmt":"2018-01-12T15:30:16","slug":"katolsk-forum-torsdag-18-januar-kl-19-00","status":"publish","type":"post","link":"https:\/\/fredrikstad.katolsk.no\/?p=5183","title":{"rendered":"KATOLSK FORUM  TORSDAG 18. JANUAR Kl. 19.00."},"content":{"rendered":"<p><strong>TEMA:<\/strong> <strong>Fra Luther til Peter &#8211; en pilgrims bekjennelser<\/strong>.<\/p>\n<p><img loading=\"lazy\" decoding=\"async\" class=\" size-full wp-image-5184 alignleft\" src=\"http:\/\/fredrikstad.katolsk.no\/wp-content\/uploads\/2017\/12\/ostereng.jpg\" alt=\"ostereng\" width=\"150\" height=\"150\" \/><img loading=\"lazy\" decoding=\"async\" class=\"alignnone  wp-image-4961\" src=\"http:\/\/fredrikstad.katolsk.no\/wp-content\/uploads\/2017\/10\/Luther.jpg\" alt=\"Luther\" width=\"125\" height=\"177\" \/>\u00a0<img loading=\"lazy\" decoding=\"async\" class=\"  wp-image-5185 alignright\" src=\"http:\/\/fredrikstad.katolsk.no\/wp-content\/uploads\/2017\/12\/St.-Peter.jpg\" alt=\"St. Peter\" width=\"161\" height=\"210\" \/><\/p>\n<p><strong>\u00a0<\/strong><strong>Foredrag ved<\/strong><strong> Dag \u00d8ivind \u00d8stereng.<\/strong><strong>\u00a0\u00a0\u00a0\u00a0\u00a0\u00a0\u00a0\u00a0\u00a0\u00a0\u00a0\u00a0\u00a0\u00a0\u00a0<\/strong><\/p>\n<p>Dag \u00d8ivind \u00d8stereng vokste opp i den lavkirkelige misjonsorganisasjonen Norsk Luthersk Misjonssamband. Han er utdannet teolog fra Det teologiske menighetsfakultetet og tjenestegjorde som prest i Den norske kirke i n\u00e6rmere 19 \u00e5r. Men tross sin bakgrunn var han p\u00e5 vandring, en pilegrimsvei som f\u00f8rte han frem til Den katolske kirkens fulle fellesskap h\u00f8sten 2016.<\/p>\n<p><strong>St. Birgitta kirke, menighetssalen. <\/strong><\/p>\n<p><strong>ALLE VEL M\u00d8TT.<\/strong><\/p>\n<p>Se plakaten her:\u00a0\u00a0<a href=\"http:\/\/fredrikstad.katolsk.no\/wp-content\/uploads\/2017\/12\/KATOLSK-FORUM-18.01.18-PLAKAT.pdf\">KATOLSK FORUM 18.01.18-PLAKAT<\/a><\/p>\n","protected":false},"excerpt":{"rendered":"<p>TEMA: Fra Luther til Peter &#8211; en pilgrims bekjennelser. \u00a0 \u00a0Foredrag ved Dag \u00d8ivind \u00d8stereng.\u00a0\u00a0\u00a0\u00a0\u00a0\u00a0\u00a0\u00a0\u00a0\u00a0\u00a0\u00a0\u00a0\u00a0\u00a0 Dag \u00d8ivind \u00d8stereng vokste opp i den lavkirkelige misjonsorganisasjonen Norsk Luthersk Misjonssamband. Han er utdannet teolog fra Det teologiske menighetsfakultetet og tjenestegjorde som prest i &hellip; <a href=\"https:\/\/fredrikstad.katolsk.no\/?p=5183\">Les videre <span class=\"meta-nav\">&rarr;<\/span><\/a><\/p>\n","protected":false},"author":4,"featured_media":0,"comment_status":"closed","ping_status":"open","sticky":false,"template":"","format":"standard","meta":{"footnotes":""},"categories":[6],"tags":[],"class_list":["post-5183","post","type-post","status-publish","format-standard","hentry","category-nyheter"],"_links":{"self":[{"href":"https:\/\/fredrikstad.katolsk.no\/index.php?rest_route=\/wp\/v2\/posts\/5183","targetHints":{"allow":["GET"]}}],"collection":[{"href":"https:\/\/fredrikstad.katolsk.no\/index.php?rest_route=\/wp\/v2\/posts"}],"about":[{"href":"https:\/\/fredrikstad.katolsk.no\/index.php?rest_route=\/wp\/v2\/types\/post"}],"author":[{"embeddable":true,"href":"https:\/\/fredrikstad.katolsk.no\/index.php?rest_route=\/wp\/v2\/users\/4"}],"replies":[{"embeddable":true,"href":"https:\/\/fredrikstad.katolsk.no\/index.php?rest_route=%2Fwp%2Fv2%2Fcomments&post=5183"}],"version-history":[{"count":2,"href":"https:\/\/fredrikstad.katolsk.no\/index.php?rest_route=\/wp\/v2\/posts\/5183\/revisions"}],"predecessor-version":[{"id":5188,"href":"https:\/\/fredrikstad.katolsk.no\/index.php?rest_route=\/wp\/v2\/posts\/5183\/revisions\/5188"}],"wp:attachment":[{"href":"https:\/\/fredrikstad.katolsk.no\/index.php?rest_route=%2Fwp%2Fv2%2Fmedia&parent=5183"}],"wp:term":[{"taxonomy":"category","embeddable":true,"href":"https:\/\/fredrikstad.katolsk.no\/index.php?rest_route=%2Fwp%2Fv2%2Fcategories&post=5183"},{"taxonomy":"post_tag","embeddable":true,"href":"https:\/\/fredrikstad.katolsk.no\/index.php?rest_route=%2Fwp%2Fv2%2Ftags&post=5183"}],"curies":[{"name":"wp","href":"https:\/\/api.w.org\/{rel}","templated":true}]}}