{"id":5381,"date":"2018-03-28T18:07:07","date_gmt":"2018-03-28T16:07:07","guid":{"rendered":"http:\/\/fredrikstad.katolsk.no\/?p=5381"},"modified":"2018-03-28T18:07:48","modified_gmt":"2018-03-28T16:07:48","slug":"paskens-brev-2018","status":"publish","type":"post","link":"https:\/\/fredrikstad.katolsk.no\/?p=5381","title":{"rendered":"P\u00e5skens brev 2018"},"content":{"rendered":"<p><strong>P\u00e5sken brev finnes her:<\/strong><\/p>\n<p><a href=\"http:\/\/fredrikstad.katolsk.no\/wp-content\/uploads\/2018\/03\/SKJ\u00c6RTORSDAG-18.pdf\">SKJ\u00c6RTORSDAG-18<\/a><\/p>\n<p><a href=\"http:\/\/fredrikstad.katolsk.no\/wp-content\/uploads\/2018\/03\/LANGFREDAG-2018.pdf\">LANGFREDAG-2018<\/a><\/p>\n<p><a href=\"http:\/\/fredrikstad.katolsk.no\/wp-content\/uploads\/2018\/03\/P\u00c5SKEVIGILIEN-2018.pdf\">P\u00c5SKEVIGILIEN 2018<\/a><\/p>\n<p><a href=\"http:\/\/fredrikstad.katolsk.no\/wp-content\/uploads\/2018\/03\/P\u00c5SKEDAG-2018.pdf\">P\u00c5SKEDAG 2018<\/a><\/p>\n<p><a href=\"http:\/\/fredrikstad.katolsk.no\/wp-content\/uploads\/2018\/03\/2.P\u00c5SKEDAG-2018.pdf\">2.P\u00c5SKEDAG 2018<\/a><\/p>\n<p><span style=\"color: #000000;\"><strong>P\u00e5skens lesninger p\u00e5 norsk finnes her:<\/strong><\/span><\/p>\n<p><a href=\"http:\/\/fredrikstad.katolsk.no\/wp-content\/uploads\/2018\/03\/Lesninger-Skj\u00e6rtorsdag.pdf\">Lesninger &#8211; Skj\u00e6rtorsdag<\/a><\/p>\n<p><a href=\"http:\/\/fredrikstad.katolsk.no\/wp-content\/uploads\/2018\/03\/Lesninger-Langfredag-2018.pdf\">Lesninger Langfredag &#8211; 2018<\/a><\/p>\n<p><a href=\"http:\/\/fredrikstad.katolsk.no\/wp-content\/uploads\/2018\/03\/Lesninger-P\u00e5skevigilien-2018.pdf\">Lesninger P\u00e5skevigilien-2018<\/a><\/p>\n<p><a href=\"http:\/\/fredrikstad.katolsk.no\/wp-content\/uploads\/2018\/03\/Lesninger-P\u00e5skedagen-2018.pdf\">Lesninger P\u00e5skedagen,-2018<\/a><\/p>\n<p><a href=\"http:\/\/fredrikstad.katolsk.no\/wp-content\/uploads\/2018\/03\/Lesninger-2.-P\u00e5skedag-2.-april-2018..pdf\">Lesninger 2. P\u00e5skedag, 2. april 2018.<\/a><\/p>\n","protected":false},"excerpt":{"rendered":"<p>P\u00e5sken brev finnes her: SKJ\u00c6RTORSDAG-18 LANGFREDAG-2018 P\u00c5SKEVIGILIEN 2018 P\u00c5SKEDAG 2018 2.P\u00c5SKEDAG 2018 P\u00e5skens lesninger p\u00e5 norsk finnes her: Lesninger &#8211; Skj\u00e6rtorsdag Lesninger Langfredag &#8211; 2018 Lesninger P\u00e5skevigilien-2018 Lesninger P\u00e5skedagen,-2018 Lesninger 2. P\u00e5skedag, 2. april 2018.<\/p>\n","protected":false},"author":4,"featured_media":0,"comment_status":"closed","ping_status":"open","sticky":false,"template":"","format":"standard","meta":{"footnotes":""},"categories":[6,30],"tags":[],"class_list":["post-5381","post","type-post","status-publish","format-standard","hentry","category-nyheter","category-sondagsbrev"],"_links":{"self":[{"href":"https:\/\/fredrikstad.katolsk.no\/index.php?rest_route=\/wp\/v2\/posts\/5381","targetHints":{"allow":["GET"]}}],"collection":[{"href":"https:\/\/fredrikstad.katolsk.no\/index.php?rest_route=\/wp\/v2\/posts"}],"about":[{"href":"https:\/\/fredrikstad.katolsk.no\/index.php?rest_route=\/wp\/v2\/types\/post"}],"author":[{"embeddable":true,"href":"https:\/\/fredrikstad.katolsk.no\/index.php?rest_route=\/wp\/v2\/users\/4"}],"replies":[{"embeddable":true,"href":"https:\/\/fredrikstad.katolsk.no\/index.php?rest_route=%2Fwp%2Fv2%2Fcomments&post=5381"}],"version-history":[{"count":2,"href":"https:\/\/fredrikstad.katolsk.no\/index.php?rest_route=\/wp\/v2\/posts\/5381\/revisions"}],"predecessor-version":[{"id":5393,"href":"https:\/\/fredrikstad.katolsk.no\/index.php?rest_route=\/wp\/v2\/posts\/5381\/revisions\/5393"}],"wp:attachment":[{"href":"https:\/\/fredrikstad.katolsk.no\/index.php?rest_route=%2Fwp%2Fv2%2Fmedia&parent=5381"}],"wp:term":[{"taxonomy":"category","embeddable":true,"href":"https:\/\/fredrikstad.katolsk.no\/index.php?rest_route=%2Fwp%2Fv2%2Fcategories&post=5381"},{"taxonomy":"post_tag","embeddable":true,"href":"https:\/\/fredrikstad.katolsk.no\/index.php?rest_route=%2Fwp%2Fv2%2Ftags&post=5381"}],"curies":[{"name":"wp","href":"https:\/\/api.w.org\/{rel}","templated":true}]}}