{"id":5554,"date":"2018-05-25T14:58:37","date_gmt":"2018-05-25T12:58:37","guid":{"rendered":"http:\/\/fredrikstad.katolsk.no\/?p=5554"},"modified":"2018-05-25T14:58:37","modified_gmt":"2018-05-25T12:58:37","slug":"barn-som-forbereder-seg-til-1-kommunion-26-mai-2018","status":"publish","type":"post","link":"https:\/\/fredrikstad.katolsk.no\/?p=5554","title":{"rendered":"Barn som forbereder seg til 1. kommunion 26. mai 2018."},"content":{"rendered":"<p><span style=\"color: #0000ff;\"><strong>Kl. 10.00<\/strong><\/span><\/p>\n<p>Kristen Abdi<\/p>\n<p>Francoise Amisa Andolo<\/p>\n<p>Eivind Torres Beckstr\u00f8m<\/p>\n<p>Anastazja Olga Boroch<\/p>\n<p>Micha\u0142 Chwiejczak<\/p>\n<p>Miksa Gy\u00fcre \u2013 Szamosi<\/p>\n<p>Johan Rafed Hanna<\/p>\n<p>Loranda Rafed Hanna<\/p>\n<p>Patryk K\u00e5re K\u0105dzio\u0142ka<\/p>\n<p>Alicja Kajda<\/p>\n<p>Victoria Kalchert<\/p>\n<p>Julia Anna Kirschenstein<\/p>\n<p>Przemys\u0142aw Kluszewski<\/p>\n<p>Gabriel Alexander Leo\u0144czyk<\/p>\n<p>Aleksander Bartosz Lubieniecki<\/p>\n<p>Martyna Poli\u0144ska<\/p>\n<p>Kaja Rzewuska<\/p>\n<p>&nbsp;<\/p>\n<p><span style=\"color: #0000ff;\"><strong>Kl. 13.30<\/strong><\/span><\/p>\n<p>&nbsp;<\/p>\n<p>Marie Louisette Anamba Atangana<\/p>\n<p>Jacek Kubicki<\/p>\n<p>Domantas Liutkevi\u010dius<\/p>\n<p>Maria Madeleine Livendahl<\/p>\n<p>Malin Galela Lund<\/p>\n<p>Gabriel Alexander Mehlum<\/p>\n<p>Gloria Ugirase Munyankindi<\/p>\n<p>Luan Nguyen<\/p>\n<p>Selda Nori<\/p>\n<p>Nikodem K. Paliwoda<\/p>\n<p>Maryanna Mariya Razoq<\/p>\n<p>Natalia Roguska<\/p>\n<p>Isabella Visco Rosenkilde<\/p>\n<p>Brian Konrad Rynkiewicz<\/p>\n<p>David Szymczuk<\/p>\n<p>Arianne Pana Thevik<\/p>\n<p>Theresa Tran<\/p>\n<p>Josephine Alexandra Wenst\u00f8b<\/p>\n<p>&nbsp;<\/p>\n<p><span style=\"color: #0000ff;\"><strong>Andre barn som mottar 1.kommunion i \u00e5r:<\/strong><\/span><\/p>\n<p>Krystian Bindek\u00a0 &#8211; POLEN<\/p>\n<p>Maja Brodzinska &#8211; POLEN<\/p>\n<p>Aleksander Chruszcz \u2013 POLEN<\/p>\n<p>Dawid Thomas Lukasik \u2013 POLEN<\/p>\n<p>Dominik Pietrzak &#8211; POLEN<\/p>\n<p>Hubert Pluta &#8211; POLEN<\/p>\n<p>Roy Alexander Manalang Kongsrud &#8211; SENERE<\/p>\n","protected":false},"excerpt":{"rendered":"<p>Kl. 10.00 Kristen Abdi Francoise Amisa Andolo Eivind Torres Beckstr\u00f8m Anastazja Olga Boroch Micha\u0142 Chwiejczak Miksa Gy\u00fcre \u2013 Szamosi Johan Rafed Hanna Loranda Rafed Hanna Patryk K\u00e5re K\u0105dzio\u0142ka Alicja Kajda Victoria Kalchert Julia Anna Kirschenstein Przemys\u0142aw Kluszewski Gabriel Alexander Leo\u0144czyk &hellip; <a href=\"https:\/\/fredrikstad.katolsk.no\/?p=5554\">Les videre <span class=\"meta-nav\">&rarr;<\/span><\/a><\/p>\n","protected":false},"author":4,"featured_media":0,"comment_status":"closed","ping_status":"open","sticky":false,"template":"","format":"standard","meta":{"footnotes":""},"categories":[33,6,30],"tags":[],"class_list":["post-5554","post","type-post","status-publish","format-standard","hentry","category-katekese","category-nyheter","category-sondagsbrev"],"_links":{"self":[{"href":"https:\/\/fredrikstad.katolsk.no\/index.php?rest_route=\/wp\/v2\/posts\/5554","targetHints":{"allow":["GET"]}}],"collection":[{"href":"https:\/\/fredrikstad.katolsk.no\/index.php?rest_route=\/wp\/v2\/posts"}],"about":[{"href":"https:\/\/fredrikstad.katolsk.no\/index.php?rest_route=\/wp\/v2\/types\/post"}],"author":[{"embeddable":true,"href":"https:\/\/fredrikstad.katolsk.no\/index.php?rest_route=\/wp\/v2\/users\/4"}],"replies":[{"embeddable":true,"href":"https:\/\/fredrikstad.katolsk.no\/index.php?rest_route=%2Fwp%2Fv2%2Fcomments&post=5554"}],"version-history":[{"count":1,"href":"https:\/\/fredrikstad.katolsk.no\/index.php?rest_route=\/wp\/v2\/posts\/5554\/revisions"}],"predecessor-version":[{"id":5555,"href":"https:\/\/fredrikstad.katolsk.no\/index.php?rest_route=\/wp\/v2\/posts\/5554\/revisions\/5555"}],"wp:attachment":[{"href":"https:\/\/fredrikstad.katolsk.no\/index.php?rest_route=%2Fwp%2Fv2%2Fmedia&parent=5554"}],"wp:term":[{"taxonomy":"category","embeddable":true,"href":"https:\/\/fredrikstad.katolsk.no\/index.php?rest_route=%2Fwp%2Fv2%2Fcategories&post=5554"},{"taxonomy":"post_tag","embeddable":true,"href":"https:\/\/fredrikstad.katolsk.no\/index.php?rest_route=%2Fwp%2Fv2%2Ftags&post=5554"}],"curies":[{"name":"wp","href":"https:\/\/api.w.org\/{rel}","templated":true}]}}