{"id":5590,"date":"2018-06-08T15:06:53","date_gmt":"2018-06-08T13:06:53","guid":{"rendered":"http:\/\/fredrikstad.katolsk.no\/?p=5590"},"modified":"2018-06-08T15:08:27","modified_gmt":"2018-06-08T13:08:27","slug":"menighetsfest-sondag-24-juni-kl-11-00","status":"publish","type":"post","link":"https:\/\/fredrikstad.katolsk.no\/?p=5590","title":{"rendered":"Menighetsfest s\u00f8ndag 24. juni kl. 11.00."},"content":{"rendered":"<p><img loading=\"lazy\" decoding=\"async\" class=\"alignnone size-full wp-image-4490 aligncenter\" src=\"http:\/\/fredrikstad.katolsk.no\/wp-content\/uploads\/2017\/04\/St.-Birgitta.jpg\" alt=\"St. Birgitta\" width=\"155\" height=\"220\" \/><\/p>\n<p>S\u00f8ndag 24. juni kl. 11.00 starter vi med internasjonal messe.\u00a0 Salmer og forb\u00f8nner vil v\u00e6re p\u00e5 forskjellige spr\u00e5k.<\/p>\n<p>Utvidet kirkekaffe med agapem\u00e5ltid.<\/p>\n<p>Alle er hjertelig velkommen til denne festen!<\/p>\n<p>Sammen med St. Birgitta, la oss prise Gud.<\/p>\n<p>St. Birgitta menighets festkomit\u00e9<\/p>\n","protected":false},"excerpt":{"rendered":"<p>S\u00f8ndag 24. juni kl. 11.00 starter vi med internasjonal messe.\u00a0 Salmer og forb\u00f8nner vil v\u00e6re p\u00e5 forskjellige spr\u00e5k. Utvidet kirkekaffe med agapem\u00e5ltid. Alle er hjertelig velkommen til denne festen! Sammen med St. Birgitta, la oss prise Gud. St. Birgitta menighets &hellip; <a href=\"https:\/\/fredrikstad.katolsk.no\/?p=5590\">Les videre <span class=\"meta-nav\">&rarr;<\/span><\/a><\/p>\n","protected":false},"author":4,"featured_media":0,"comment_status":"closed","ping_status":"open","sticky":false,"template":"","format":"standard","meta":{"footnotes":""},"categories":[6],"tags":[],"class_list":["post-5590","post","type-post","status-publish","format-standard","hentry","category-nyheter"],"_links":{"self":[{"href":"https:\/\/fredrikstad.katolsk.no\/index.php?rest_route=\/wp\/v2\/posts\/5590","targetHints":{"allow":["GET"]}}],"collection":[{"href":"https:\/\/fredrikstad.katolsk.no\/index.php?rest_route=\/wp\/v2\/posts"}],"about":[{"href":"https:\/\/fredrikstad.katolsk.no\/index.php?rest_route=\/wp\/v2\/types\/post"}],"author":[{"embeddable":true,"href":"https:\/\/fredrikstad.katolsk.no\/index.php?rest_route=\/wp\/v2\/users\/4"}],"replies":[{"embeddable":true,"href":"https:\/\/fredrikstad.katolsk.no\/index.php?rest_route=%2Fwp%2Fv2%2Fcomments&post=5590"}],"version-history":[{"count":2,"href":"https:\/\/fredrikstad.katolsk.no\/index.php?rest_route=\/wp\/v2\/posts\/5590\/revisions"}],"predecessor-version":[{"id":5593,"href":"https:\/\/fredrikstad.katolsk.no\/index.php?rest_route=\/wp\/v2\/posts\/5590\/revisions\/5593"}],"wp:attachment":[{"href":"https:\/\/fredrikstad.katolsk.no\/index.php?rest_route=%2Fwp%2Fv2%2Fmedia&parent=5590"}],"wp:term":[{"taxonomy":"category","embeddable":true,"href":"https:\/\/fredrikstad.katolsk.no\/index.php?rest_route=%2Fwp%2Fv2%2Fcategories&post=5590"},{"taxonomy":"post_tag","embeddable":true,"href":"https:\/\/fredrikstad.katolsk.no\/index.php?rest_route=%2Fwp%2Fv2%2Ftags&post=5590"}],"curies":[{"name":"wp","href":"https:\/\/api.w.org\/{rel}","templated":true}]}}