{"id":5747,"date":"2018-09-14T10:55:38","date_gmt":"2018-09-14T08:55:38","guid":{"rendered":"http:\/\/fredrikstad.katolsk.no\/?p=5747"},"modified":"2018-09-14T10:55:38","modified_gmt":"2018-09-14T08:55:38","slug":"lesninger-jomfru-marias-smerter-wspomnienie-najswietszej-maryi-panny-bolesnej-15-wrzesnia-r","status":"publish","type":"post","link":"https:\/\/fredrikstad.katolsk.no\/?p=5747","title":{"rendered":"Lesninger Jomfru Marias smerter &#8211; Wspomnienie Naj\u015bwi\u0119tszej Maryi Panny Bolesnej &#8211; 15 wrze\u015bnia r."},"content":{"rendered":"<p><img loading=\"lazy\" decoding=\"async\" class=\"alignnone size-full wp-image-5748\" src=\"http:\/\/fredrikstad.katolsk.no\/wp-content\/uploads\/2018\/09\/Our_Lady_Sorrows.gif\" alt=\"Our_Lady_Sorrows\" width=\"273\" height=\"400\" \/>\u00a0 \u00a0 \u00a0\u00a0<img loading=\"lazy\" decoding=\"async\" class=\"alignnone size-full wp-image-5752\" src=\"http:\/\/fredrikstad.katolsk.no\/wp-content\/uploads\/2018\/09\/olsorrow.jpg\" alt=\"olsorrow\" width=\"250\" height=\"418\" srcset=\"https:\/\/fredrikstad.katolsk.no\/wp-content\/uploads\/2018\/09\/olsorrow.jpg 250w, https:\/\/fredrikstad.katolsk.no\/wp-content\/uploads\/2018\/09\/olsorrow-179x300.jpg 179w\" sizes=\"auto, (max-width: 250px) 100vw, 250px\" \/><\/p>\n<p>L\u00f8rdagens lesninger p\u00e5 norsk finnes her:\u00a0<a href=\"http:\/\/fredrikstad.katolsk.no\/wp-content\/uploads\/2018\/09\/Lesninger-Den-salige-Jomfru-Marias-smerter-15.-september.pdf\">Lesninger Den salige Jomfru Marias smerter (15. september)<\/a><\/p>\n<p>Polsku:\u00a0\u00a0<a href=\"http:\/\/fredrikstad.katolsk.no\/wp-content\/uploads\/2018\/09\/Polsk-s\u00f8ndagsblad-Jomfru-Marias-smerter-Wspomnienie-Naj\u015bwi\u0119tszej-Maryi-Panny-Bolesnej-15-wrze\u015bnia..pdf\">Polsk s\u00f8ndagsblad &#8211; Jomfru Marias smerter &#8211; Wspomnienie Naj\u015bwi\u0119tszej Maryi Panny Bolesnej &#8211; 15 wrze\u015bnia.<\/a><\/p>\n<p><img loading=\"lazy\" decoding=\"async\" class=\"alignnone size-full wp-image-5751\" src=\"http:\/\/fredrikstad.katolsk.no\/wp-content\/uploads\/2018\/09\/SevensorrrowsMary.jpg\" alt=\"SevensorrrowsMary\" width=\"350\" height=\"363\" srcset=\"https:\/\/fredrikstad.katolsk.no\/wp-content\/uploads\/2018\/09\/SevensorrrowsMary.jpg 350w, https:\/\/fredrikstad.katolsk.no\/wp-content\/uploads\/2018\/09\/SevensorrrowsMary-289x300.jpg 289w\" sizes=\"auto, (max-width: 350px) 100vw, 350px\" \/><\/p>\n<p>&nbsp;<\/p>\n","protected":false},"excerpt":{"rendered":"<p>\u00a0 \u00a0 \u00a0\u00a0 L\u00f8rdagens lesninger p\u00e5 norsk finnes her:\u00a0Lesninger Den salige Jomfru Marias smerter (15. september) Polsku:\u00a0\u00a0Polsk s\u00f8ndagsblad &#8211; Jomfru Marias smerter &#8211; Wspomnienie Naj\u015bwi\u0119tszej Maryi Panny Bolesnej &#8211; 15 wrze\u015bnia. &nbsp;<\/p>\n","protected":false},"author":4,"featured_media":0,"comment_status":"closed","ping_status":"open","sticky":false,"template":"","format":"standard","meta":{"footnotes":""},"categories":[6,15,30],"tags":[],"class_list":["post-5747","post","type-post","status-publish","format-standard","hentry","category-nyheter","category-pa-polsk","category-sondagsbrev"],"_links":{"self":[{"href":"https:\/\/fredrikstad.katolsk.no\/index.php?rest_route=\/wp\/v2\/posts\/5747","targetHints":{"allow":["GET"]}}],"collection":[{"href":"https:\/\/fredrikstad.katolsk.no\/index.php?rest_route=\/wp\/v2\/posts"}],"about":[{"href":"https:\/\/fredrikstad.katolsk.no\/index.php?rest_route=\/wp\/v2\/types\/post"}],"author":[{"embeddable":true,"href":"https:\/\/fredrikstad.katolsk.no\/index.php?rest_route=\/wp\/v2\/users\/4"}],"replies":[{"embeddable":true,"href":"https:\/\/fredrikstad.katolsk.no\/index.php?rest_route=%2Fwp%2Fv2%2Fcomments&post=5747"}],"version-history":[{"count":1,"href":"https:\/\/fredrikstad.katolsk.no\/index.php?rest_route=\/wp\/v2\/posts\/5747\/revisions"}],"predecessor-version":[{"id":5753,"href":"https:\/\/fredrikstad.katolsk.no\/index.php?rest_route=\/wp\/v2\/posts\/5747\/revisions\/5753"}],"wp:attachment":[{"href":"https:\/\/fredrikstad.katolsk.no\/index.php?rest_route=%2Fwp%2Fv2%2Fmedia&parent=5747"}],"wp:term":[{"taxonomy":"category","embeddable":true,"href":"https:\/\/fredrikstad.katolsk.no\/index.php?rest_route=%2Fwp%2Fv2%2Fcategories&post=5747"},{"taxonomy":"post_tag","embeddable":true,"href":"https:\/\/fredrikstad.katolsk.no\/index.php?rest_route=%2Fwp%2Fv2%2Ftags&post=5747"}],"curies":[{"name":"wp","href":"https:\/\/api.w.org\/{rel}","templated":true}]}}