{"id":5761,"date":"2018-09-14T16:30:49","date_gmt":"2018-09-14T14:30:49","guid":{"rendered":"http:\/\/fredrikstad.katolsk.no\/?p=5761"},"modified":"2018-09-14T16:30:49","modified_gmt":"2018-09-14T14:30:49","slug":"trosundervisning-lordag-22-september-kl-9-45","status":"publish","type":"post","link":"https:\/\/fredrikstad.katolsk.no\/?p=5761","title":{"rendered":"Trosundervisning l\u00f8rdag 22. september kl. 9.45."},"content":{"rendered":"<p><strong><u>Kj\u00e6re elever og foreldre.\u00a0 Velkommen til trosundervisning (katekese) i St. Birgitta menighet!<\/u><\/strong><\/p>\n<p>Vi \u00f8nsker igjen velkommen til trosundervisning<strong> l\u00f8rdag den 22. september<\/strong> i St. Birgitta menighet. <strong>Neste undervisningsdag er det h\u00f8sttakkefest.\u00a0 Alle elever tar med seg litt frukt eller gr\u00f8nnsaker til denne dagen.\u00a0 Vi oppfordre at foreldre kommer tidligere og deltar i familiemessen kl. 11.00.<\/strong><\/p>\n<p><strong>Det er foreldre til trinn 7 som skal hjelpe med lunsjen.\u00a0 <\/strong><\/p>\n<p><strong>\u00a0<\/strong>Da det er flere barn som kanskje vil delta i katekesen, men som enn\u00e5 ikke har begynt, gjentar vi det meste av tidligere innhold ogs\u00e5 i dette brevet:<\/p>\n<p><strong>Undervisningsl\u00f8rdager for skole\u00e5ret 2018\/2019:<\/strong><strong>\u00a0 \u00a0 \u00a0 \u00a0\u00a0<\/strong><\/p>\n<ol start=\"22\">\n<li><strong> september &#8211;<\/strong>20. oktober &#8211; 3. november- 24. november-<\/li>\n<li>januar- 2. februar-2. mars-23. mars- 27. april<strong>\u00a0 \u00a0 \u00a0 \u00a0 \u00a0 \u00a0 \u00a0 \u00a0 \u00a0 \u00a0 \u00a0 \u00a0 \u00a0 \u00a0 \u00a0 \u00a0 \u00a0 \u00a0 \u00a0 \u00a0 \u00a0 \u00a0 \u00a0 \u00a0 \u00a0 \u00a0 \u00a0 \u00a0 \u00a0 \u00a0 \u00a0 \u00a0 \u00a0 \u00a0 \u00a0 \u00a0 \u00a0 \u00a0 \u00a0 \u00a0 \u00a0 \u00a0 \u00a0 \u00a0 \u00a0 \u00a0 \u00a0 \u00a0 \u00a0 \u00a0 \u00a0 \u00a0 \u00a0 \u00a0 \u00a0 \u00a0 \u00a0 \u00a0 \u00a0 \u00a0 \u00a0 \u00a0 \u00a0 \u00a0 \u00a0 \u00a0 \u00a0 \u00a0 \u00a0 \u00a0 \u00a0 \u00a0 \u00a0 \u00a0 \u00a0 \u00a0 \u00a0 \u00a0 \u00a0 \u00a0 \u00a0 \u00a0 \u00a0 \u00a0 \u00a0 \u00a0 \u00a0 \u00a0 \u00a0 \u00a0 \u00a0 \u00a0\u00a0<\/strong>Konfirmasjon: l\u00f8rdag 4. mai. 2019, kl. 12.00.<\/li>\n<\/ol>\n<p>Ekstra undervisning for 3. klasse: l\u00f8rdag 11. mai\u00a02019.<\/p>\n<p>1.kommunion: l\u00f8rdag 25.mai 2019 \u2013 2 grupper kl.10.00 og 13.30.<\/p>\n<p><strong>Undervisningsdagen forl\u00f8per slik:<\/strong><\/p>\n<p>Kl. 09.45 \u2013 10.45\u00a0 Undervisning\u00a0\u00a0\u00a0\u00a0\u00a0 Kl. 11.45 \u2013 12.15\u00a0 Lunsj (mat\/drikke serveres)<\/p>\n<p>Kl. 10.45 \u2013 11.00\u00a0 Sang\u00f8velse\u00a0\u00a0\u00a0\u00a0\u00a0\u00a0\u00a0\u00a0\u00a0 Kl. 12.15 \u2013 13.00 Undervisning<\/p>\n<p>Kl. 11.00 \u2013 11.45\u00a0 Messe<strong>\u00a0\u00a0\u00a0\u00a0\u00a0\u00a0\u00a0\u00a0\u00a0\u00a0\u00a0\u00a0\u00a0\u00a0\u00a0\u00a0\u00a0\u00a0\u00a0\u00a0\u00a0\u00a0\u00a0\u00a0\u00a0\u00a0 <\/strong><\/p>\n<p><strong><u>Katekesekontingent<\/u><\/strong><\/p>\n<p><strong>Alle barna i katekesen m\u00e5 betale en kontingent som g\u00e5r til \u00e5 dekke utgifter til mat og materiell.\u00a0 Det eneste barna m\u00e5 ta med seg, er skrivesaker og evt. utdelte b\u00f8ker og permer.\u00a0 <\/strong><\/p>\n<p><strong>\u00a0<\/strong><strong>Kontingenten er kr. 150,- pr. barn pr. skole\u00e5r. (1,2, 4.-7.klasse) <\/strong><\/p>\n<p><strong>For 1. kommunionsbarn kr. 400,-.\u00a0 For 8. klasse kr. 300,-.\u00a0 <\/strong><\/p>\n<p><strong>Kontingentbetaling til konto: 1503.19.45078. Merk betalingen med barnets (barnas) navn og klasse.<\/strong><strong> \u00a0<\/strong><strong>Vi ber om at kontingenten blir betalt over nettbank.<\/strong><\/p>\n<p>Katekesen er et lokallag av NUK (Norges Unge Katolikker). Det betyr at hvert barn m\u00e5 melde seg inn p\u00e5 nytt i katekesen hvert \u00e5r.\u00a0 Alle som deltar i katekesen blir ogs\u00e5 automatisk ogs\u00e5 medlem av NUK. Hvis du ikke \u00f8nsker \u00e5 v\u00e6re medlem av NUK, krysser du av p\u00e5 innmeldingsskjemaet.\u00a0 Som medlem f\u00e5r du blader og rabatter p\u00e5 leire.\u00a0 Prisen er den samme, enten du \u00f8nsker \u00e5 v\u00e6re medlem eller ikke. <strong>\u00a0Biskopen og sognepresten <\/strong>anbefaler alle \u00e5 v\u00e6re medlem av Norges Unge Katolikker.<\/p>\n<p><strong>\u00a0<\/strong><strong>Med vennlig hilsen<\/strong><\/p>\n<p><strong>St. Birgitta menighet \/ St. Birgitta katekeselag<\/strong><\/p>\n<p><strong>Tlf: 69 30 15 20\u00a0\u00a0\u00a0\u00a0 E-post: <\/strong><a href=\"mailto:fredrikstad@katolsk.no\">fredrikstad@katolsk.no<\/a><\/p>\n<p><strong>St. Josephs gate 17, 1606 Fredrikstad<\/strong><\/p>\n<p>Katekesebrevet kan skrives herfra:\u00a0<a href=\"http:\/\/fredrikstad.katolsk.no\/wp-content\/uploads\/2018\/09\/Katekese-182209.pdf\">Katekese 182209<\/a><\/p>\n<p>Innemldingsbalnkett:\u00a0\u00a0<a href=\"http:\/\/fredrikstad.katolsk.no\/wp-content\/uploads\/2018\/09\/Innmeldingkatekesen-2018-19-enkel.pdf\">Innmeldingkatekesen 2018-19-enkel<\/a><\/p>\n","protected":false},"excerpt":{"rendered":"<p>Kj\u00e6re elever og foreldre.\u00a0 Velkommen til trosundervisning (katekese) i St. Birgitta menighet! Vi \u00f8nsker igjen velkommen til trosundervisning l\u00f8rdag den 22. september i St. Birgitta menighet. Neste undervisningsdag er det h\u00f8sttakkefest.\u00a0 Alle elever tar med seg litt frukt eller gr\u00f8nnsaker &hellip; <a href=\"https:\/\/fredrikstad.katolsk.no\/?p=5761\">Les videre <span class=\"meta-nav\">&rarr;<\/span><\/a><\/p>\n","protected":false},"author":4,"featured_media":0,"comment_status":"closed","ping_status":"open","sticky":false,"template":"","format":"standard","meta":{"footnotes":""},"categories":[33,6],"tags":[],"class_list":["post-5761","post","type-post","status-publish","format-standard","hentry","category-katekese","category-nyheter"],"_links":{"self":[{"href":"https:\/\/fredrikstad.katolsk.no\/index.php?rest_route=\/wp\/v2\/posts\/5761","targetHints":{"allow":["GET"]}}],"collection":[{"href":"https:\/\/fredrikstad.katolsk.no\/index.php?rest_route=\/wp\/v2\/posts"}],"about":[{"href":"https:\/\/fredrikstad.katolsk.no\/index.php?rest_route=\/wp\/v2\/types\/post"}],"author":[{"embeddable":true,"href":"https:\/\/fredrikstad.katolsk.no\/index.php?rest_route=\/wp\/v2\/users\/4"}],"replies":[{"embeddable":true,"href":"https:\/\/fredrikstad.katolsk.no\/index.php?rest_route=%2Fwp%2Fv2%2Fcomments&post=5761"}],"version-history":[{"count":1,"href":"https:\/\/fredrikstad.katolsk.no\/index.php?rest_route=\/wp\/v2\/posts\/5761\/revisions"}],"predecessor-version":[{"id":5764,"href":"https:\/\/fredrikstad.katolsk.no\/index.php?rest_route=\/wp\/v2\/posts\/5761\/revisions\/5764"}],"wp:attachment":[{"href":"https:\/\/fredrikstad.katolsk.no\/index.php?rest_route=%2Fwp%2Fv2%2Fmedia&parent=5761"}],"wp:term":[{"taxonomy":"category","embeddable":true,"href":"https:\/\/fredrikstad.katolsk.no\/index.php?rest_route=%2Fwp%2Fv2%2Fcategories&post=5761"},{"taxonomy":"post_tag","embeddable":true,"href":"https:\/\/fredrikstad.katolsk.no\/index.php?rest_route=%2Fwp%2Fv2%2Ftags&post=5761"}],"curies":[{"name":"wp","href":"https:\/\/api.w.org\/{rel}","templated":true}]}}