{"id":5795,"date":"2018-09-28T16:02:40","date_gmt":"2018-09-28T14:02:40","guid":{"rendered":"http:\/\/fredrikstad.katolsk.no\/?p=5795"},"modified":"2018-09-28T16:02:40","modified_gmt":"2018-09-28T14:02:40","slug":"polska-gazetka-niedzielna-de-hellige-erkeengler-mikael-gabriel-og-rafael-swieto-swietych-archaniolow-michala-gabriela-i-rafala-29-wrzesnia","status":"publish","type":"post","link":"https:\/\/fredrikstad.katolsk.no\/?p=5795","title":{"rendered":"Polska gazetka niedzielna- De hellige erkeengler Mikael, Gabriel og Rafael  &#8211; \u015awi\u0119to \u015bwi\u0119tych Archanio\u0142\u00f3w Micha\u0142a, Gabriela i Rafa\u0142a &#8211; 29 wrze\u015bnia."},"content":{"rendered":"<p><a href=\"http:\/\/fredrikstad.katolsk.no\/wp-content\/uploads\/2018\/09\/Polsk-s\u00f8ndagsblad-De-hellige-erkeengler-Mikael-Gabriel-og-Rafael-Swi\u0119to-\u015bwi\u0119tych-Archanio\u0142\u00f3w-Micha\u0142a-Gabriela-i-Rafa\u0142a-29-wrze\u015bnia..pdf\">Polsk s\u00f8ndagsblad &#8211; De hellige erkeengler Mikael, Gabriel og Rafael-Swi\u0119to \u015bwi\u0119tych Archanio\u0142\u00f3w Micha\u0142a, Gabriela i Rafa\u0142a &#8211; 29 wrze\u015bnia.<\/a><\/p>\n<p>&nbsp;<\/p>\n<p>Lesninger p\u00e5 norsk:\u00a0\u00a0<a href=\"http:\/\/fredrikstad.katolsk.no\/wp-content\/uploads\/2018\/09\/Lesninger-De-hellige-erkeengler-Mikael-Gabriel-og-Rafael-29.-september.pdf\">Lesninger De hellige erkeengler Mikael, Gabriel og Rafael (29. september)<\/a><\/p>\n","protected":false},"excerpt":{"rendered":"<p>Polsk s\u00f8ndagsblad &#8211; De hellige erkeengler Mikael, Gabriel og Rafael-Swi\u0119to \u015bwi\u0119tych Archanio\u0142\u00f3w Micha\u0142a, Gabriela i Rafa\u0142a &#8211; 29 wrze\u015bnia. &nbsp; Lesninger p\u00e5 norsk:\u00a0\u00a0Lesninger De hellige erkeengler Mikael, Gabriel og Rafael (29. september)<\/p>\n","protected":false},"author":4,"featured_media":0,"comment_status":"closed","ping_status":"open","sticky":false,"template":"","format":"standard","meta":{"footnotes":""},"categories":[6,15],"tags":[],"class_list":["post-5795","post","type-post","status-publish","format-standard","hentry","category-nyheter","category-pa-polsk"],"_links":{"self":[{"href":"https:\/\/fredrikstad.katolsk.no\/index.php?rest_route=\/wp\/v2\/posts\/5795","targetHints":{"allow":["GET"]}}],"collection":[{"href":"https:\/\/fredrikstad.katolsk.no\/index.php?rest_route=\/wp\/v2\/posts"}],"about":[{"href":"https:\/\/fredrikstad.katolsk.no\/index.php?rest_route=\/wp\/v2\/types\/post"}],"author":[{"embeddable":true,"href":"https:\/\/fredrikstad.katolsk.no\/index.php?rest_route=\/wp\/v2\/users\/4"}],"replies":[{"embeddable":true,"href":"https:\/\/fredrikstad.katolsk.no\/index.php?rest_route=%2Fwp%2Fv2%2Fcomments&post=5795"}],"version-history":[{"count":1,"href":"https:\/\/fredrikstad.katolsk.no\/index.php?rest_route=\/wp\/v2\/posts\/5795\/revisions"}],"predecessor-version":[{"id":5798,"href":"https:\/\/fredrikstad.katolsk.no\/index.php?rest_route=\/wp\/v2\/posts\/5795\/revisions\/5798"}],"wp:attachment":[{"href":"https:\/\/fredrikstad.katolsk.no\/index.php?rest_route=%2Fwp%2Fv2%2Fmedia&parent=5795"}],"wp:term":[{"taxonomy":"category","embeddable":true,"href":"https:\/\/fredrikstad.katolsk.no\/index.php?rest_route=%2Fwp%2Fv2%2Fcategories&post=5795"},{"taxonomy":"post_tag","embeddable":true,"href":"https:\/\/fredrikstad.katolsk.no\/index.php?rest_route=%2Fwp%2Fv2%2Ftags&post=5795"}],"curies":[{"name":"wp","href":"https:\/\/api.w.org\/{rel}","templated":true}]}}