{"id":5841,"date":"2018-10-18T12:08:20","date_gmt":"2018-10-18T10:08:20","guid":{"rendered":"http:\/\/fredrikstad.katolsk.no\/?p=5841"},"modified":"2018-10-19T15:42:35","modified_gmt":"2018-10-19T13:42:35","slug":"lesninger-18-oktober-evangelisten-lukas-polska-gazetka-swieto-sw-lukasza-ewangelisty-18-pazdziernika","status":"publish","type":"post","link":"https:\/\/fredrikstad.katolsk.no\/?p=5841","title":{"rendered":"Lesninger 18. oktober &#8211; Evangelisten Lukas &#8211;  Polska gazetka &#8211; \u015awi\u0119to \u015bw. \u0141ukasza, ewangelisty, 18 pa\u017adziernika."},"content":{"rendered":"<p><img loading=\"lazy\" decoding=\"async\" class=\"alignnone size-full wp-image-5843\" src=\"http:\/\/fredrikstad.katolsk.no\/wp-content\/uploads\/2018\/10\/Evangelisten-Lukas.jpg\" alt=\"Evangelisten Lukas\" width=\"466\" height=\"620\" srcset=\"https:\/\/fredrikstad.katolsk.no\/wp-content\/uploads\/2018\/10\/Evangelisten-Lukas.jpg 466w, https:\/\/fredrikstad.katolsk.no\/wp-content\/uploads\/2018\/10\/Evangelisten-Lukas-225x300.jpg 225w\" sizes=\"auto, (max-width: 466px) 100vw, 466px\" \/><\/p>\n<p>Dagens lesningene p\u00e5 norsk:\u00a0\u00a0<a href=\"http:\/\/fredrikstad.katolsk.no\/wp-content\/uploads\/2018\/10\/Lesninger-Den-hellige-Lukas-18.-oktober.pdf\">Lesninger &#8211; Den hellige Lukas (18. oktober)<\/a><\/p>\n<p>Polsku:\u00a0\u00a0<a href=\"http:\/\/fredrikstad.katolsk.no\/wp-content\/uploads\/2018\/10\/Polsk-s\u00f8ndagsblad-Evangelisten-Lukas-\u015awi\u0119to-\u015bw.-\u0141ukasza-ewangelisty-\u2013-Rok-B-18-pa\u017adziernika.pdf\">Polsk s\u00f8ndagsblad -Evangelisten Lukas &#8211; \u015awi\u0119to \u015bw. \u0141ukasza, ewangelisty \u2013 Rok B, 18 pa\u017adziernika<\/a><\/p>\n<p>Les mer p\u00e5 katolsk.no:\u00a0\u00a0<a href=\"http:\/\/www.katolsk.no\/biografier\/historisk\/lukas\">Evangelisten Lukas<\/a><\/p>\n","protected":false},"excerpt":{"rendered":"<p>Dagens lesningene p\u00e5 norsk:\u00a0\u00a0Lesninger &#8211; Den hellige Lukas (18. oktober) Polsku:\u00a0\u00a0Polsk s\u00f8ndagsblad -Evangelisten Lukas &#8211; \u015awi\u0119to \u015bw. \u0141ukasza, ewangelisty \u2013 Rok B, 18 pa\u017adziernika Les mer p\u00e5 katolsk.no:\u00a0\u00a0Evangelisten Lukas<\/p>\n","protected":false},"author":4,"featured_media":0,"comment_status":"closed","ping_status":"open","sticky":false,"template":"","format":"standard","meta":{"footnotes":""},"categories":[6,15,30],"tags":[],"class_list":["post-5841","post","type-post","status-publish","format-standard","hentry","category-nyheter","category-pa-polsk","category-sondagsbrev"],"_links":{"self":[{"href":"https:\/\/fredrikstad.katolsk.no\/index.php?rest_route=\/wp\/v2\/posts\/5841","targetHints":{"allow":["GET"]}}],"collection":[{"href":"https:\/\/fredrikstad.katolsk.no\/index.php?rest_route=\/wp\/v2\/posts"}],"about":[{"href":"https:\/\/fredrikstad.katolsk.no\/index.php?rest_route=\/wp\/v2\/types\/post"}],"author":[{"embeddable":true,"href":"https:\/\/fredrikstad.katolsk.no\/index.php?rest_route=\/wp\/v2\/users\/4"}],"replies":[{"embeddable":true,"href":"https:\/\/fredrikstad.katolsk.no\/index.php?rest_route=%2Fwp%2Fv2%2Fcomments&post=5841"}],"version-history":[{"count":4,"href":"https:\/\/fredrikstad.katolsk.no\/index.php?rest_route=\/wp\/v2\/posts\/5841\/revisions"}],"predecessor-version":[{"id":5849,"href":"https:\/\/fredrikstad.katolsk.no\/index.php?rest_route=\/wp\/v2\/posts\/5841\/revisions\/5849"}],"wp:attachment":[{"href":"https:\/\/fredrikstad.katolsk.no\/index.php?rest_route=%2Fwp%2Fv2%2Fmedia&parent=5841"}],"wp:term":[{"taxonomy":"category","embeddable":true,"href":"https:\/\/fredrikstad.katolsk.no\/index.php?rest_route=%2Fwp%2Fv2%2Fcategories&post=5841"},{"taxonomy":"post_tag","embeddable":true,"href":"https:\/\/fredrikstad.katolsk.no\/index.php?rest_route=%2Fwp%2Fv2%2Ftags&post=5841"}],"curies":[{"name":"wp","href":"https:\/\/api.w.org\/{rel}","templated":true}]}}