{"id":5860,"date":"2018-11-02T12:15:44","date_gmt":"2018-11-02T11:15:44","guid":{"rendered":"http:\/\/fredrikstad.katolsk.no\/?p=5860"},"modified":"2018-11-02T12:16:18","modified_gmt":"2018-11-02T11:16:18","slug":"sprak-cafe-mandager-kl-18-30-20-00","status":"publish","type":"post","link":"https:\/\/fredrikstad.katolsk.no\/?p=5860","title":{"rendered":"Spr\u00e5k \u2013 caf\u00e9 mandager kl. 18.30 &#8211; 20.00."},"content":{"rendered":"<p>Siden september 2018 har Caritas \u2013 gruppa i St. Birgitta katolske menighet invitert til spr\u00e5ktrening med fokus p\u00e5 daglige temaer og konversasjon. Det er ikke et vanlig spr\u00e5kkurs, og meningen er at vi skal snakke mest mulig norsk. Innholdet i kvelden formes etter innspill fra dere.<\/p>\n<p>Vi treffes hver mandag i menighetshuset mellom kl. 18.30 og kl. 20.00.<\/p>\n<p>Adressen er: St. Josephs gate 17 i Fredrikstad (ved Kirkeparken).<\/p>\n<p>Tilbudet er gratis og \u00e5pent for alle uavhengig av tro.<\/p>\n<p><u>P\u00e5melding senest kvelden f\u00f8r m\u00f8tet, dvs. innen s\u00f8ndag kl. 18.00 p\u00e5 SMS til Elzbieta mobil 90719460.<\/u><\/p>\n<p>Alle interesserte er hjertelig velkommen!<\/p>\n","protected":false},"excerpt":{"rendered":"<p>Siden september 2018 har Caritas \u2013 gruppa i St. Birgitta katolske menighet invitert til spr\u00e5ktrening med fokus p\u00e5 daglige temaer og konversasjon. Det er ikke et vanlig spr\u00e5kkurs, og meningen er at vi skal snakke mest mulig norsk. Innholdet i &hellip; <a href=\"https:\/\/fredrikstad.katolsk.no\/?p=5860\">Les videre <span class=\"meta-nav\">&rarr;<\/span><\/a><\/p>\n","protected":false},"author":4,"featured_media":0,"comment_status":"closed","ping_status":"open","sticky":false,"template":"","format":"standard","meta":{"footnotes":""},"categories":[6],"tags":[],"class_list":["post-5860","post","type-post","status-publish","format-standard","hentry","category-nyheter"],"_links":{"self":[{"href":"https:\/\/fredrikstad.katolsk.no\/index.php?rest_route=\/wp\/v2\/posts\/5860","targetHints":{"allow":["GET"]}}],"collection":[{"href":"https:\/\/fredrikstad.katolsk.no\/index.php?rest_route=\/wp\/v2\/posts"}],"about":[{"href":"https:\/\/fredrikstad.katolsk.no\/index.php?rest_route=\/wp\/v2\/types\/post"}],"author":[{"embeddable":true,"href":"https:\/\/fredrikstad.katolsk.no\/index.php?rest_route=\/wp\/v2\/users\/4"}],"replies":[{"embeddable":true,"href":"https:\/\/fredrikstad.katolsk.no\/index.php?rest_route=%2Fwp%2Fv2%2Fcomments&post=5860"}],"version-history":[{"count":2,"href":"https:\/\/fredrikstad.katolsk.no\/index.php?rest_route=\/wp\/v2\/posts\/5860\/revisions"}],"predecessor-version":[{"id":5898,"href":"https:\/\/fredrikstad.katolsk.no\/index.php?rest_route=\/wp\/v2\/posts\/5860\/revisions\/5898"}],"wp:attachment":[{"href":"https:\/\/fredrikstad.katolsk.no\/index.php?rest_route=%2Fwp%2Fv2%2Fmedia&parent=5860"}],"wp:term":[{"taxonomy":"category","embeddable":true,"href":"https:\/\/fredrikstad.katolsk.no\/index.php?rest_route=%2Fwp%2Fv2%2Fcategories&post=5860"},{"taxonomy":"post_tag","embeddable":true,"href":"https:\/\/fredrikstad.katolsk.no\/index.php?rest_route=%2Fwp%2Fv2%2Ftags&post=5860"}],"curies":[{"name":"wp","href":"https:\/\/api.w.org\/{rel}","templated":true}]}}