{"id":5900,"date":"2018-11-09T14:56:09","date_gmt":"2018-11-09T13:56:09","guid":{"rendered":"http:\/\/fredrikstad.katolsk.no\/?p=5900"},"modified":"2018-11-09T14:56:09","modified_gmt":"2018-11-09T13:56:09","slug":"lesninger-laterankirkens-vigselsfest-9-november-swieto-rocznicy-poswiecenia-bazyliki-lateranskiej-9-listopada","status":"publish","type":"post","link":"https:\/\/fredrikstad.katolsk.no\/?p=5900","title":{"rendered":"Lesninger Laterankirkens vigselsfest (9. november)- \u015awi\u0119to rocznicy po\u015bwi\u0119cenia Bazyliki Latera\u0144skiej \u2013 9 listopada."},"content":{"rendered":"<p>Dagens lesninger p\u00e5 norsk finnes her:\u00a0\u00a0<a href=\"http:\/\/fredrikstad.katolsk.no\/wp-content\/uploads\/2018\/11\/Lesninger-Laterankirkens-vigselsfest-9.-november.pdf\">Lesninger Laterankirkens vigselsfest (9. november)<\/a><\/p>\n<p>Polsku:\u00a0\u00a0<a href=\"http:\/\/fredrikstad.katolsk.no\/wp-content\/uploads\/2018\/11\/Polsk-s\u00f8ndagsblad-Laterankirkens-vigselsfest-\u015awi\u0119to-rocznicy-po\u015bwi\u0119cenia-Bazyliki-Latera\u0144skiej-\u20132018-9-listopada.pdf\">Polsk s\u00f8ndagsblad -Laterankirkens vigselsfest-\u015awi\u0119to rocznicy po\u015bwi\u0119cenia Bazyliki Latera\u0144skiej \u20132018 &#8211; 9 listopada<\/a><\/p>\n<p>&nbsp;<\/p>\n<p>&nbsp;<\/p>\n","protected":false},"excerpt":{"rendered":"<p>Dagens lesninger p\u00e5 norsk finnes her:\u00a0\u00a0Lesninger Laterankirkens vigselsfest (9. november) Polsku:\u00a0\u00a0Polsk s\u00f8ndagsblad -Laterankirkens vigselsfest-\u015awi\u0119to rocznicy po\u015bwi\u0119cenia Bazyliki Latera\u0144skiej \u20132018 &#8211; 9 listopada &nbsp; &nbsp;<\/p>\n","protected":false},"author":4,"featured_media":0,"comment_status":"closed","ping_status":"open","sticky":false,"template":"","format":"standard","meta":{"footnotes":""},"categories":[6,15,30],"tags":[],"class_list":["post-5900","post","type-post","status-publish","format-standard","hentry","category-nyheter","category-pa-polsk","category-sondagsbrev"],"_links":{"self":[{"href":"https:\/\/fredrikstad.katolsk.no\/index.php?rest_route=\/wp\/v2\/posts\/5900","targetHints":{"allow":["GET"]}}],"collection":[{"href":"https:\/\/fredrikstad.katolsk.no\/index.php?rest_route=\/wp\/v2\/posts"}],"about":[{"href":"https:\/\/fredrikstad.katolsk.no\/index.php?rest_route=\/wp\/v2\/types\/post"}],"author":[{"embeddable":true,"href":"https:\/\/fredrikstad.katolsk.no\/index.php?rest_route=\/wp\/v2\/users\/4"}],"replies":[{"embeddable":true,"href":"https:\/\/fredrikstad.katolsk.no\/index.php?rest_route=%2Fwp%2Fv2%2Fcomments&post=5900"}],"version-history":[{"count":1,"href":"https:\/\/fredrikstad.katolsk.no\/index.php?rest_route=\/wp\/v2\/posts\/5900\/revisions"}],"predecessor-version":[{"id":5903,"href":"https:\/\/fredrikstad.katolsk.no\/index.php?rest_route=\/wp\/v2\/posts\/5900\/revisions\/5903"}],"wp:attachment":[{"href":"https:\/\/fredrikstad.katolsk.no\/index.php?rest_route=%2Fwp%2Fv2%2Fmedia&parent=5900"}],"wp:term":[{"taxonomy":"category","embeddable":true,"href":"https:\/\/fredrikstad.katolsk.no\/index.php?rest_route=%2Fwp%2Fv2%2Fcategories&post=5900"},{"taxonomy":"post_tag","embeddable":true,"href":"https:\/\/fredrikstad.katolsk.no\/index.php?rest_route=%2Fwp%2Fv2%2Ftags&post=5900"}],"curies":[{"name":"wp","href":"https:\/\/api.w.org\/{rel}","templated":true}]}}