{"id":5920,"date":"2018-11-16T16:35:01","date_gmt":"2018-11-16T15:35:01","guid":{"rendered":"http:\/\/fredrikstad.katolsk.no\/?p=5920"},"modified":"2018-11-16T16:41:33","modified_gmt":"2018-11-16T15:41:33","slug":"trosundervisning-lordag-24-november-kl-9-45","status":"publish","type":"post","link":"https:\/\/fredrikstad.katolsk.no\/?p=5920","title":{"rendered":"Trosundervisning l\u00f8rdag 24. november kl. 9.45."},"content":{"rendered":"<p><strong><u>Kj\u00e6re elever og foreldre.\u00a0 Velkommen til trosundervisning (katekese) i St. Birgitta menighet!<\/u><\/strong><\/p>\n<p>Vi \u00f8nsker igjen velkommen til trosundervisning<strong> l\u00f8rdag den 24. november<\/strong> i St. Birgitta menighet. Neste undervisningsdag er det ADVENT som st\u00e5r i sentrum.<\/p>\n<p><strong>\u00a0<\/strong><\/p>\n<p><strong><u>L\u00f8rdagen 24. november vil det <\/u><\/strong><strong><u>for alle barn bli <\/u><\/strong><strong><u>en halv time med \u00f8velse av sang til f\u00f8rjulskonserten den 15. desember.\u00a0 <\/u><\/strong><strong><u>\u00d8velsene vil vare fra kl. 13.00 til kl. 13.30.\u00a0 <\/u><\/strong><strong>Vi ber foreldre om \u00e5 hente barna presis.<\/strong><\/p>\n<p><strong>\u00a0<\/strong><\/p>\n<p><strong>Felles lunsj \u2013 alle foreldre kommer til \u00e5 delta med oppgaver: kj\u00f8kken og barnepass.<\/strong><\/p>\n<p>Det er foreldre til barn i 4. klasse, som er bedt om \u00e5 hjelpe 24. november. Det gir ogs\u00e5 foreldre anledning til \u00e5 delta i messen med barna. <strong>Det er behov for ca. 5 personer hver gang \u2013 for \u00e5 hjelpe med lunsj, servering \/rydding og passe barna i friminutt.<\/strong><\/p>\n<p><strong>\u00a0<\/strong><\/p>\n<p><strong>Foreldre skal komme kl. 10.00 og forberede lunsjen p\u00e5 kj\u00f8kkenet.<\/strong><\/p>\n<p><strong>Foreldre til 4. klasse<\/strong> <u>skal komme <strong>kl. 10.00<\/strong>, jobbe 1 time, delta i messen \/ servere og passe <\/u>barn.\u00a0 Vennligst <u>gi tilbakemelding til katekeseleder Elzbieta Hagen p\u00e5 mail: <\/u><a href=\"mailto:Elzbieta.hagen@gmail.com\">elzbieta.hagen@gmail.com<\/a><u> eller mobil: <\/u><u>907 19 460<\/u><u> <strong>\u00a0innen torsdag 22. november<\/strong>, om hvem som kommer og n\u00e5r 24. november.<\/u>\u00a0 Vennligst gi ogs\u00e5 beskjed om man ikke kan!<\/p>\n<p><strong>Undervisningsl\u00f8rdager for skole\u00e5ret 2018\/2019:<\/strong><\/p>\n<p><strong>24<\/strong><strong>. november<\/strong> &#8211; 5. januar &#8211; 2. februar -2. mars -23. mars &#8211; april.<\/p>\n<p><strong>\u00a0\u00a0\u00a0\u00a0\u00a0\u00a0\u00a0\u00a0\u00a0\u00a0\u00a0\u00a0\u00a0\u00a0\u00a0\u00a0\u00a0\u00a0\u00a0\u00a0\u00a0\u00a0\u00a0\u00a0\u00a0\u00a0\u00a0\u00a0\u00a0\u00a0\u00a0\u00a0\u00a0\u00a0\u00a0\u00a0\u00a0\u00a0\u00a0\u00a0\u00a0\u00a0\u00a0\u00a0\u00a0\u00a0 <\/strong><strong>\u00a0\u00a0\u00a0\u00a0\u00a0\u00a0\u00a0\u00a0\u00a0\u00a0\u00a0\u00a0\u00a0\u00a0\u00a0\u00a0\u00a0\u00a0\u00a0\u00a0\u00a0\u00a0\u00a0\u00a0\u00a0\u00a0\u00a0\u00a0\u00a0\u00a0\u00a0\u00a0\u00a0\u00a0 <\/strong><\/p>\n<p>Konfirmasjon: l\u00f8rdag 4. mai. 2019, kl. 12.00.<\/p>\n<p>Ekstra undervisning for 3. klasse: l\u00f8rdag 11. mai\u00a02019.<\/p>\n<p>1.kommunion: l\u00f8rdag 25.mai 2019 \u2013 2 grupper kl.10.00 og 13.30.<\/p>\n<p><strong>\u00a0<\/strong><\/p>\n<p><strong>Undervisningsdagen forl\u00f8per slik:<\/strong><\/p>\n<p>Kl. 09.45 \u2013 10.45\u00a0\u00a0\u00a0\u00a0\u00a0\u00a0\u00a0 Undervisning \u00a0\u00a0\u00a0\u00a0\u00a0\u00a0\u00a0\u00a0\u00a0\u00a0\u00a0\u00a0\u00a0\u00a0\u00a0\u00a0\u00a0\u00a0\u00a0\u00a0\u00a0\u00a0\u00a0 Kl. 11.45 \u2013 12.15\u00a0\u00a0\u00a0\u00a0\u00a0\u00a0\u00a0 Lunsj (mat\/drikke serveres)<\/p>\n<p>Kl. 10.45 \u2013 11.00\u00a0\u00a0\u00a0\u00a0\u00a0\u00a0\u00a0 Sang\u00f8velse\u00a0\u00a0\u00a0\u00a0\u00a0\u00a0\u00a0\u00a0\u00a0\u00a0\u00a0\u00a0\u00a0\u00a0\u00a0 \u00a0\u00a0\u00a0\u00a0\u00a0\u00a0\u00a0\u00a0\u00a0\u00a0\u00a0 Kl. 12.15 \u2013 13.00 \u00a0\u00a0\u00a0\u00a0\u00a0\u00a0 Undervisning<\/p>\n<p>Kl. 11.00 \u2013 11.45\u00a0\u00a0\u00a0\u00a0\u00a0\u00a0\u00a0 Messe\u00a0\u00a0\u00a0\u00a0\u00a0\u00a0\u00a0\u00a0\u00a0\u00a0\u00a0\u00a0 \u00a0\u00a0\u00a0\u00a0\u00a0\u00a0\u00a0\u00a0\u00a0\u00a0\u00a0 \u00a0\u00a0\u00a0\u00a0\u00a0\u00a0\u00a0\u00a0\u00a0\u00a0\u00a0 <strong>Kl.\u00a0 13.00 \u2013 13.30\u00a0\u00a0\u00a0\u00a0\u00a0 \u00d8velse til f\u00f8rjulskonsert<\/strong><\/p>\n<p><strong>\u00a0<\/strong><\/p>\n<p><strong><u>Katekesekontingent<\/u><\/strong><\/p>\n<p><strong>Alle barna i katekesen m\u00e5 betale en kontingent som g\u00e5r til \u00e5 dekke utgifter til mat og materiell.\u00a0 Det eneste barna m\u00e5 ta med seg, er skrivesaker og evt. utdelte b\u00f8ker og permer.\u00a0 <\/strong><\/p>\n<p><strong>\u00a0<\/strong><\/p>\n<p><strong>Kontingenten er kr. 150,- pr. barn pr. skole\u00e5r (1,2,4-7.klasse).\u00a0 For 1. kommunionsbarn kr. 400,-.\u00a0 For 8. klasse kr. 300,-.\u00a0 <\/strong><strong>Kontingentbetaling til konto: 1503.19.45078. Merk betalingen med barnets (barnas) navn og klasse.<\/strong><strong> \u00a0<\/strong><strong>Vi ber om at kontingenten blir betalt over nettbank.<\/strong><\/p>\n<p>&nbsp;<\/p>\n<p>Katekesen er et lokallag av NUK (Norges Unge Katolikker). Det betyr at hvert barn m\u00e5 melde seg inn p\u00e5 nytt i katekesen hvert \u00e5r.\u00a0 Alle som deltar i katekesen blir ogs\u00e5 automatisk ogs\u00e5 medlem av NUK. Hvis du ikke \u00f8nsker \u00e5 v\u00e6re medlem av NUK, krysser du av p\u00e5 innmeldingsskjemaet.\u00a0 Som medlem f\u00e5r du blader og rabatter p\u00e5 leire.\u00a0 Prisen er den samme, enten du \u00f8nsker \u00e5 v\u00e6re medlem eller ikke. <strong>\u00a0Biskopen og sognepresten <\/strong>anbefaler alle \u00e5 v\u00e6re medlem av Norges Unge Katolikker.<\/p>\n<p><strong>\u00a0<\/strong><\/p>\n<p><strong>Med vennlig hilsen<\/strong><\/p>\n<p><strong>St. Birgitta menighet \/ St. Birgitta katekeselag<\/strong><\/p>\n<p><strong>Tlf: 69 30 15 20\u00a0\u00a0\u00a0\u00a0 E-post: <\/strong><a href=\"mailto:fredrikstad@katolsk.no\">fredrikstad@katolsk.no<\/a><\/p>\n<p><strong>St. Josephs gate 17, 1606 Fredrikstad<\/strong><\/p>\n<p>Vi ber foreldre om \u00e5 ikke forstyrre undervisningen f\u00f8r den er avsluttet kl.13.30, Det gjelder s\u00e6rlig lokaler som har utsikt mot g\u00e5rdsplassen.<\/p>\n<p>Brevet i pdf:\u00a0\u00a0<a href=\"http:\/\/fredrikstad.katolsk.no\/wp-content\/uploads\/2018\/11\/Katekese-181124.pdf\">Katekese 181124<\/a><\/p>\n","protected":false},"excerpt":{"rendered":"<p>Kj\u00e6re elever og foreldre.\u00a0 Velkommen til trosundervisning (katekese) i St. Birgitta menighet! Vi \u00f8nsker igjen velkommen til trosundervisning l\u00f8rdag den 24. november i St. Birgitta menighet. Neste undervisningsdag er det ADVENT som st\u00e5r i sentrum. \u00a0 L\u00f8rdagen 24. november vil &hellip; <a href=\"https:\/\/fredrikstad.katolsk.no\/?p=5920\">Les videre <span class=\"meta-nav\">&rarr;<\/span><\/a><\/p>\n","protected":false},"author":4,"featured_media":0,"comment_status":"closed","ping_status":"open","sticky":false,"template":"","format":"standard","meta":{"footnotes":""},"categories":[33,6],"tags":[],"class_list":["post-5920","post","type-post","status-publish","format-standard","hentry","category-katekese","category-nyheter"],"_links":{"self":[{"href":"https:\/\/fredrikstad.katolsk.no\/index.php?rest_route=\/wp\/v2\/posts\/5920","targetHints":{"allow":["GET"]}}],"collection":[{"href":"https:\/\/fredrikstad.katolsk.no\/index.php?rest_route=\/wp\/v2\/posts"}],"about":[{"href":"https:\/\/fredrikstad.katolsk.no\/index.php?rest_route=\/wp\/v2\/types\/post"}],"author":[{"embeddable":true,"href":"https:\/\/fredrikstad.katolsk.no\/index.php?rest_route=\/wp\/v2\/users\/4"}],"replies":[{"embeddable":true,"href":"https:\/\/fredrikstad.katolsk.no\/index.php?rest_route=%2Fwp%2Fv2%2Fcomments&post=5920"}],"version-history":[{"count":3,"href":"https:\/\/fredrikstad.katolsk.no\/index.php?rest_route=\/wp\/v2\/posts\/5920\/revisions"}],"predecessor-version":[{"id":5925,"href":"https:\/\/fredrikstad.katolsk.no\/index.php?rest_route=\/wp\/v2\/posts\/5920\/revisions\/5925"}],"wp:attachment":[{"href":"https:\/\/fredrikstad.katolsk.no\/index.php?rest_route=%2Fwp%2Fv2%2Fmedia&parent=5920"}],"wp:term":[{"taxonomy":"category","embeddable":true,"href":"https:\/\/fredrikstad.katolsk.no\/index.php?rest_route=%2Fwp%2Fv2%2Fcategories&post=5920"},{"taxonomy":"post_tag","embeddable":true,"href":"https:\/\/fredrikstad.katolsk.no\/index.php?rest_route=%2Fwp%2Fv2%2Ftags&post=5920"}],"curies":[{"name":"wp","href":"https:\/\/api.w.org\/{rel}","templated":true}]}}